{"id":97857913,"date":"2015-04-22T14:30:00","date_gmt":"2015-04-22T12:30:00","guid":{"rendered":"https:\/\/fundacion-biodiversidad.es\/actualidad_home\/the-importance-of-joining-forces-in-the-conservation-of-the-cantabrian-capercaillie\/"},"modified":"2015-04-22T14:30:00","modified_gmt":"2015-04-22T12:30:00","slug":"the-importance-of-joining-forces-in-the-conservation-of-the-cantabrian-capercaillie","status":"publish","type":"actualidad_home","link":"https:\/\/fundacion-biodiversidad.es\/en\/actualidad_home\/the-importance-of-joining-forces-in-the-conservation-of-the-cantabrian-capercaillie\/","title":{"rendered":"The importance of joining forces in the conservation of the Cantabrian capercaillie"},"content":{"rendered":"<p>The Biodiversity Foundation of the Ministry of Agriculture, Food and the Environment has held an informative seminar in Potes (Cantabria), in which the <strong><a href=\"http:\/\/fundacion-biodiversidad.es\/sites\/default\/files\/notas\/150422seminarioinformativolifeurogallo.pdf\" target=\"_blank\" rel=\"noopener\">situation of the Cantabrian capercaillie<\/a> <\/strong>has been addressed and the main management measures promoted within the framework of the <a href=\"http:\/\/lifeurogallo.es\/\" rel=\"nofollow noopener\" target=\"_blank\"><strong>LIFE+ Cantabrian capercaillie project<\/strong><\/a> for the conservation of this endangered species have been presented.<br \/>\n&nbsp;<br \/>  At the opening of the seminar &#8216;<em>Advances on the LIFE+ Cantabrian Capercaillie project&#8217;<\/em>, the director of the Biodiversity Foundation, <strong>Sonia Casta\u00f1eda<\/strong>, stressed that &#8220;the LIFE+ Cantabrian Capercaillie project has managed for the first time <strong><a href=\"http:\/\/lifeurogallo.es\/es\/proyecto\/equipo\" rel=\"nofollow noopener\" target=\"_blank\">to combine the efforts of the state administration, the autonomous communities involved in the management of the Cantabrian capercaillie, civil society and the business sector <\/a><\/strong>in the conservation of this endemic subspecies of the Cantabrian Mountains&#8221;.<br \/>\n&nbsp;<br \/>  During the conference, which was attended by representatives of all the project partners, the main initiatives that have been carried out since the beginning of the project were presented. Among the actions, <strong>scrub clearing and tree treatments<\/strong> have been carried out, to promote the growth of blueberries and other shrubs, key in the diet of the species. More than 30 km of power lines and dangerous livestock fences have also been removed or signposted, with the participation of 72 volunteers.  <br \/>\n&nbsp;<br \/>  Likewise, the first experiences of<a href=\"http:\/\/fundacion-biodiversidad.es\/prensa\/actualidad\/liberados-3-ejemplares-de-urogallo-cantabrcico-criados-en-cautividad\" target=\"_blank\" rel=\"noopener\"> <strong>releasing specimens into the natural environment<\/strong><\/a> have been carried out, which, after spending two months in the wild in which they fed autonomously, died from various causes, such as predation or the snowstorm that hit the area at that time.<br \/>\n&nbsp;<br \/>  This LIFE+ project &#8220;Programme of urgent actions for the conservation of the capercaillie and its habitat in the Cantabrian Mountains&#8221; has as its fundamental objective to stop the decline of this subspecies exclusive to the Northwest of the Iberian Peninsula and promote its recovery, as it is one of the most endangered species in the Iberian Peninsula.<br \/>\n&nbsp;<br \/>\n&nbsp;<\/p>\n","protected":false},"author":11,"featured_media":35559,"template":"","meta":{"_acf_changed":false},"palabras_clave":[35,34,202,221,220],"class_list":["post-97857913","actualidad_home","type-actualidad_home","status-publish","has-post-thumbnail","hentry","palabras_clave-biodiversidad","palabras_clave-fundacion-biodiversidad","palabras_clave-life","palabras_clave-seminario","palabras_clave-urogallo-cantabrico"],"acf":[],"yoast_head":"<!-- This site is optimized with the Yoast SEO plugin v26.9 - https:\/\/yoast.com\/product\/yoast-seo-wordpress\/ -->\n<title>The importance of joining forces in the conservation of the Cantabrian capercaillie - Fundaci\u00f3n Biodiversidad<\/title>\n<meta name=\"robots\" content=\"index, follow, max-snippet:-1, max-image-preview:large, max-video-preview:-1\" \/>\n<link rel=\"canonical\" href=\"https:\/\/fundacion-biodiversidad.es\/en\/actualidad_home\/the-importance-of-joining-forces-in-the-conservation-of-the-cantabrian-capercaillie\/\" \/>\n<meta property=\"og:locale\" content=\"en_US\" \/>\n<meta property=\"og:type\" content=\"article\" \/>\n<meta property=\"og:title\" content=\"The importance of joining forces in the conservation of the Cantabrian capercaillie - Fundaci\u00f3n Biodiversidad\" \/>\n<meta property=\"og:description\" content=\"The Biodiversity Foundation of the Ministry of Agriculture, Food and the Environment has held an informative seminar in Potes (Cantabria), in which the situation of [&hellip;]\" \/>\n<meta property=\"og:url\" content=\"https:\/\/fundacion-biodiversidad.es\/en\/actualidad_home\/the-importance-of-joining-forces-in-the-conservation-of-the-cantabrian-capercaillie\/\" \/>\n<meta property=\"og:site_name\" content=\"Fundaci\u00f3n Biodiversidad\" \/>\n<meta property=\"og:image\" content=\"https:\/\/fundacion-biodiversidad.es\/wp-content\/uploads\/2023\/01\/2487661294_35330241_720x405.png\" \/>\n\t<meta property=\"og:image:width\" content=\"720\" \/>\n\t<meta property=\"og:image:height\" content=\"405\" \/>\n\t<meta property=\"og:image:type\" content=\"image\/png\" \/>\n<meta name=\"twitter:card\" content=\"summary_large_image\" \/>\n<meta name=\"twitter:label1\" content=\"Est. reading time\" \/>\n\t<meta name=\"twitter:data1\" content=\"2 minutes\" \/>\n<script type=\"application\/ld+json\" class=\"yoast-schema-graph\">{\"@context\":\"https:\/\/schema.org\",\"@graph\":[{\"@type\":\"WebPage\",\"@id\":\"https:\/\/fundacion-biodiversidad.es\/en\/actualidad_home\/the-importance-of-joining-forces-in-the-conservation-of-the-cantabrian-capercaillie\/\",\"url\":\"https:\/\/fundacion-biodiversidad.es\/en\/actualidad_home\/the-importance-of-joining-forces-in-the-conservation-of-the-cantabrian-capercaillie\/\",\"name\":\"The importance of joining forces in the conservation of the Cantabrian capercaillie - Fundaci\u00f3n Biodiversidad\",\"isPartOf\":{\"@id\":\"https:\/\/fundacion-biodiversidad.es\/en\/#website\"},\"primaryImageOfPage\":{\"@id\":\"https:\/\/fundacion-biodiversidad.es\/en\/actualidad_home\/the-importance-of-joining-forces-in-the-conservation-of-the-cantabrian-capercaillie\/#primaryimage\"},\"image\":{\"@id\":\"https:\/\/fundacion-biodiversidad.es\/en\/actualidad_home\/the-importance-of-joining-forces-in-the-conservation-of-the-cantabrian-capercaillie\/#primaryimage\"},\"thumbnailUrl\":\"https:\/\/fundacion-biodiversidad.es\/wp-content\/uploads\/2015\/04\/seminario-urogallo-cantabrico-potes-scaled.jpg\",\"datePublished\":\"2015-04-22T12:30:00+00:00\",\"breadcrumb\":{\"@id\":\"https:\/\/fundacion-biodiversidad.es\/en\/actualidad_home\/the-importance-of-joining-forces-in-the-conservation-of-the-cantabrian-capercaillie\/#breadcrumb\"},\"inLanguage\":\"en-US\",\"potentialAction\":[{\"@type\":\"ReadAction\",\"target\":[\"https:\/\/fundacion-biodiversidad.es\/en\/actualidad_home\/the-importance-of-joining-forces-in-the-conservation-of-the-cantabrian-capercaillie\/\"]}]},{\"@type\":\"ImageObject\",\"inLanguage\":\"en-US\",\"@id\":\"https:\/\/fundacion-biodiversidad.es\/en\/actualidad_home\/the-importance-of-joining-forces-in-the-conservation-of-the-cantabrian-capercaillie\/#primaryimage\",\"url\":\"https:\/\/fundacion-biodiversidad.es\/wp-content\/uploads\/2015\/04\/seminario-urogallo-cantabrico-potes-scaled.jpg\",\"contentUrl\":\"https:\/\/fundacion-biodiversidad.es\/wp-content\/uploads\/2015\/04\/seminario-urogallo-cantabrico-potes-scaled.jpg\",\"width\":2560,\"height\":1830},{\"@type\":\"BreadcrumbList\",\"@id\":\"https:\/\/fundacion-biodiversidad.es\/en\/actualidad_home\/the-importance-of-joining-forces-in-the-conservation-of-the-cantabrian-capercaillie\/#breadcrumb\",\"itemListElement\":[{\"@type\":\"ListItem\",\"position\":1,\"name\":\"Portada\",\"item\":\"https:\/\/fundacion-biodiversidad.es\/en\/inicio\/\"},{\"@type\":\"ListItem\",\"position\":2,\"name\":\"Noticias de actualidad\",\"item\":\"https:\/\/fundacion-biodiversidad.es\/en\/actualidad_home\/\"},{\"@type\":\"ListItem\",\"position\":3,\"name\":\"The importance of joining forces in the conservation of the Cantabrian capercaillie\"}]},{\"@type\":\"WebSite\",\"@id\":\"https:\/\/fundacion-biodiversidad.es\/en\/#website\",\"url\":\"https:\/\/fundacion-biodiversidad.es\/en\/\",\"name\":\"Fundaci\u00f3n Biodiversidad\",\"description\":\"Fundaci\u00f3n p\u00fablica adscrita al Ministerio para la Transici\u00f3n Ecol\u00f3gica\",\"potentialAction\":[{\"@type\":\"SearchAction\",\"target\":{\"@type\":\"EntryPoint\",\"urlTemplate\":\"https:\/\/fundacion-biodiversidad.es\/en\/?s={search_term_string}\"},\"query-input\":{\"@type\":\"PropertyValueSpecification\",\"valueRequired\":true,\"valueName\":\"search_term_string\"}}],\"inLanguage\":\"en-US\"}]}<\/script>\n<!-- \/ Yoast SEO plugin. -->","yoast_head_json":{"title":"The importance of joining forces in the conservation of the Cantabrian capercaillie - Fundaci\u00f3n Biodiversidad","robots":{"index":"index","follow":"follow","max-snippet":"max-snippet:-1","max-image-preview":"max-image-preview:large","max-video-preview":"max-video-preview:-1"},"canonical":"https:\/\/fundacion-biodiversidad.es\/en\/actualidad_home\/the-importance-of-joining-forces-in-the-conservation-of-the-cantabrian-capercaillie\/","og_locale":"en_US","og_type":"article","og_title":"The importance of joining forces in the conservation of the Cantabrian capercaillie - Fundaci\u00f3n Biodiversidad","og_description":"The Biodiversity Foundation of the Ministry of Agriculture, Food and the Environment has held an informative seminar in Potes (Cantabria), in which the situation of [&hellip;]","og_url":"https:\/\/fundacion-biodiversidad.es\/en\/actualidad_home\/the-importance-of-joining-forces-in-the-conservation-of-the-cantabrian-capercaillie\/","og_site_name":"Fundaci\u00f3n Biodiversidad","og_image":[{"width":720,"height":405,"url":"https:\/\/fundacion-biodiversidad.es\/wp-content\/uploads\/2023\/01\/2487661294_35330241_720x405.png","type":"image\/png"}],"twitter_card":"summary_large_image","twitter_misc":{"Est. reading time":"2 minutes"},"schema":{"@context":"https:\/\/schema.org","@graph":[{"@type":"WebPage","@id":"https:\/\/fundacion-biodiversidad.es\/en\/actualidad_home\/the-importance-of-joining-forces-in-the-conservation-of-the-cantabrian-capercaillie\/","url":"https:\/\/fundacion-biodiversidad.es\/en\/actualidad_home\/the-importance-of-joining-forces-in-the-conservation-of-the-cantabrian-capercaillie\/","name":"The importance of joining forces in the conservation of the Cantabrian capercaillie - Fundaci\u00f3n Biodiversidad","isPartOf":{"@id":"https:\/\/fundacion-biodiversidad.es\/en\/#website"},"primaryImageOfPage":{"@id":"https:\/\/fundacion-biodiversidad.es\/en\/actualidad_home\/the-importance-of-joining-forces-in-the-conservation-of-the-cantabrian-capercaillie\/#primaryimage"},"image":{"@id":"https:\/\/fundacion-biodiversidad.es\/en\/actualidad_home\/the-importance-of-joining-forces-in-the-conservation-of-the-cantabrian-capercaillie\/#primaryimage"},"thumbnailUrl":"https:\/\/fundacion-biodiversidad.es\/wp-content\/uploads\/2015\/04\/seminario-urogallo-cantabrico-potes-scaled.jpg","datePublished":"2015-04-22T12:30:00+00:00","breadcrumb":{"@id":"https:\/\/fundacion-biodiversidad.es\/en\/actualidad_home\/the-importance-of-joining-forces-in-the-conservation-of-the-cantabrian-capercaillie\/#breadcrumb"},"inLanguage":"en-US","potentialAction":[{"@type":"ReadAction","target":["https:\/\/fundacion-biodiversidad.es\/en\/actualidad_home\/the-importance-of-joining-forces-in-the-conservation-of-the-cantabrian-capercaillie\/"]}]},{"@type":"ImageObject","inLanguage":"en-US","@id":"https:\/\/fundacion-biodiversidad.es\/en\/actualidad_home\/the-importance-of-joining-forces-in-the-conservation-of-the-cantabrian-capercaillie\/#primaryimage","url":"https:\/\/fundacion-biodiversidad.es\/wp-content\/uploads\/2015\/04\/seminario-urogallo-cantabrico-potes-scaled.jpg","contentUrl":"https:\/\/fundacion-biodiversidad.es\/wp-content\/uploads\/2015\/04\/seminario-urogallo-cantabrico-potes-scaled.jpg","width":2560,"height":1830},{"@type":"BreadcrumbList","@id":"https:\/\/fundacion-biodiversidad.es\/en\/actualidad_home\/the-importance-of-joining-forces-in-the-conservation-of-the-cantabrian-capercaillie\/#breadcrumb","itemListElement":[{"@type":"ListItem","position":1,"name":"Portada","item":"https:\/\/fundacion-biodiversidad.es\/en\/inicio\/"},{"@type":"ListItem","position":2,"name":"Noticias de actualidad","item":"https:\/\/fundacion-biodiversidad.es\/en\/actualidad_home\/"},{"@type":"ListItem","position":3,"name":"The importance of joining forces in the conservation of the Cantabrian capercaillie"}]},{"@type":"WebSite","@id":"https:\/\/fundacion-biodiversidad.es\/en\/#website","url":"https:\/\/fundacion-biodiversidad.es\/en\/","name":"Fundaci\u00f3n Biodiversidad","description":"Fundaci\u00f3n p\u00fablica adscrita al Ministerio para la Transici\u00f3n Ecol\u00f3gica","potentialAction":[{"@type":"SearchAction","target":{"@type":"EntryPoint","urlTemplate":"https:\/\/fundacion-biodiversidad.es\/en\/?s={search_term_string}"},"query-input":{"@type":"PropertyValueSpecification","valueRequired":true,"valueName":"search_term_string"}}],"inLanguage":"en-US"}]}},"_links":{"self":[{"href":"https:\/\/fundacion-biodiversidad.es\/en\/wp-json\/wp\/v2\/actualidad_home\/97857913","targetHints":{"allow":["GET"]}}],"collection":[{"href":"https:\/\/fundacion-biodiversidad.es\/en\/wp-json\/wp\/v2\/actualidad_home"}],"about":[{"href":"https:\/\/fundacion-biodiversidad.es\/en\/wp-json\/wp\/v2\/types\/actualidad_home"}],"author":[{"embeddable":true,"href":"https:\/\/fundacion-biodiversidad.es\/en\/wp-json\/wp\/v2\/users\/11"}],"wp:featuredmedia":[{"embeddable":true,"href":"https:\/\/fundacion-biodiversidad.es\/en\/wp-json\/wp\/v2\/media\/35559"}],"wp:attachment":[{"href":"https:\/\/fundacion-biodiversidad.es\/en\/wp-json\/wp\/v2\/media?parent=97857913"}],"wp:term":[{"taxonomy":"palabras_clave","embeddable":true,"href":"https:\/\/fundacion-biodiversidad.es\/en\/wp-json\/wp\/v2\/palabras_clave?post=97857913"}],"curies":[{"name":"wp","href":"https:\/\/api.w.org\/{rel}","templated":true}]}}