{"id":97857915,"date":"2015-03-18T13:57:28","date_gmt":"2015-03-18T12:57:28","guid":{"rendered":"https:\/\/fundacion-biodiversidad.es\/actualidad_home\/cuenca-hosts-the-exhibition-aquaculture-discover-it\/"},"modified":"2015-03-18T13:57:28","modified_gmt":"2015-03-18T12:57:28","slug":"cuenca-hosts-the-exhibition-aquaculture-discover-it","status":"publish","type":"actualidad_home","link":"https:\/\/fundacion-biodiversidad.es\/en\/actualidad_home\/cuenca-hosts-the-exhibition-aquaculture-discover-it\/","title":{"rendered":"Cuenca hosts the exhibition &#8220;Aquaculture? Discover it&#8221;"},"content":{"rendered":"<p>The Secretary General of Fisheries of the Ministry of Agriculture, Food and the Environment, Andr\u00e9s Hermida, has inaugurated at the Science Museum of Castilla-La Mancha, in Cuenca, the exhibition <strong>&#8220;Aquaculture? Discover it&#8221;,<\/strong> which promoted by the Ministry&#8217;s Biodiversity Foundation, can be visited <strong>until next October<\/strong>. There he explained how his objective is &#8220;<strong>to bring society closer to the reality and prospects of a strategic sector, which contributes to the contribution of quality proteins, sustainable development and job creation<\/strong>&#8220;.<\/p>\n<p> The exhibition, explained the Secretary General, allows us to learn about the origins and history of aquaculture to the present day, its evolution in productive terms, the particularities of marine and continental farming and the main farmed species. He also indicated,  &nbsp;&nbsp;it informs about the role that these products play in our food, the importance of R+D+i and the relevance of this activity in sustainable development and international cooperation.<\/p>\n<p> Hermida also highlighted the weight of Spanish aquaculture in Europe, where <strong>it leads the production figures with more than 220,000 tonnes produced in 2013<\/strong>.&nbsp;&nbsp;and an economic value of 431 million euros.&nbsp;&nbsp;Also&nbsp;&nbsp;He highlighted its impact in socio-economic terms, since the Spanish aquaculture sector directly employs more than 20,000 workers in the more than 5,000 establishments dedicated to aquaculture, both marine and continental.<\/p>\n<p>  Thanks to this activity, the Secretary General explained, in the last fifty years, <strong>the consumption of fishery products in the world has doubled <\/strong>due, among other things, to the global growth experienced by aquaculture.<\/p>\n<p>  The exhibition is part of one of the <strong>37 strategic actions included in the Multiannual Strategic Plan for Spanish Aquaculture 2014-2020,<\/strong> prepared by the Ministry of Agriculture, Food and the Environment, which was approved in 2014.&nbsp;This Plan aims to relaunch Spanish aquaculture in terms of production, economics and job creation, in the period 2014-2020. To this end, 37 strategic actions have been defined, in collaboration with the autonomous communities and the production sector, at a national level and around 380 regional actions, which should be implemented in the coming years, enabling Spanish aquaculture to continue &nbsp;&nbsp;leading European aquaculture.<\/p>\n<p>  These actions are framed within 8 strategic lines that address the key aspects for the development of the sector, such as administrative simplification, spatial planning, environmental aspects, animal health and welfare, R+D+i, training, market aspects and communication and image.<\/p>\n","protected":false},"author":11,"featured_media":35548,"template":"","meta":{"_acf_changed":false},"palabras_clave":[198,199,99,93],"class_list":["post-97857915","actualidad_home","type-actualidad_home","status-publish","has-post-thumbnail","hentry","palabras_clave-acuicultura","palabras_clave-exposicion","palabras_clave-mar","palabras_clave-pesca"],"acf":[],"yoast_head":"<!-- This site is optimized with the Yoast SEO plugin v26.9 - https:\/\/yoast.com\/product\/yoast-seo-wordpress\/ -->\n<title>Cuenca hosts the exhibition &quot;Aquaculture? Discover it&quot; - Fundaci\u00f3n Biodiversidad<\/title>\n<meta name=\"robots\" content=\"index, follow, max-snippet:-1, max-image-preview:large, max-video-preview:-1\" \/>\n<link rel=\"canonical\" href=\"https:\/\/fundacion-biodiversidad.es\/en\/actualidad_home\/cuenca-hosts-the-exhibition-aquaculture-discover-it\/\" \/>\n<meta property=\"og:locale\" content=\"en_US\" \/>\n<meta property=\"og:type\" content=\"article\" \/>\n<meta property=\"og:title\" content=\"Cuenca hosts the exhibition &quot;Aquaculture? Discover it&quot; - Fundaci\u00f3n Biodiversidad\" \/>\n<meta property=\"og:description\" content=\"The Secretary General of Fisheries of the Ministry of Agriculture, Food and the Environment, Andr\u00e9s Hermida, has inaugurated at the Science Museum of Castilla-La Mancha, [&hellip;]\" \/>\n<meta property=\"og:url\" content=\"https:\/\/fundacion-biodiversidad.es\/en\/actualidad_home\/cuenca-hosts-the-exhibition-aquaculture-discover-it\/\" \/>\n<meta property=\"og:site_name\" content=\"Fundaci\u00f3n Biodiversidad\" \/>\n<meta property=\"og:image\" content=\"https:\/\/fundacion-biodiversidad.es\/wp-content\/uploads\/2023\/01\/2487661294_35330241_720x405.png\" \/>\n\t<meta property=\"og:image:width\" content=\"720\" \/>\n\t<meta property=\"og:image:height\" content=\"405\" \/>\n\t<meta property=\"og:image:type\" content=\"image\/png\" \/>\n<meta name=\"twitter:card\" content=\"summary_large_image\" \/>\n<meta name=\"twitter:label1\" content=\"Est. reading time\" \/>\n\t<meta name=\"twitter:data1\" content=\"2 minutes\" \/>\n<script type=\"application\/ld+json\" class=\"yoast-schema-graph\">{\"@context\":\"https:\/\/schema.org\",\"@graph\":[{\"@type\":\"WebPage\",\"@id\":\"https:\/\/fundacion-biodiversidad.es\/en\/actualidad_home\/cuenca-hosts-the-exhibition-aquaculture-discover-it\/\",\"url\":\"https:\/\/fundacion-biodiversidad.es\/en\/actualidad_home\/cuenca-hosts-the-exhibition-aquaculture-discover-it\/\",\"name\":\"Cuenca hosts the exhibition \\\"Aquaculture? Discover it\\\" - Fundaci\u00f3n Biodiversidad\",\"isPartOf\":{\"@id\":\"https:\/\/fundacion-biodiversidad.es\/en\/#website\"},\"primaryImageOfPage\":{\"@id\":\"https:\/\/fundacion-biodiversidad.es\/en\/actualidad_home\/cuenca-hosts-the-exhibition-aquaculture-discover-it\/#primaryimage\"},\"image\":{\"@id\":\"https:\/\/fundacion-biodiversidad.es\/en\/actualidad_home\/cuenca-hosts-the-exhibition-aquaculture-discover-it\/#primaryimage\"},\"thumbnailUrl\":\"https:\/\/fundacion-biodiversidad.es\/wp-content\/uploads\/2015\/03\/exposicion_acuicultura_cuenca-scaled.jpg\",\"datePublished\":\"2015-03-18T12:57:28+00:00\",\"breadcrumb\":{\"@id\":\"https:\/\/fundacion-biodiversidad.es\/en\/actualidad_home\/cuenca-hosts-the-exhibition-aquaculture-discover-it\/#breadcrumb\"},\"inLanguage\":\"en-US\",\"potentialAction\":[{\"@type\":\"ReadAction\",\"target\":[\"https:\/\/fundacion-biodiversidad.es\/en\/actualidad_home\/cuenca-hosts-the-exhibition-aquaculture-discover-it\/\"]}]},{\"@type\":\"ImageObject\",\"inLanguage\":\"en-US\",\"@id\":\"https:\/\/fundacion-biodiversidad.es\/en\/actualidad_home\/cuenca-hosts-the-exhibition-aquaculture-discover-it\/#primaryimage\",\"url\":\"https:\/\/fundacion-biodiversidad.es\/wp-content\/uploads\/2015\/03\/exposicion_acuicultura_cuenca-scaled.jpg\",\"contentUrl\":\"https:\/\/fundacion-biodiversidad.es\/wp-content\/uploads\/2015\/03\/exposicion_acuicultura_cuenca-scaled.jpg\",\"width\":2560,\"height\":1702},{\"@type\":\"BreadcrumbList\",\"@id\":\"https:\/\/fundacion-biodiversidad.es\/en\/actualidad_home\/cuenca-hosts-the-exhibition-aquaculture-discover-it\/#breadcrumb\",\"itemListElement\":[{\"@type\":\"ListItem\",\"position\":1,\"name\":\"Portada\",\"item\":\"https:\/\/fundacion-biodiversidad.es\/en\/inicio\/\"},{\"@type\":\"ListItem\",\"position\":2,\"name\":\"Noticias de actualidad\",\"item\":\"https:\/\/fundacion-biodiversidad.es\/en\/actualidad_home\/\"},{\"@type\":\"ListItem\",\"position\":3,\"name\":\"Cuenca hosts the exhibition &#8220;Aquaculture? Discover it&#8221;\"}]},{\"@type\":\"WebSite\",\"@id\":\"https:\/\/fundacion-biodiversidad.es\/en\/#website\",\"url\":\"https:\/\/fundacion-biodiversidad.es\/en\/\",\"name\":\"Fundaci\u00f3n Biodiversidad\",\"description\":\"Fundaci\u00f3n p\u00fablica adscrita al Ministerio para la Transici\u00f3n Ecol\u00f3gica\",\"potentialAction\":[{\"@type\":\"SearchAction\",\"target\":{\"@type\":\"EntryPoint\",\"urlTemplate\":\"https:\/\/fundacion-biodiversidad.es\/en\/?s={search_term_string}\"},\"query-input\":{\"@type\":\"PropertyValueSpecification\",\"valueRequired\":true,\"valueName\":\"search_term_string\"}}],\"inLanguage\":\"en-US\"}]}<\/script>\n<!-- \/ Yoast SEO plugin. -->","yoast_head_json":{"title":"Cuenca hosts the exhibition \"Aquaculture? Discover it\" - Fundaci\u00f3n Biodiversidad","robots":{"index":"index","follow":"follow","max-snippet":"max-snippet:-1","max-image-preview":"max-image-preview:large","max-video-preview":"max-video-preview:-1"},"canonical":"https:\/\/fundacion-biodiversidad.es\/en\/actualidad_home\/cuenca-hosts-the-exhibition-aquaculture-discover-it\/","og_locale":"en_US","og_type":"article","og_title":"Cuenca hosts the exhibition \"Aquaculture? Discover it\" - Fundaci\u00f3n Biodiversidad","og_description":"The Secretary General of Fisheries of the Ministry of Agriculture, Food and the Environment, Andr\u00e9s Hermida, has inaugurated at the Science Museum of Castilla-La Mancha, [&hellip;]","og_url":"https:\/\/fundacion-biodiversidad.es\/en\/actualidad_home\/cuenca-hosts-the-exhibition-aquaculture-discover-it\/","og_site_name":"Fundaci\u00f3n Biodiversidad","og_image":[{"width":720,"height":405,"url":"https:\/\/fundacion-biodiversidad.es\/wp-content\/uploads\/2023\/01\/2487661294_35330241_720x405.png","type":"image\/png"}],"twitter_card":"summary_large_image","twitter_misc":{"Est. reading time":"2 minutes"},"schema":{"@context":"https:\/\/schema.org","@graph":[{"@type":"WebPage","@id":"https:\/\/fundacion-biodiversidad.es\/en\/actualidad_home\/cuenca-hosts-the-exhibition-aquaculture-discover-it\/","url":"https:\/\/fundacion-biodiversidad.es\/en\/actualidad_home\/cuenca-hosts-the-exhibition-aquaculture-discover-it\/","name":"Cuenca hosts the exhibition \"Aquaculture? Discover it\" - Fundaci\u00f3n Biodiversidad","isPartOf":{"@id":"https:\/\/fundacion-biodiversidad.es\/en\/#website"},"primaryImageOfPage":{"@id":"https:\/\/fundacion-biodiversidad.es\/en\/actualidad_home\/cuenca-hosts-the-exhibition-aquaculture-discover-it\/#primaryimage"},"image":{"@id":"https:\/\/fundacion-biodiversidad.es\/en\/actualidad_home\/cuenca-hosts-the-exhibition-aquaculture-discover-it\/#primaryimage"},"thumbnailUrl":"https:\/\/fundacion-biodiversidad.es\/wp-content\/uploads\/2015\/03\/exposicion_acuicultura_cuenca-scaled.jpg","datePublished":"2015-03-18T12:57:28+00:00","breadcrumb":{"@id":"https:\/\/fundacion-biodiversidad.es\/en\/actualidad_home\/cuenca-hosts-the-exhibition-aquaculture-discover-it\/#breadcrumb"},"inLanguage":"en-US","potentialAction":[{"@type":"ReadAction","target":["https:\/\/fundacion-biodiversidad.es\/en\/actualidad_home\/cuenca-hosts-the-exhibition-aquaculture-discover-it\/"]}]},{"@type":"ImageObject","inLanguage":"en-US","@id":"https:\/\/fundacion-biodiversidad.es\/en\/actualidad_home\/cuenca-hosts-the-exhibition-aquaculture-discover-it\/#primaryimage","url":"https:\/\/fundacion-biodiversidad.es\/wp-content\/uploads\/2015\/03\/exposicion_acuicultura_cuenca-scaled.jpg","contentUrl":"https:\/\/fundacion-biodiversidad.es\/wp-content\/uploads\/2015\/03\/exposicion_acuicultura_cuenca-scaled.jpg","width":2560,"height":1702},{"@type":"BreadcrumbList","@id":"https:\/\/fundacion-biodiversidad.es\/en\/actualidad_home\/cuenca-hosts-the-exhibition-aquaculture-discover-it\/#breadcrumb","itemListElement":[{"@type":"ListItem","position":1,"name":"Portada","item":"https:\/\/fundacion-biodiversidad.es\/en\/inicio\/"},{"@type":"ListItem","position":2,"name":"Noticias de actualidad","item":"https:\/\/fundacion-biodiversidad.es\/en\/actualidad_home\/"},{"@type":"ListItem","position":3,"name":"Cuenca hosts the exhibition &#8220;Aquaculture? Discover it&#8221;"}]},{"@type":"WebSite","@id":"https:\/\/fundacion-biodiversidad.es\/en\/#website","url":"https:\/\/fundacion-biodiversidad.es\/en\/","name":"Fundaci\u00f3n Biodiversidad","description":"Fundaci\u00f3n p\u00fablica adscrita al Ministerio para la Transici\u00f3n Ecol\u00f3gica","potentialAction":[{"@type":"SearchAction","target":{"@type":"EntryPoint","urlTemplate":"https:\/\/fundacion-biodiversidad.es\/en\/?s={search_term_string}"},"query-input":{"@type":"PropertyValueSpecification","valueRequired":true,"valueName":"search_term_string"}}],"inLanguage":"en-US"}]}},"_links":{"self":[{"href":"https:\/\/fundacion-biodiversidad.es\/en\/wp-json\/wp\/v2\/actualidad_home\/97857915","targetHints":{"allow":["GET"]}}],"collection":[{"href":"https:\/\/fundacion-biodiversidad.es\/en\/wp-json\/wp\/v2\/actualidad_home"}],"about":[{"href":"https:\/\/fundacion-biodiversidad.es\/en\/wp-json\/wp\/v2\/types\/actualidad_home"}],"author":[{"embeddable":true,"href":"https:\/\/fundacion-biodiversidad.es\/en\/wp-json\/wp\/v2\/users\/11"}],"wp:featuredmedia":[{"embeddable":true,"href":"https:\/\/fundacion-biodiversidad.es\/en\/wp-json\/wp\/v2\/media\/35548"}],"wp:attachment":[{"href":"https:\/\/fundacion-biodiversidad.es\/en\/wp-json\/wp\/v2\/media?parent=97857915"}],"wp:term":[{"taxonomy":"palabras_clave","embeddable":true,"href":"https:\/\/fundacion-biodiversidad.es\/en\/wp-json\/wp\/v2\/palabras_clave?post=97857915"}],"curies":[{"name":"wp","href":"https:\/\/api.w.org\/{rel}","templated":true}]}}