{"id":97857916,"date":"2015-03-14T08:00:00","date_gmt":"2015-03-14T07:00:00","guid":{"rendered":"https:\/\/fundacion-biodiversidad.es\/actualidad_home\/spanish-inventory-of-traditional-knowledge-on-biodiversity\/"},"modified":"2015-03-14T08:00:00","modified_gmt":"2015-03-14T07:00:00","slug":"spanish-inventory-of-traditional-knowledge-on-biodiversity","status":"publish","type":"actualidad_home","link":"https:\/\/fundacion-biodiversidad.es\/en\/actualidad_home\/spanish-inventory-of-traditional-knowledge-on-biodiversity\/","title":{"rendered":"Spanish Inventory of Traditional Knowledge on Biodiversity"},"content":{"rendered":"<p>The Ministry of Agriculture, Food and the Environment has presented the publication <a href=\"http:\/\/fundacion-biodiversidad.es\/sites\/default\/files\/notas\/15.03.12_inventario_espanol_de_conocimientos_tradicionales_sobre_biodiversidad.pdf\" target=\"_blank\" rel=\"noopener\"><strong>of the Spanish Inventory of Traditional Knowledge related to Biodiversity<\/strong><\/a>, a work promoted and paid for by the Ministry to <strong>preserve, maintain and promote traditional knowledge of interest<\/strong>, transmitted orally over time in the rural world and that was at risk of being lost.  to collaborate in the conservation and sustainable use of natural heritage and biodiversity.<br \/>\n&nbsp;<br \/>  The Secretary of State for the Environment, Federico Ramos, thanked the authors of the book and all their collaborators &#8220;for their valuable work and contribution with this publication&#8221;, <strong>a pioneer in Spain and Europe<\/strong>, and stressed &#8220;the importance of preserving in an inventory all that knowledge, all that culture and all that baggage that our society has after having been related to nature for a long time&#8221;.<\/p>\n<p>  This Inventory, on which work continues for future extensions, <strong>will be integrated into the Spanish Inventory of Natural Heritage and Biodiversity<\/strong>, and responds to the legal mandate established in the Natural Heritage and Biodiversity Law. More than 65 experts from multiple disciplines have worked on its writing, from 39 different institutions.<\/p>\n<p> The publication, which can already be consulted and downloaded on the <a href=\"http:\/\/www.magrama.gob.es\/es\/biodiversidad\/temas\/inventarios-nacionales\/inventario-espanol-de-los-conocimientos-tradicionales\/inventario_esp_conocimientos_tradicionales.aspx\" target=\"_blank\" rel=\"noopener\"><strong>Ministry&#8217;s website<\/strong><\/a> , combines the informative style with the academic rigor that a work of these characteristics requires. The Inventory includes a description of the methodology designed specifically for the project, as well as a series of informative sheets (just over 50), on traditional uses and knowledge of plants, animals, ecosystems and minerals.  <br \/>\n&nbsp;<br \/>  Work to conclude the Inventory continues. The Ministry of Agriculture, Food and the Environment, aware of the value and need for the compilation of traditional practices in Spain, is continuing with the work in a second phase, which will cover a greater number of species, up to about 300. This second phase will last until the beginning of 2017.  <br \/>\n&nbsp;<\/p>\n","protected":false},"author":11,"featured_media":35547,"template":"","meta":{"_acf_changed":false},"palabras_clave":[35,196,197],"class_list":["post-97857916","actualidad_home","type-actualidad_home","status-publish","has-post-thumbnail","hentry","palabras_clave-biodiversidad","palabras_clave-conocimientos","palabras_clave-inventario"],"acf":[],"yoast_head":"<!-- This site is optimized with the Yoast SEO plugin v26.9 - https:\/\/yoast.com\/product\/yoast-seo-wordpress\/ -->\n<title>Spanish Inventory of Traditional Knowledge on Biodiversity - Fundaci\u00f3n Biodiversidad<\/title>\n<meta name=\"robots\" content=\"index, follow, max-snippet:-1, max-image-preview:large, max-video-preview:-1\" \/>\n<link rel=\"canonical\" href=\"https:\/\/fundacion-biodiversidad.es\/en\/actualidad_home\/spanish-inventory-of-traditional-knowledge-on-biodiversity\/\" \/>\n<meta property=\"og:locale\" content=\"en_US\" \/>\n<meta property=\"og:type\" content=\"article\" \/>\n<meta property=\"og:title\" content=\"Spanish Inventory of Traditional Knowledge on Biodiversity - Fundaci\u00f3n Biodiversidad\" \/>\n<meta property=\"og:description\" content=\"The Ministry of Agriculture, Food and the Environment has presented the publication of the Spanish Inventory of Traditional Knowledge related to Biodiversity, a work promoted [&hellip;]\" \/>\n<meta property=\"og:url\" content=\"https:\/\/fundacion-biodiversidad.es\/en\/actualidad_home\/spanish-inventory-of-traditional-knowledge-on-biodiversity\/\" \/>\n<meta property=\"og:site_name\" content=\"Fundaci\u00f3n Biodiversidad\" \/>\n<meta property=\"og:image\" content=\"https:\/\/fundacion-biodiversidad.es\/wp-content\/uploads\/2023\/01\/2487661294_35330241_720x405.png\" \/>\n\t<meta property=\"og:image:width\" content=\"720\" \/>\n\t<meta property=\"og:image:height\" content=\"405\" \/>\n\t<meta property=\"og:image:type\" content=\"image\/png\" \/>\n<meta name=\"twitter:card\" content=\"summary_large_image\" \/>\n<meta name=\"twitter:label1\" content=\"Est. reading time\" \/>\n\t<meta name=\"twitter:data1\" content=\"2 minutes\" \/>\n<script type=\"application\/ld+json\" class=\"yoast-schema-graph\">{\"@context\":\"https:\/\/schema.org\",\"@graph\":[{\"@type\":\"WebPage\",\"@id\":\"https:\/\/fundacion-biodiversidad.es\/en\/actualidad_home\/spanish-inventory-of-traditional-knowledge-on-biodiversity\/\",\"url\":\"https:\/\/fundacion-biodiversidad.es\/en\/actualidad_home\/spanish-inventory-of-traditional-knowledge-on-biodiversity\/\",\"name\":\"Spanish Inventory of Traditional Knowledge on Biodiversity - Fundaci\u00f3n Biodiversidad\",\"isPartOf\":{\"@id\":\"https:\/\/fundacion-biodiversidad.es\/en\/#website\"},\"primaryImageOfPage\":{\"@id\":\"https:\/\/fundacion-biodiversidad.es\/en\/actualidad_home\/spanish-inventory-of-traditional-knowledge-on-biodiversity\/#primaryimage\"},\"image\":{\"@id\":\"https:\/\/fundacion-biodiversidad.es\/en\/actualidad_home\/spanish-inventory-of-traditional-knowledge-on-biodiversity\/#primaryimage\"},\"thumbnailUrl\":\"https:\/\/fundacion-biodiversidad.es\/wp-content\/uploads\/2015\/03\/inventario_conocimientos_tradicionales_biodiversidad.jpg\",\"datePublished\":\"2015-03-14T07:00:00+00:00\",\"breadcrumb\":{\"@id\":\"https:\/\/fundacion-biodiversidad.es\/en\/actualidad_home\/spanish-inventory-of-traditional-knowledge-on-biodiversity\/#breadcrumb\"},\"inLanguage\":\"en-US\",\"potentialAction\":[{\"@type\":\"ReadAction\",\"target\":[\"https:\/\/fundacion-biodiversidad.es\/en\/actualidad_home\/spanish-inventory-of-traditional-knowledge-on-biodiversity\/\"]}]},{\"@type\":\"ImageObject\",\"inLanguage\":\"en-US\",\"@id\":\"https:\/\/fundacion-biodiversidad.es\/en\/actualidad_home\/spanish-inventory-of-traditional-knowledge-on-biodiversity\/#primaryimage\",\"url\":\"https:\/\/fundacion-biodiversidad.es\/wp-content\/uploads\/2015\/03\/inventario_conocimientos_tradicionales_biodiversidad.jpg\",\"contentUrl\":\"https:\/\/fundacion-biodiversidad.es\/wp-content\/uploads\/2015\/03\/inventario_conocimientos_tradicionales_biodiversidad.jpg\",\"width\":2054,\"height\":1288},{\"@type\":\"BreadcrumbList\",\"@id\":\"https:\/\/fundacion-biodiversidad.es\/en\/actualidad_home\/spanish-inventory-of-traditional-knowledge-on-biodiversity\/#breadcrumb\",\"itemListElement\":[{\"@type\":\"ListItem\",\"position\":1,\"name\":\"Portada\",\"item\":\"https:\/\/fundacion-biodiversidad.es\/en\/inicio\/\"},{\"@type\":\"ListItem\",\"position\":2,\"name\":\"Noticias de actualidad\",\"item\":\"https:\/\/fundacion-biodiversidad.es\/en\/actualidad_home\/\"},{\"@type\":\"ListItem\",\"position\":3,\"name\":\"Spanish Inventory of Traditional Knowledge on Biodiversity\"}]},{\"@type\":\"WebSite\",\"@id\":\"https:\/\/fundacion-biodiversidad.es\/en\/#website\",\"url\":\"https:\/\/fundacion-biodiversidad.es\/en\/\",\"name\":\"Fundaci\u00f3n Biodiversidad\",\"description\":\"Fundaci\u00f3n p\u00fablica adscrita al Ministerio para la Transici\u00f3n Ecol\u00f3gica\",\"potentialAction\":[{\"@type\":\"SearchAction\",\"target\":{\"@type\":\"EntryPoint\",\"urlTemplate\":\"https:\/\/fundacion-biodiversidad.es\/en\/?s={search_term_string}\"},\"query-input\":{\"@type\":\"PropertyValueSpecification\",\"valueRequired\":true,\"valueName\":\"search_term_string\"}}],\"inLanguage\":\"en-US\"}]}<\/script>\n<!-- \/ Yoast SEO plugin. -->","yoast_head_json":{"title":"Spanish Inventory of Traditional Knowledge on Biodiversity - Fundaci\u00f3n Biodiversidad","robots":{"index":"index","follow":"follow","max-snippet":"max-snippet:-1","max-image-preview":"max-image-preview:large","max-video-preview":"max-video-preview:-1"},"canonical":"https:\/\/fundacion-biodiversidad.es\/en\/actualidad_home\/spanish-inventory-of-traditional-knowledge-on-biodiversity\/","og_locale":"en_US","og_type":"article","og_title":"Spanish Inventory of Traditional Knowledge on Biodiversity - Fundaci\u00f3n Biodiversidad","og_description":"The Ministry of Agriculture, Food and the Environment has presented the publication of the Spanish Inventory of Traditional Knowledge related to Biodiversity, a work promoted [&hellip;]","og_url":"https:\/\/fundacion-biodiversidad.es\/en\/actualidad_home\/spanish-inventory-of-traditional-knowledge-on-biodiversity\/","og_site_name":"Fundaci\u00f3n Biodiversidad","og_image":[{"width":720,"height":405,"url":"https:\/\/fundacion-biodiversidad.es\/wp-content\/uploads\/2023\/01\/2487661294_35330241_720x405.png","type":"image\/png"}],"twitter_card":"summary_large_image","twitter_misc":{"Est. reading time":"2 minutes"},"schema":{"@context":"https:\/\/schema.org","@graph":[{"@type":"WebPage","@id":"https:\/\/fundacion-biodiversidad.es\/en\/actualidad_home\/spanish-inventory-of-traditional-knowledge-on-biodiversity\/","url":"https:\/\/fundacion-biodiversidad.es\/en\/actualidad_home\/spanish-inventory-of-traditional-knowledge-on-biodiversity\/","name":"Spanish Inventory of Traditional Knowledge on Biodiversity - Fundaci\u00f3n Biodiversidad","isPartOf":{"@id":"https:\/\/fundacion-biodiversidad.es\/en\/#website"},"primaryImageOfPage":{"@id":"https:\/\/fundacion-biodiversidad.es\/en\/actualidad_home\/spanish-inventory-of-traditional-knowledge-on-biodiversity\/#primaryimage"},"image":{"@id":"https:\/\/fundacion-biodiversidad.es\/en\/actualidad_home\/spanish-inventory-of-traditional-knowledge-on-biodiversity\/#primaryimage"},"thumbnailUrl":"https:\/\/fundacion-biodiversidad.es\/wp-content\/uploads\/2015\/03\/inventario_conocimientos_tradicionales_biodiversidad.jpg","datePublished":"2015-03-14T07:00:00+00:00","breadcrumb":{"@id":"https:\/\/fundacion-biodiversidad.es\/en\/actualidad_home\/spanish-inventory-of-traditional-knowledge-on-biodiversity\/#breadcrumb"},"inLanguage":"en-US","potentialAction":[{"@type":"ReadAction","target":["https:\/\/fundacion-biodiversidad.es\/en\/actualidad_home\/spanish-inventory-of-traditional-knowledge-on-biodiversity\/"]}]},{"@type":"ImageObject","inLanguage":"en-US","@id":"https:\/\/fundacion-biodiversidad.es\/en\/actualidad_home\/spanish-inventory-of-traditional-knowledge-on-biodiversity\/#primaryimage","url":"https:\/\/fundacion-biodiversidad.es\/wp-content\/uploads\/2015\/03\/inventario_conocimientos_tradicionales_biodiversidad.jpg","contentUrl":"https:\/\/fundacion-biodiversidad.es\/wp-content\/uploads\/2015\/03\/inventario_conocimientos_tradicionales_biodiversidad.jpg","width":2054,"height":1288},{"@type":"BreadcrumbList","@id":"https:\/\/fundacion-biodiversidad.es\/en\/actualidad_home\/spanish-inventory-of-traditional-knowledge-on-biodiversity\/#breadcrumb","itemListElement":[{"@type":"ListItem","position":1,"name":"Portada","item":"https:\/\/fundacion-biodiversidad.es\/en\/inicio\/"},{"@type":"ListItem","position":2,"name":"Noticias de actualidad","item":"https:\/\/fundacion-biodiversidad.es\/en\/actualidad_home\/"},{"@type":"ListItem","position":3,"name":"Spanish Inventory of Traditional Knowledge on Biodiversity"}]},{"@type":"WebSite","@id":"https:\/\/fundacion-biodiversidad.es\/en\/#website","url":"https:\/\/fundacion-biodiversidad.es\/en\/","name":"Fundaci\u00f3n Biodiversidad","description":"Fundaci\u00f3n p\u00fablica adscrita al Ministerio para la Transici\u00f3n Ecol\u00f3gica","potentialAction":[{"@type":"SearchAction","target":{"@type":"EntryPoint","urlTemplate":"https:\/\/fundacion-biodiversidad.es\/en\/?s={search_term_string}"},"query-input":{"@type":"PropertyValueSpecification","valueRequired":true,"valueName":"search_term_string"}}],"inLanguage":"en-US"}]}},"_links":{"self":[{"href":"https:\/\/fundacion-biodiversidad.es\/en\/wp-json\/wp\/v2\/actualidad_home\/97857916","targetHints":{"allow":["GET"]}}],"collection":[{"href":"https:\/\/fundacion-biodiversidad.es\/en\/wp-json\/wp\/v2\/actualidad_home"}],"about":[{"href":"https:\/\/fundacion-biodiversidad.es\/en\/wp-json\/wp\/v2\/types\/actualidad_home"}],"author":[{"embeddable":true,"href":"https:\/\/fundacion-biodiversidad.es\/en\/wp-json\/wp\/v2\/users\/11"}],"wp:featuredmedia":[{"embeddable":true,"href":"https:\/\/fundacion-biodiversidad.es\/en\/wp-json\/wp\/v2\/media\/35547"}],"wp:attachment":[{"href":"https:\/\/fundacion-biodiversidad.es\/en\/wp-json\/wp\/v2\/media?parent=97857916"}],"wp:term":[{"taxonomy":"palabras_clave","embeddable":true,"href":"https:\/\/fundacion-biodiversidad.es\/en\/wp-json\/wp\/v2\/palabras_clave?post=97857916"}],"curies":[{"name":"wp","href":"https:\/\/api.w.org\/{rel}","templated":true}]}}