{"id":97857917,"date":"2015-03-25T13:55:22","date_gmt":"2015-03-25T12:55:22","guid":{"rendered":"https:\/\/fundacion-biodiversidad.es\/actualidad_home\/the-deadline-for-submitting-projects-to-the-vertical-venture-network-on-green-entrepreneurship-is-now-open\/"},"modified":"2015-03-25T13:55:22","modified_gmt":"2015-03-25T12:55:22","slug":"the-deadline-for-submitting-projects-to-the-vertical-venture-network-on-green-entrepreneurship-is-now-open","status":"publish","type":"actualidad_home","link":"https:\/\/fundacion-biodiversidad.es\/en\/actualidad_home\/the-deadline-for-submitting-projects-to-the-vertical-venture-network-on-green-entrepreneurship-is-now-open\/","title":{"rendered":"The deadline for submitting projects to the &#8220;Vertical Venture Network&#8221; on green entrepreneurship is now open"},"content":{"rendered":"<p>The <a href=\"http:\/\/www.redemprendeverde.es\/\" rel=\"nofollow noopener\" target=\"_blank\"><strong>Emprendeverde Network <\/strong><\/a>of the Biodiversity Foundation of the Ministry of Agriculture, Food and the Environment, together with IE Business School and BStartup, of Banco Sabadell, is promoting a new edition of <a href=\"https:\/\/www.smore.com\/gk0up\" rel=\"nofollow noopener\" target=\"_blank\"><strong>the &#8216;Vertical Venture Network&#8217;<\/strong><\/a>, a meeting that will bring together some of the <strong>best startups related to the world of sustainability and environmental improvement<\/strong>.<\/p>\n<p>  At this conference, which will take place on April 9 in Madrid, companies will be able to get in touch with different investors in the sector in an informal atmosphere that brings together the local entrepreneurial community.<\/p>\n<p>  Thus, this meeting becomes a tool for entrepreneurs as it is one of the few places that allows them to receive feedback or help from experts and professionals, who <strong>will guide participants when planning the development of their projects<\/strong>.<\/p>\n<p>  Entrepreneurship, together with innovation, has an impact on the country&#8217;s economy and this meeting seeks projects linked to the environment in areas such as recycling, eco-innovation, energy efficiency, renewable energies or climate change, among others.<\/p>\n<p>  To participate in the conference, entrepreneurs must submit their proposals before March 31, following this <a href=\"https:\/\/docs.google.com\/forms\/d\/1fNfCBpRJtLwX7IIX6P76x48JLjyafIMfseS9xoeMOUE\/viewform?edit_requested=true\" rel=\"nofollow noopener\" target=\"_blank\"><strong>form<\/strong><\/a>.<br \/>\n&nbsp;<\/p>\n","protected":false},"author":11,"featured_media":35552,"template":"","meta":{"_acf_changed":false},"palabras_clave":[53,55,76,203],"class_list":["post-97857917","actualidad_home","type-actualidad_home","status-publish","has-post-thumbnail","hentry","palabras_clave-emprendeverde","palabras_clave-emprendimiento","palabras_clave-sostenibilidad","palabras_clave-startup"],"acf":[],"yoast_head":"<!-- This site is optimized with the Yoast SEO plugin v26.9 - https:\/\/yoast.com\/product\/yoast-seo-wordpress\/ -->\n<title>The deadline for submitting projects to the &quot;Vertical Venture Network&quot; on green entrepreneurship is now open - Fundaci\u00f3n Biodiversidad<\/title>\n<meta name=\"robots\" content=\"index, follow, max-snippet:-1, max-image-preview:large, max-video-preview:-1\" \/>\n<link rel=\"canonical\" href=\"https:\/\/fundacion-biodiversidad.es\/en\/actualidad_home\/the-deadline-for-submitting-projects-to-the-vertical-venture-network-on-green-entrepreneurship-is-now-open\/\" \/>\n<meta property=\"og:locale\" content=\"en_US\" \/>\n<meta property=\"og:type\" content=\"article\" \/>\n<meta property=\"og:title\" content=\"The deadline for submitting projects to the &quot;Vertical Venture Network&quot; on green entrepreneurship is now open - Fundaci\u00f3n Biodiversidad\" \/>\n<meta property=\"og:description\" content=\"The Emprendeverde Network of the Biodiversity Foundation of the Ministry of Agriculture, Food and the Environment, together with IE Business School and BStartup, of Banco [&hellip;]\" \/>\n<meta property=\"og:url\" content=\"https:\/\/fundacion-biodiversidad.es\/en\/actualidad_home\/the-deadline-for-submitting-projects-to-the-vertical-venture-network-on-green-entrepreneurship-is-now-open\/\" \/>\n<meta property=\"og:site_name\" content=\"Fundaci\u00f3n Biodiversidad\" \/>\n<meta property=\"og:image\" content=\"https:\/\/fundacion-biodiversidad.es\/wp-content\/uploads\/2023\/01\/2487661294_35330241_720x405.png\" \/>\n\t<meta property=\"og:image:width\" content=\"720\" \/>\n\t<meta property=\"og:image:height\" content=\"405\" \/>\n\t<meta property=\"og:image:type\" content=\"image\/png\" \/>\n<meta name=\"twitter:card\" content=\"summary_large_image\" \/>\n<meta name=\"twitter:label1\" content=\"Est. reading time\" \/>\n\t<meta name=\"twitter:data1\" content=\"1 minute\" \/>\n<script type=\"application\/ld+json\" class=\"yoast-schema-graph\">{\"@context\":\"https:\/\/schema.org\",\"@graph\":[{\"@type\":\"WebPage\",\"@id\":\"https:\/\/fundacion-biodiversidad.es\/en\/actualidad_home\/the-deadline-for-submitting-projects-to-the-vertical-venture-network-on-green-entrepreneurship-is-now-open\/\",\"url\":\"https:\/\/fundacion-biodiversidad.es\/en\/actualidad_home\/the-deadline-for-submitting-projects-to-the-vertical-venture-network-on-green-entrepreneurship-is-now-open\/\",\"name\":\"The deadline for submitting projects to the \\\"Vertical Venture Network\\\" on green entrepreneurship is now open - Fundaci\u00f3n Biodiversidad\",\"isPartOf\":{\"@id\":\"https:\/\/fundacion-biodiversidad.es\/en\/#website\"},\"primaryImageOfPage\":{\"@id\":\"https:\/\/fundacion-biodiversidad.es\/en\/actualidad_home\/the-deadline-for-submitting-projects-to-the-vertical-venture-network-on-green-entrepreneurship-is-now-open\/#primaryimage\"},\"image\":{\"@id\":\"https:\/\/fundacion-biodiversidad.es\/en\/actualidad_home\/the-deadline-for-submitting-projects-to-the-vertical-venture-network-on-green-entrepreneurship-is-now-open\/#primaryimage\"},\"thumbnailUrl\":\"https:\/\/fundacion-biodiversidad.es\/wp-content\/uploads\/2015\/03\/jornada_emprendimiento.jpg\",\"datePublished\":\"2015-03-25T12:55:22+00:00\",\"breadcrumb\":{\"@id\":\"https:\/\/fundacion-biodiversidad.es\/en\/actualidad_home\/the-deadline-for-submitting-projects-to-the-vertical-venture-network-on-green-entrepreneurship-is-now-open\/#breadcrumb\"},\"inLanguage\":\"en-US\",\"potentialAction\":[{\"@type\":\"ReadAction\",\"target\":[\"https:\/\/fundacion-biodiversidad.es\/en\/actualidad_home\/the-deadline-for-submitting-projects-to-the-vertical-venture-network-on-green-entrepreneurship-is-now-open\/\"]}]},{\"@type\":\"ImageObject\",\"inLanguage\":\"en-US\",\"@id\":\"https:\/\/fundacion-biodiversidad.es\/en\/actualidad_home\/the-deadline-for-submitting-projects-to-the-vertical-venture-network-on-green-entrepreneurship-is-now-open\/#primaryimage\",\"url\":\"https:\/\/fundacion-biodiversidad.es\/wp-content\/uploads\/2015\/03\/jornada_emprendimiento.jpg\",\"contentUrl\":\"https:\/\/fundacion-biodiversidad.es\/wp-content\/uploads\/2015\/03\/jornada_emprendimiento.jpg\",\"width\":665,\"height\":261},{\"@type\":\"BreadcrumbList\",\"@id\":\"https:\/\/fundacion-biodiversidad.es\/en\/actualidad_home\/the-deadline-for-submitting-projects-to-the-vertical-venture-network-on-green-entrepreneurship-is-now-open\/#breadcrumb\",\"itemListElement\":[{\"@type\":\"ListItem\",\"position\":1,\"name\":\"Portada\",\"item\":\"https:\/\/fundacion-biodiversidad.es\/en\/inicio\/\"},{\"@type\":\"ListItem\",\"position\":2,\"name\":\"Noticias de actualidad\",\"item\":\"https:\/\/fundacion-biodiversidad.es\/en\/actualidad_home\/\"},{\"@type\":\"ListItem\",\"position\":3,\"name\":\"The deadline for submitting projects to the &#8220;Vertical Venture Network&#8221; on green entrepreneurship is now open\"}]},{\"@type\":\"WebSite\",\"@id\":\"https:\/\/fundacion-biodiversidad.es\/en\/#website\",\"url\":\"https:\/\/fundacion-biodiversidad.es\/en\/\",\"name\":\"Fundaci\u00f3n Biodiversidad\",\"description\":\"Fundaci\u00f3n p\u00fablica adscrita al Ministerio para la Transici\u00f3n Ecol\u00f3gica\",\"potentialAction\":[{\"@type\":\"SearchAction\",\"target\":{\"@type\":\"EntryPoint\",\"urlTemplate\":\"https:\/\/fundacion-biodiversidad.es\/en\/?s={search_term_string}\"},\"query-input\":{\"@type\":\"PropertyValueSpecification\",\"valueRequired\":true,\"valueName\":\"search_term_string\"}}],\"inLanguage\":\"en-US\"}]}<\/script>\n<!-- \/ Yoast SEO plugin. -->","yoast_head_json":{"title":"The deadline for submitting projects to the \"Vertical Venture Network\" on green entrepreneurship is now open - Fundaci\u00f3n Biodiversidad","robots":{"index":"index","follow":"follow","max-snippet":"max-snippet:-1","max-image-preview":"max-image-preview:large","max-video-preview":"max-video-preview:-1"},"canonical":"https:\/\/fundacion-biodiversidad.es\/en\/actualidad_home\/the-deadline-for-submitting-projects-to-the-vertical-venture-network-on-green-entrepreneurship-is-now-open\/","og_locale":"en_US","og_type":"article","og_title":"The deadline for submitting projects to the \"Vertical Venture Network\" on green entrepreneurship is now open - Fundaci\u00f3n Biodiversidad","og_description":"The Emprendeverde Network of the Biodiversity Foundation of the Ministry of Agriculture, Food and the Environment, together with IE Business School and BStartup, of Banco [&hellip;]","og_url":"https:\/\/fundacion-biodiversidad.es\/en\/actualidad_home\/the-deadline-for-submitting-projects-to-the-vertical-venture-network-on-green-entrepreneurship-is-now-open\/","og_site_name":"Fundaci\u00f3n Biodiversidad","og_image":[{"width":720,"height":405,"url":"https:\/\/fundacion-biodiversidad.es\/wp-content\/uploads\/2023\/01\/2487661294_35330241_720x405.png","type":"image\/png"}],"twitter_card":"summary_large_image","twitter_misc":{"Est. reading time":"1 minute"},"schema":{"@context":"https:\/\/schema.org","@graph":[{"@type":"WebPage","@id":"https:\/\/fundacion-biodiversidad.es\/en\/actualidad_home\/the-deadline-for-submitting-projects-to-the-vertical-venture-network-on-green-entrepreneurship-is-now-open\/","url":"https:\/\/fundacion-biodiversidad.es\/en\/actualidad_home\/the-deadline-for-submitting-projects-to-the-vertical-venture-network-on-green-entrepreneurship-is-now-open\/","name":"The deadline for submitting projects to the \"Vertical Venture Network\" on green entrepreneurship is now open - Fundaci\u00f3n Biodiversidad","isPartOf":{"@id":"https:\/\/fundacion-biodiversidad.es\/en\/#website"},"primaryImageOfPage":{"@id":"https:\/\/fundacion-biodiversidad.es\/en\/actualidad_home\/the-deadline-for-submitting-projects-to-the-vertical-venture-network-on-green-entrepreneurship-is-now-open\/#primaryimage"},"image":{"@id":"https:\/\/fundacion-biodiversidad.es\/en\/actualidad_home\/the-deadline-for-submitting-projects-to-the-vertical-venture-network-on-green-entrepreneurship-is-now-open\/#primaryimage"},"thumbnailUrl":"https:\/\/fundacion-biodiversidad.es\/wp-content\/uploads\/2015\/03\/jornada_emprendimiento.jpg","datePublished":"2015-03-25T12:55:22+00:00","breadcrumb":{"@id":"https:\/\/fundacion-biodiversidad.es\/en\/actualidad_home\/the-deadline-for-submitting-projects-to-the-vertical-venture-network-on-green-entrepreneurship-is-now-open\/#breadcrumb"},"inLanguage":"en-US","potentialAction":[{"@type":"ReadAction","target":["https:\/\/fundacion-biodiversidad.es\/en\/actualidad_home\/the-deadline-for-submitting-projects-to-the-vertical-venture-network-on-green-entrepreneurship-is-now-open\/"]}]},{"@type":"ImageObject","inLanguage":"en-US","@id":"https:\/\/fundacion-biodiversidad.es\/en\/actualidad_home\/the-deadline-for-submitting-projects-to-the-vertical-venture-network-on-green-entrepreneurship-is-now-open\/#primaryimage","url":"https:\/\/fundacion-biodiversidad.es\/wp-content\/uploads\/2015\/03\/jornada_emprendimiento.jpg","contentUrl":"https:\/\/fundacion-biodiversidad.es\/wp-content\/uploads\/2015\/03\/jornada_emprendimiento.jpg","width":665,"height":261},{"@type":"BreadcrumbList","@id":"https:\/\/fundacion-biodiversidad.es\/en\/actualidad_home\/the-deadline-for-submitting-projects-to-the-vertical-venture-network-on-green-entrepreneurship-is-now-open\/#breadcrumb","itemListElement":[{"@type":"ListItem","position":1,"name":"Portada","item":"https:\/\/fundacion-biodiversidad.es\/en\/inicio\/"},{"@type":"ListItem","position":2,"name":"Noticias de actualidad","item":"https:\/\/fundacion-biodiversidad.es\/en\/actualidad_home\/"},{"@type":"ListItem","position":3,"name":"The deadline for submitting projects to the &#8220;Vertical Venture Network&#8221; on green entrepreneurship is now open"}]},{"@type":"WebSite","@id":"https:\/\/fundacion-biodiversidad.es\/en\/#website","url":"https:\/\/fundacion-biodiversidad.es\/en\/","name":"Fundaci\u00f3n Biodiversidad","description":"Fundaci\u00f3n p\u00fablica adscrita al Ministerio para la Transici\u00f3n Ecol\u00f3gica","potentialAction":[{"@type":"SearchAction","target":{"@type":"EntryPoint","urlTemplate":"https:\/\/fundacion-biodiversidad.es\/en\/?s={search_term_string}"},"query-input":{"@type":"PropertyValueSpecification","valueRequired":true,"valueName":"search_term_string"}}],"inLanguage":"en-US"}]}},"_links":{"self":[{"href":"https:\/\/fundacion-biodiversidad.es\/en\/wp-json\/wp\/v2\/actualidad_home\/97857917","targetHints":{"allow":["GET"]}}],"collection":[{"href":"https:\/\/fundacion-biodiversidad.es\/en\/wp-json\/wp\/v2\/actualidad_home"}],"about":[{"href":"https:\/\/fundacion-biodiversidad.es\/en\/wp-json\/wp\/v2\/types\/actualidad_home"}],"author":[{"embeddable":true,"href":"https:\/\/fundacion-biodiversidad.es\/en\/wp-json\/wp\/v2\/users\/11"}],"wp:featuredmedia":[{"embeddable":true,"href":"https:\/\/fundacion-biodiversidad.es\/en\/wp-json\/wp\/v2\/media\/35552"}],"wp:attachment":[{"href":"https:\/\/fundacion-biodiversidad.es\/en\/wp-json\/wp\/v2\/media?parent=97857917"}],"wp:term":[{"taxonomy":"palabras_clave","embeddable":true,"href":"https:\/\/fundacion-biodiversidad.es\/en\/wp-json\/wp\/v2\/palabras_clave?post=97857917"}],"curies":[{"name":"wp","href":"https:\/\/api.w.org\/{rel}","templated":true}]}}