{"id":97857921,"date":"2015-03-22T07:59:00","date_gmt":"2015-03-22T06:59:00","guid":{"rendered":"https:\/\/fundacion-biodiversidad.es\/actualidad_home\/awareness-raising-projects-on-sustainable-water-management\/"},"modified":"2015-03-22T07:59:00","modified_gmt":"2015-03-22T06:59:00","slug":"awareness-raising-projects-on-sustainable-water-management","status":"publish","type":"actualidad_home","link":"https:\/\/fundacion-biodiversidad.es\/en\/actualidad_home\/awareness-raising-projects-on-sustainable-water-management\/","title":{"rendered":"Awareness-raising projects on sustainable water management"},"content":{"rendered":"<p>The Ministry of Agriculture, Food and Environment has joined, once again, the <a href=\"http:\/\/fundacion-biodiversidad.es\/prensa\/agenda\/dia-mundial-del-agua-1\" target=\"_blank\" rel=\"noopener\"><strong>commemorative events of World Water Day<\/strong><\/a>, and this year the United Nations has dedicated to the link between water and sustainable development.<\/p>\n<p> The Ministry, in order to bring the World Day closer to citizens, has held different events throughout this week to publicize, first-hand, <strong>the work carried out by the Administration in the field of water<\/strong>. Thus, <a href=\"http:\/\/fundacion-biodiversidad.es\/prensa\/notas-de-prensa\/el-ministerio-de-agricultura-alimentacion-y-medio-ambiente-se-suma-la#overlay-context=prensa\/agenda\/dia-mundial-del-agua-1\" target=\"_blank\" rel=\"noopener\"><strong>the Secretary of State for the Environment and in different parts of the country have organized environmental workshops<\/strong><\/a>, school activities, visits and open days, competitions, etc. <br \/>\n&nbsp;<br \/>  The Biodiversity Foundation of the Ministry of Agriculture, Food and the Environment supports with 1.2 million euros the development of <a href=\"http:\/\/fundacion-biodiversidad.es\/biodiversidad-marina-litoral\/proyectos-de-convocatorias-de-ayudas\" target=\"_blank\" rel=\"noopener\"><strong>75 projects dedicated to habitat restoration, species monitoring, training and awareness on sustainable water management<\/strong><\/a> and the development of studies on the economic valuation of water resources. Up to 50 of these projects have had the significant involvement of volunteers. <br \/>\n&nbsp;<br \/>  The Biodiversity Foundation is also executing the <a href=\"http:\/\/www.lifedesman.es\/\" rel=\"nofollow noopener\" target=\"_blank\"><strong>LIFE+ Desmania<\/strong><\/a> project as its most outstanding project, with a total amount of almost 2.6 million euros, for the conservation of the &#8220;Iberian desman&#8221;, which involves the collaboration of eight national and regional entities, from Extremadura and Castilla y Le\u00f3n, and the Duero, Tagus and Mi\u00f1o-Sil Hydrographic Confederations.<br \/>\n&nbsp;<br \/>  The Iberian desman is a small semi-aquatic insectivorous mammal that is distributed throughout the northern half of the Iberian Peninsula. Its populations have experienced a significant decline and, in some Autonomous Communities, it is in danger of extinction. The main threats have to do with causes that lead to the degradation and fragmentation of their habitat, and are mainly of anthropic origin, such as water pollution, among others. <br \/>\n&nbsp;<\/p>\n","protected":false},"author":11,"featured_media":35550,"template":"","meta":{"_acf_changed":false},"palabras_clave":[193,74,70],"class_list":["post-97857921","actualidad_home","type-actualidad_home","status-publish","has-post-thumbnail","hentry","palabras_clave-agua","palabras_clave-litoral","palabras_clave-marino"],"acf":[],"yoast_head":"<!-- This site is optimized with the Yoast SEO plugin v26.9 - https:\/\/yoast.com\/product\/yoast-seo-wordpress\/ -->\n<title>Awareness-raising projects on sustainable water management - Fundaci\u00f3n Biodiversidad<\/title>\n<meta name=\"robots\" content=\"index, follow, max-snippet:-1, max-image-preview:large, max-video-preview:-1\" \/>\n<link rel=\"canonical\" href=\"https:\/\/fundacion-biodiversidad.es\/en\/actualidad_home\/awareness-raising-projects-on-sustainable-water-management\/\" \/>\n<meta property=\"og:locale\" content=\"en_US\" \/>\n<meta property=\"og:type\" content=\"article\" \/>\n<meta property=\"og:title\" content=\"Awareness-raising projects on sustainable water management - Fundaci\u00f3n Biodiversidad\" \/>\n<meta property=\"og:description\" content=\"The Ministry of Agriculture, Food and Environment has joined, once again, the commemorative events of World Water Day, and this year the United Nations has [&hellip;]\" \/>\n<meta property=\"og:url\" content=\"https:\/\/fundacion-biodiversidad.es\/en\/actualidad_home\/awareness-raising-projects-on-sustainable-water-management\/\" \/>\n<meta property=\"og:site_name\" content=\"Fundaci\u00f3n Biodiversidad\" \/>\n<meta property=\"og:image\" content=\"https:\/\/fundacion-biodiversidad.es\/wp-content\/uploads\/2023\/01\/2487661294_35330241_720x405.png\" \/>\n\t<meta property=\"og:image:width\" content=\"720\" \/>\n\t<meta property=\"og:image:height\" content=\"405\" \/>\n\t<meta property=\"og:image:type\" content=\"image\/png\" \/>\n<meta name=\"twitter:card\" content=\"summary_large_image\" \/>\n<meta name=\"twitter:label1\" content=\"Est. reading time\" \/>\n\t<meta name=\"twitter:data1\" content=\"1 minute\" \/>\n<script type=\"application\/ld+json\" class=\"yoast-schema-graph\">{\"@context\":\"https:\/\/schema.org\",\"@graph\":[{\"@type\":\"WebPage\",\"@id\":\"https:\/\/fundacion-biodiversidad.es\/en\/actualidad_home\/awareness-raising-projects-on-sustainable-water-management\/\",\"url\":\"https:\/\/fundacion-biodiversidad.es\/en\/actualidad_home\/awareness-raising-projects-on-sustainable-water-management\/\",\"name\":\"Awareness-raising projects on sustainable water management - Fundaci\u00f3n Biodiversidad\",\"isPartOf\":{\"@id\":\"https:\/\/fundacion-biodiversidad.es\/en\/#website\"},\"primaryImageOfPage\":{\"@id\":\"https:\/\/fundacion-biodiversidad.es\/en\/actualidad_home\/awareness-raising-projects-on-sustainable-water-management\/#primaryimage\"},\"image\":{\"@id\":\"https:\/\/fundacion-biodiversidad.es\/en\/actualidad_home\/awareness-raising-projects-on-sustainable-water-management\/#primaryimage\"},\"thumbnailUrl\":\"https:\/\/fundacion-biodiversidad.es\/wp-content\/uploads\/2015\/03\/dia_mundial_del_agua.jpg\",\"datePublished\":\"2015-03-22T06:59:00+00:00\",\"breadcrumb\":{\"@id\":\"https:\/\/fundacion-biodiversidad.es\/en\/actualidad_home\/awareness-raising-projects-on-sustainable-water-management\/#breadcrumb\"},\"inLanguage\":\"en-US\",\"potentialAction\":[{\"@type\":\"ReadAction\",\"target\":[\"https:\/\/fundacion-biodiversidad.es\/en\/actualidad_home\/awareness-raising-projects-on-sustainable-water-management\/\"]}]},{\"@type\":\"ImageObject\",\"inLanguage\":\"en-US\",\"@id\":\"https:\/\/fundacion-biodiversidad.es\/en\/actualidad_home\/awareness-raising-projects-on-sustainable-water-management\/#primaryimage\",\"url\":\"https:\/\/fundacion-biodiversidad.es\/wp-content\/uploads\/2015\/03\/dia_mundial_del_agua.jpg\",\"contentUrl\":\"https:\/\/fundacion-biodiversidad.es\/wp-content\/uploads\/2015\/03\/dia_mundial_del_agua.jpg\",\"width\":715,\"height\":648},{\"@type\":\"BreadcrumbList\",\"@id\":\"https:\/\/fundacion-biodiversidad.es\/en\/actualidad_home\/awareness-raising-projects-on-sustainable-water-management\/#breadcrumb\",\"itemListElement\":[{\"@type\":\"ListItem\",\"position\":1,\"name\":\"Portada\",\"item\":\"https:\/\/fundacion-biodiversidad.es\/en\/inicio\/\"},{\"@type\":\"ListItem\",\"position\":2,\"name\":\"Noticias de actualidad\",\"item\":\"https:\/\/fundacion-biodiversidad.es\/en\/actualidad_home\/\"},{\"@type\":\"ListItem\",\"position\":3,\"name\":\"Awareness-raising projects on sustainable water management\"}]},{\"@type\":\"WebSite\",\"@id\":\"https:\/\/fundacion-biodiversidad.es\/en\/#website\",\"url\":\"https:\/\/fundacion-biodiversidad.es\/en\/\",\"name\":\"Fundaci\u00f3n Biodiversidad\",\"description\":\"Fundaci\u00f3n p\u00fablica adscrita al Ministerio para la Transici\u00f3n Ecol\u00f3gica\",\"potentialAction\":[{\"@type\":\"SearchAction\",\"target\":{\"@type\":\"EntryPoint\",\"urlTemplate\":\"https:\/\/fundacion-biodiversidad.es\/en\/?s={search_term_string}\"},\"query-input\":{\"@type\":\"PropertyValueSpecification\",\"valueRequired\":true,\"valueName\":\"search_term_string\"}}],\"inLanguage\":\"en-US\"}]}<\/script>\n<!-- \/ Yoast SEO plugin. -->","yoast_head_json":{"title":"Awareness-raising projects on sustainable water management - Fundaci\u00f3n Biodiversidad","robots":{"index":"index","follow":"follow","max-snippet":"max-snippet:-1","max-image-preview":"max-image-preview:large","max-video-preview":"max-video-preview:-1"},"canonical":"https:\/\/fundacion-biodiversidad.es\/en\/actualidad_home\/awareness-raising-projects-on-sustainable-water-management\/","og_locale":"en_US","og_type":"article","og_title":"Awareness-raising projects on sustainable water management - Fundaci\u00f3n Biodiversidad","og_description":"The Ministry of Agriculture, Food and Environment has joined, once again, the commemorative events of World Water Day, and this year the United Nations has [&hellip;]","og_url":"https:\/\/fundacion-biodiversidad.es\/en\/actualidad_home\/awareness-raising-projects-on-sustainable-water-management\/","og_site_name":"Fundaci\u00f3n Biodiversidad","og_image":[{"width":720,"height":405,"url":"https:\/\/fundacion-biodiversidad.es\/wp-content\/uploads\/2023\/01\/2487661294_35330241_720x405.png","type":"image\/png"}],"twitter_card":"summary_large_image","twitter_misc":{"Est. reading time":"1 minute"},"schema":{"@context":"https:\/\/schema.org","@graph":[{"@type":"WebPage","@id":"https:\/\/fundacion-biodiversidad.es\/en\/actualidad_home\/awareness-raising-projects-on-sustainable-water-management\/","url":"https:\/\/fundacion-biodiversidad.es\/en\/actualidad_home\/awareness-raising-projects-on-sustainable-water-management\/","name":"Awareness-raising projects on sustainable water management - Fundaci\u00f3n Biodiversidad","isPartOf":{"@id":"https:\/\/fundacion-biodiversidad.es\/en\/#website"},"primaryImageOfPage":{"@id":"https:\/\/fundacion-biodiversidad.es\/en\/actualidad_home\/awareness-raising-projects-on-sustainable-water-management\/#primaryimage"},"image":{"@id":"https:\/\/fundacion-biodiversidad.es\/en\/actualidad_home\/awareness-raising-projects-on-sustainable-water-management\/#primaryimage"},"thumbnailUrl":"https:\/\/fundacion-biodiversidad.es\/wp-content\/uploads\/2015\/03\/dia_mundial_del_agua.jpg","datePublished":"2015-03-22T06:59:00+00:00","breadcrumb":{"@id":"https:\/\/fundacion-biodiversidad.es\/en\/actualidad_home\/awareness-raising-projects-on-sustainable-water-management\/#breadcrumb"},"inLanguage":"en-US","potentialAction":[{"@type":"ReadAction","target":["https:\/\/fundacion-biodiversidad.es\/en\/actualidad_home\/awareness-raising-projects-on-sustainable-water-management\/"]}]},{"@type":"ImageObject","inLanguage":"en-US","@id":"https:\/\/fundacion-biodiversidad.es\/en\/actualidad_home\/awareness-raising-projects-on-sustainable-water-management\/#primaryimage","url":"https:\/\/fundacion-biodiversidad.es\/wp-content\/uploads\/2015\/03\/dia_mundial_del_agua.jpg","contentUrl":"https:\/\/fundacion-biodiversidad.es\/wp-content\/uploads\/2015\/03\/dia_mundial_del_agua.jpg","width":715,"height":648},{"@type":"BreadcrumbList","@id":"https:\/\/fundacion-biodiversidad.es\/en\/actualidad_home\/awareness-raising-projects-on-sustainable-water-management\/#breadcrumb","itemListElement":[{"@type":"ListItem","position":1,"name":"Portada","item":"https:\/\/fundacion-biodiversidad.es\/en\/inicio\/"},{"@type":"ListItem","position":2,"name":"Noticias de actualidad","item":"https:\/\/fundacion-biodiversidad.es\/en\/actualidad_home\/"},{"@type":"ListItem","position":3,"name":"Awareness-raising projects on sustainable water management"}]},{"@type":"WebSite","@id":"https:\/\/fundacion-biodiversidad.es\/en\/#website","url":"https:\/\/fundacion-biodiversidad.es\/en\/","name":"Fundaci\u00f3n Biodiversidad","description":"Fundaci\u00f3n p\u00fablica adscrita al Ministerio para la Transici\u00f3n Ecol\u00f3gica","potentialAction":[{"@type":"SearchAction","target":{"@type":"EntryPoint","urlTemplate":"https:\/\/fundacion-biodiversidad.es\/en\/?s={search_term_string}"},"query-input":{"@type":"PropertyValueSpecification","valueRequired":true,"valueName":"search_term_string"}}],"inLanguage":"en-US"}]}},"_links":{"self":[{"href":"https:\/\/fundacion-biodiversidad.es\/en\/wp-json\/wp\/v2\/actualidad_home\/97857921","targetHints":{"allow":["GET"]}}],"collection":[{"href":"https:\/\/fundacion-biodiversidad.es\/en\/wp-json\/wp\/v2\/actualidad_home"}],"about":[{"href":"https:\/\/fundacion-biodiversidad.es\/en\/wp-json\/wp\/v2\/types\/actualidad_home"}],"author":[{"embeddable":true,"href":"https:\/\/fundacion-biodiversidad.es\/en\/wp-json\/wp\/v2\/users\/11"}],"wp:featuredmedia":[{"embeddable":true,"href":"https:\/\/fundacion-biodiversidad.es\/en\/wp-json\/wp\/v2\/media\/35550"}],"wp:attachment":[{"href":"https:\/\/fundacion-biodiversidad.es\/en\/wp-json\/wp\/v2\/media?parent=97857921"}],"wp:term":[{"taxonomy":"palabras_clave","embeddable":true,"href":"https:\/\/fundacion-biodiversidad.es\/en\/wp-json\/wp\/v2\/palabras_clave?post=97857921"}],"curies":[{"name":"wp","href":"https:\/\/api.w.org\/{rel}","templated":true}]}}