{"id":97857923,"date":"2015-03-20T08:28:16","date_gmt":"2015-03-20T07:28:16","guid":{"rendered":"https:\/\/fundacion-biodiversidad.es\/actualidad_home\/future-management-of-the-integrated-management-project-of-the-marine-natura-2000-network\/"},"modified":"2015-03-20T08:28:16","modified_gmt":"2015-03-20T07:28:16","slug":"future-management-of-the-integrated-management-project-of-the-marine-natura-2000-network","status":"publish","type":"actualidad_home","link":"https:\/\/fundacion-biodiversidad.es\/en\/actualidad_home\/future-management-of-the-integrated-management-project-of-the-marine-natura-2000-network\/","title":{"rendered":"Future management of the integrated management project of the marine Natura 2000 Network"},"content":{"rendered":"<p>The Director General of Sustainability of the Coast and the Sea, <strong>Pablo Saavedra<\/strong>, participated today in a working meeting with the sectors involved in the <a href=\"http:\/\/www.indemares.es\/\" rel=\"nofollow noopener\" target=\"_blank\"><strong>INDEMARES project<\/strong><\/a> to analyse the possible future development of the integrated management project of the <a href=\"http:\/\/www.indemares.es\/proyecto\/red-natura-2000\" rel=\"nofollow noopener\" target=\"_blank\"><strong>marine Natura 2000 Network<\/strong><\/a>.<br \/>\n&nbsp;<br \/>  The meeting, which took place at the <strong>Seville headquarters of the Biodiversity Foundation of the<\/strong> Ministry of Agriculture, Food and the Environment, was <a href=\"http:\/\/www.indemares.es\/proyecto\/descripcion\" rel=\"nofollow noopener\" target=\"_blank\"><strong>attended by the entities that have worked within the framework of INDEMARES,<\/strong><\/a> representatives of the fishing sector and partners in the integrated project proposal. The Indemares project has made it possible to protect 8% of the marine surface in Spain, with the inclusion of 49 new marine areas in the Natura 2000 Network. <br \/>\n&nbsp;<br \/>  Saavedra thanked &#8220;the effort made by the more than 300 people who have worked at INDEMARES&#8221;, while requesting &#8220;the <strong>same collaboration for the future<\/strong>, during the execution of the integrated project, a new challenge in which I am sure we all have a lot to contribute&#8221;.<br \/>\n&nbsp;<br \/>  In this working meeting, this <strong>integrating project<\/strong> was discussed, a programme that the Ministry of Agriculture, Food and the Environment, through the Foundation, has presented to the LIFE 2014 Call to manage the Natura 2000 Network in the marine environment. <a href=\"http:\/\/fundacion-biodiversidad.es\/prensa\/actualidad\/mas-de-40-aportaciones-y-20-cartas-de-apoyo-la-propuesta-de-proyecto-de-gestion-de\" target=\"_blank\" rel=\"noopener\"><strong>Last September, the Biodiversity Foundation opened a process of public contributions to this project, during which 116 contributions were received from 49 entities<\/strong><\/a>, including represented autonomous communities, scientific bodies, fishermen&#8217;s guilds and conservation organisations.<br \/>\n&nbsp;<br \/>  The final version of this project, including all these contributions, has been <strong>pre-selected by the European Commission <\/strong>and will be presented for final evaluation on April 10.&nbsp;<br \/>\n&nbsp;<\/p>\n","protected":false},"author":11,"featured_media":35549,"template":"","meta":{"_acf_changed":false},"palabras_clave":[67,175,42,200],"class_list":["post-97857923","actualidad_home","type-actualidad_home","status-publish","has-post-thumbnail","hentry","palabras_clave-especies","palabras_clave-habitats","palabras_clave-indemares","palabras_clave-red-natura-2000"],"acf":[],"yoast_head":"<!-- This site is optimized with the Yoast SEO plugin v26.9 - https:\/\/yoast.com\/product\/yoast-seo-wordpress\/ -->\n<title>Future management of the integrated management project of the marine Natura 2000 Network - Fundaci\u00f3n Biodiversidad<\/title>\n<meta name=\"robots\" content=\"index, follow, max-snippet:-1, max-image-preview:large, max-video-preview:-1\" \/>\n<link rel=\"canonical\" href=\"https:\/\/fundacion-biodiversidad.es\/en\/actualidad_home\/future-management-of-the-integrated-management-project-of-the-marine-natura-2000-network\/\" \/>\n<meta property=\"og:locale\" content=\"en_US\" \/>\n<meta property=\"og:type\" content=\"article\" \/>\n<meta property=\"og:title\" content=\"Future management of the integrated management project of the marine Natura 2000 Network - Fundaci\u00f3n Biodiversidad\" \/>\n<meta property=\"og:description\" content=\"The Director General of Sustainability of the Coast and the Sea, Pablo Saavedra, participated today in a working meeting with the sectors involved in the [&hellip;]\" \/>\n<meta property=\"og:url\" content=\"https:\/\/fundacion-biodiversidad.es\/en\/actualidad_home\/future-management-of-the-integrated-management-project-of-the-marine-natura-2000-network\/\" \/>\n<meta property=\"og:site_name\" content=\"Fundaci\u00f3n Biodiversidad\" \/>\n<meta property=\"og:image\" content=\"https:\/\/fundacion-biodiversidad.es\/wp-content\/uploads\/2023\/01\/2487661294_35330241_720x405.png\" \/>\n\t<meta property=\"og:image:width\" content=\"720\" \/>\n\t<meta property=\"og:image:height\" content=\"405\" \/>\n\t<meta property=\"og:image:type\" content=\"image\/png\" \/>\n<meta name=\"twitter:card\" content=\"summary_large_image\" \/>\n<meta name=\"twitter:label1\" content=\"Est. reading time\" \/>\n\t<meta name=\"twitter:data1\" content=\"1 minute\" \/>\n<script type=\"application\/ld+json\" class=\"yoast-schema-graph\">{\"@context\":\"https:\/\/schema.org\",\"@graph\":[{\"@type\":\"WebPage\",\"@id\":\"https:\/\/fundacion-biodiversidad.es\/en\/actualidad_home\/future-management-of-the-integrated-management-project-of-the-marine-natura-2000-network\/\",\"url\":\"https:\/\/fundacion-biodiversidad.es\/en\/actualidad_home\/future-management-of-the-integrated-management-project-of-the-marine-natura-2000-network\/\",\"name\":\"Future management of the integrated management project of the marine Natura 2000 Network - Fundaci\u00f3n Biodiversidad\",\"isPartOf\":{\"@id\":\"https:\/\/fundacion-biodiversidad.es\/en\/#website\"},\"primaryImageOfPage\":{\"@id\":\"https:\/\/fundacion-biodiversidad.es\/en\/actualidad_home\/future-management-of-the-integrated-management-project-of-the-marine-natura-2000-network\/#primaryimage\"},\"image\":{\"@id\":\"https:\/\/fundacion-biodiversidad.es\/en\/actualidad_home\/future-management-of-the-integrated-management-project-of-the-marine-natura-2000-network\/#primaryimage\"},\"thumbnailUrl\":\"https:\/\/fundacion-biodiversidad.es\/wp-content\/uploads\/2015\/03\/reunion_de_trabajo_indemares.jpg\",\"datePublished\":\"2015-03-20T07:28:16+00:00\",\"breadcrumb\":{\"@id\":\"https:\/\/fundacion-biodiversidad.es\/en\/actualidad_home\/future-management-of-the-integrated-management-project-of-the-marine-natura-2000-network\/#breadcrumb\"},\"inLanguage\":\"en-US\",\"potentialAction\":[{\"@type\":\"ReadAction\",\"target\":[\"https:\/\/fundacion-biodiversidad.es\/en\/actualidad_home\/future-management-of-the-integrated-management-project-of-the-marine-natura-2000-network\/\"]}]},{\"@type\":\"ImageObject\",\"inLanguage\":\"en-US\",\"@id\":\"https:\/\/fundacion-biodiversidad.es\/en\/actualidad_home\/future-management-of-the-integrated-management-project-of-the-marine-natura-2000-network\/#primaryimage\",\"url\":\"https:\/\/fundacion-biodiversidad.es\/wp-content\/uploads\/2015\/03\/reunion_de_trabajo_indemares.jpg\",\"contentUrl\":\"https:\/\/fundacion-biodiversidad.es\/wp-content\/uploads\/2015\/03\/reunion_de_trabajo_indemares.jpg\",\"width\":1258,\"height\":647},{\"@type\":\"BreadcrumbList\",\"@id\":\"https:\/\/fundacion-biodiversidad.es\/en\/actualidad_home\/future-management-of-the-integrated-management-project-of-the-marine-natura-2000-network\/#breadcrumb\",\"itemListElement\":[{\"@type\":\"ListItem\",\"position\":1,\"name\":\"Portada\",\"item\":\"https:\/\/fundacion-biodiversidad.es\/en\/inicio\/\"},{\"@type\":\"ListItem\",\"position\":2,\"name\":\"Noticias de actualidad\",\"item\":\"https:\/\/fundacion-biodiversidad.es\/en\/actualidad_home\/\"},{\"@type\":\"ListItem\",\"position\":3,\"name\":\"Future management of the integrated management project of the marine Natura 2000 Network\"}]},{\"@type\":\"WebSite\",\"@id\":\"https:\/\/fundacion-biodiversidad.es\/en\/#website\",\"url\":\"https:\/\/fundacion-biodiversidad.es\/en\/\",\"name\":\"Fundaci\u00f3n Biodiversidad\",\"description\":\"Fundaci\u00f3n p\u00fablica adscrita al Ministerio para la Transici\u00f3n Ecol\u00f3gica\",\"potentialAction\":[{\"@type\":\"SearchAction\",\"target\":{\"@type\":\"EntryPoint\",\"urlTemplate\":\"https:\/\/fundacion-biodiversidad.es\/en\/?s={search_term_string}\"},\"query-input\":{\"@type\":\"PropertyValueSpecification\",\"valueRequired\":true,\"valueName\":\"search_term_string\"}}],\"inLanguage\":\"en-US\"}]}<\/script>\n<!-- \/ Yoast SEO plugin. -->","yoast_head_json":{"title":"Future management of the integrated management project of the marine Natura 2000 Network - Fundaci\u00f3n Biodiversidad","robots":{"index":"index","follow":"follow","max-snippet":"max-snippet:-1","max-image-preview":"max-image-preview:large","max-video-preview":"max-video-preview:-1"},"canonical":"https:\/\/fundacion-biodiversidad.es\/en\/actualidad_home\/future-management-of-the-integrated-management-project-of-the-marine-natura-2000-network\/","og_locale":"en_US","og_type":"article","og_title":"Future management of the integrated management project of the marine Natura 2000 Network - Fundaci\u00f3n Biodiversidad","og_description":"The Director General of Sustainability of the Coast and the Sea, Pablo Saavedra, participated today in a working meeting with the sectors involved in the [&hellip;]","og_url":"https:\/\/fundacion-biodiversidad.es\/en\/actualidad_home\/future-management-of-the-integrated-management-project-of-the-marine-natura-2000-network\/","og_site_name":"Fundaci\u00f3n Biodiversidad","og_image":[{"width":720,"height":405,"url":"https:\/\/fundacion-biodiversidad.es\/wp-content\/uploads\/2023\/01\/2487661294_35330241_720x405.png","type":"image\/png"}],"twitter_card":"summary_large_image","twitter_misc":{"Est. reading time":"1 minute"},"schema":{"@context":"https:\/\/schema.org","@graph":[{"@type":"WebPage","@id":"https:\/\/fundacion-biodiversidad.es\/en\/actualidad_home\/future-management-of-the-integrated-management-project-of-the-marine-natura-2000-network\/","url":"https:\/\/fundacion-biodiversidad.es\/en\/actualidad_home\/future-management-of-the-integrated-management-project-of-the-marine-natura-2000-network\/","name":"Future management of the integrated management project of the marine Natura 2000 Network - Fundaci\u00f3n Biodiversidad","isPartOf":{"@id":"https:\/\/fundacion-biodiversidad.es\/en\/#website"},"primaryImageOfPage":{"@id":"https:\/\/fundacion-biodiversidad.es\/en\/actualidad_home\/future-management-of-the-integrated-management-project-of-the-marine-natura-2000-network\/#primaryimage"},"image":{"@id":"https:\/\/fundacion-biodiversidad.es\/en\/actualidad_home\/future-management-of-the-integrated-management-project-of-the-marine-natura-2000-network\/#primaryimage"},"thumbnailUrl":"https:\/\/fundacion-biodiversidad.es\/wp-content\/uploads\/2015\/03\/reunion_de_trabajo_indemares.jpg","datePublished":"2015-03-20T07:28:16+00:00","breadcrumb":{"@id":"https:\/\/fundacion-biodiversidad.es\/en\/actualidad_home\/future-management-of-the-integrated-management-project-of-the-marine-natura-2000-network\/#breadcrumb"},"inLanguage":"en-US","potentialAction":[{"@type":"ReadAction","target":["https:\/\/fundacion-biodiversidad.es\/en\/actualidad_home\/future-management-of-the-integrated-management-project-of-the-marine-natura-2000-network\/"]}]},{"@type":"ImageObject","inLanguage":"en-US","@id":"https:\/\/fundacion-biodiversidad.es\/en\/actualidad_home\/future-management-of-the-integrated-management-project-of-the-marine-natura-2000-network\/#primaryimage","url":"https:\/\/fundacion-biodiversidad.es\/wp-content\/uploads\/2015\/03\/reunion_de_trabajo_indemares.jpg","contentUrl":"https:\/\/fundacion-biodiversidad.es\/wp-content\/uploads\/2015\/03\/reunion_de_trabajo_indemares.jpg","width":1258,"height":647},{"@type":"BreadcrumbList","@id":"https:\/\/fundacion-biodiversidad.es\/en\/actualidad_home\/future-management-of-the-integrated-management-project-of-the-marine-natura-2000-network\/#breadcrumb","itemListElement":[{"@type":"ListItem","position":1,"name":"Portada","item":"https:\/\/fundacion-biodiversidad.es\/en\/inicio\/"},{"@type":"ListItem","position":2,"name":"Noticias de actualidad","item":"https:\/\/fundacion-biodiversidad.es\/en\/actualidad_home\/"},{"@type":"ListItem","position":3,"name":"Future management of the integrated management project of the marine Natura 2000 Network"}]},{"@type":"WebSite","@id":"https:\/\/fundacion-biodiversidad.es\/en\/#website","url":"https:\/\/fundacion-biodiversidad.es\/en\/","name":"Fundaci\u00f3n Biodiversidad","description":"Fundaci\u00f3n p\u00fablica adscrita al Ministerio para la Transici\u00f3n Ecol\u00f3gica","potentialAction":[{"@type":"SearchAction","target":{"@type":"EntryPoint","urlTemplate":"https:\/\/fundacion-biodiversidad.es\/en\/?s={search_term_string}"},"query-input":{"@type":"PropertyValueSpecification","valueRequired":true,"valueName":"search_term_string"}}],"inLanguage":"en-US"}]}},"_links":{"self":[{"href":"https:\/\/fundacion-biodiversidad.es\/en\/wp-json\/wp\/v2\/actualidad_home\/97857923","targetHints":{"allow":["GET"]}}],"collection":[{"href":"https:\/\/fundacion-biodiversidad.es\/en\/wp-json\/wp\/v2\/actualidad_home"}],"about":[{"href":"https:\/\/fundacion-biodiversidad.es\/en\/wp-json\/wp\/v2\/types\/actualidad_home"}],"author":[{"embeddable":true,"href":"https:\/\/fundacion-biodiversidad.es\/en\/wp-json\/wp\/v2\/users\/11"}],"wp:featuredmedia":[{"embeddable":true,"href":"https:\/\/fundacion-biodiversidad.es\/en\/wp-json\/wp\/v2\/media\/35549"}],"wp:attachment":[{"href":"https:\/\/fundacion-biodiversidad.es\/en\/wp-json\/wp\/v2\/media?parent=97857923"}],"wp:term":[{"taxonomy":"palabras_clave","embeddable":true,"href":"https:\/\/fundacion-biodiversidad.es\/en\/wp-json\/wp\/v2\/palabras_clave?post=97857923"}],"curies":[{"name":"wp","href":"https:\/\/api.w.org\/{rel}","templated":true}]}}