{"id":97857924,"date":"2015-02-26T16:47:34","date_gmt":"2015-02-26T15:47:34","guid":{"rendered":"https:\/\/fundacion-biodiversidad.es\/actualidad_home\/support-for-eco-design-as-a-sustainable-and-efficient-job-creation-sector\/"},"modified":"2015-02-26T16:47:34","modified_gmt":"2015-02-26T15:47:34","slug":"support-for-eco-design-as-a-sustainable-and-efficient-job-creation-sector","status":"publish","type":"actualidad_home","link":"https:\/\/fundacion-biodiversidad.es\/en\/actualidad_home\/support-for-eco-design-as-a-sustainable-and-efficient-job-creation-sector\/","title":{"rendered":"Support for eco-design as a sustainable and efficient job creation sector"},"content":{"rendered":"<p class=\"MsoNormal\"><span style=\"display:none\">&nbsp;<\/span>The Director General of Environmental Quality and Assessment and the Natural Environment of the Ministry of Agriculture, Food and the Environment, <strong>Guillermina Yanguas<\/strong>, inaugurated today, in Madrid, the <a href=\"http:\/\/fundacion-biodiversidad.es\/sites\/default\/files\/notas\/15.02.26_jornada_emprendeverde.pdf\" target=\"_blank\" rel=\"noopener\"><strong>ninth Emprendeverde Meeting &#8220;Ecodesign and green entrepreneurship&#8221;,<\/strong><\/a> organized by the Ministry&#8217;s Biodiversity Foundation to support business entrepreneurship in the environmental sector and promote the circular economy.<\/p>\n<p>  The meeting, which was also attended by the Director of Institutional Relations and Adhered Companies of Ecoembes, <strong>Bego\u00f1a de Benito<\/strong>, and the Director of the Biodiversity Foundation, <strong>Sonia Casta\u00f1eda<\/strong>, is one of the actions planned within the framework of the &#8220;<a href=\"http:\/\/www.redemprendeverde.es\/pg\/news\/admin\/read\/58030\/%C2%A1Lanzamos%20el%20nuevo%20Programa%20emprendeverde%20Eco-Recinnova!\/\" target=\"_blank\" rel=\"noopener\"><strong>Eco-Recinnova Entrepreneurship Program<\/strong><\/a>&#8220;, a cycle of activities developed in collaboration with Ecoembes, to promote the creation and consolidation of companies or new lines of business in the field of eco-design, recycling and eco-innovation.<\/p>\n<p>  During the meeting, innovative experiences in the field of eco-design and the prevention of environmental impact were presented. Thus, experts and entrepreneurs who are members of the <a href=\"http:\/\/www.redemprendeverde.es\/\" target=\"_blank\" rel=\"noopener\"><strong>Emprendeverde Network<\/strong><\/a> such as Nicola Cerantola, from Ecologing; Carles Mart\u00ednez, from In\u00e8dit; Jordi Mayals, from L&#8217;estoc;  Rafael Aparicio, from Biomival; Rub\u00e9n Canerero, from IK Ingenier\u00eda, and Ignacio Bautista, from CartonLab, have shown their activity in this sector. <\/p>\n<p>  The &#8220;Emprendeverde Meetings&#8221; are <strong>training and networking micro-events aimed at entrepreneurs of the Emprendeverde Network<\/strong>, the first platform specialized in green business aimed at entrepreneurs and investors in order to promote the creation and consolidation of companies or new lines of business in activities related to the environment and channel investment towards sustainable economic activities.<\/p>\n<p><strong>More than 300 entrepreneurs have already participated in the eight previous &#8220;Emprendeverde Meetings&#8221;,<\/strong> which have dealt with topics as diverse as water, the circular economy or sustainable mobility. In total, more than 38 entrepreneurs have shown their products and services in the three &#8220;emprendeverde marketplaces&#8221; organized by the Network, which already has<strong> nearly 7,000 members<\/strong>. <\/p>\n<p>&nbsp;<\/p>\n","protected":false},"author":11,"featured_media":35537,"template":"","meta":{"_acf_changed":false},"palabras_clave":[177,78,56,55,59],"class_list":["post-97857924","actualidad_home","type-actualidad_home","status-publish","has-post-thumbnail","hentry","palabras_clave-ecodiseno","palabras_clave-empleaverde","palabras_clave-empleo-verde","palabras_clave-emprendimiento","palabras_clave-red-emprendeverde"],"acf":[],"yoast_head":"<!-- This site is optimized with the Yoast SEO plugin v26.9 - https:\/\/yoast.com\/product\/yoast-seo-wordpress\/ -->\n<title>Support for eco-design as a sustainable and efficient job creation sector - Fundaci\u00f3n Biodiversidad<\/title>\n<meta name=\"robots\" content=\"index, follow, max-snippet:-1, max-image-preview:large, max-video-preview:-1\" \/>\n<link rel=\"canonical\" href=\"https:\/\/fundacion-biodiversidad.es\/en\/actualidad_home\/support-for-eco-design-as-a-sustainable-and-efficient-job-creation-sector\/\" \/>\n<meta property=\"og:locale\" content=\"en_US\" \/>\n<meta property=\"og:type\" content=\"article\" \/>\n<meta property=\"og:title\" content=\"Support for eco-design as a sustainable and efficient job creation sector - Fundaci\u00f3n Biodiversidad\" \/>\n<meta property=\"og:description\" content=\"&nbsp;The Director General of Environmental Quality and Assessment and the Natural Environment of the Ministry of Agriculture, Food and the Environment, Guillermina Yanguas, inaugurated today, [&hellip;]\" \/>\n<meta property=\"og:url\" content=\"https:\/\/fundacion-biodiversidad.es\/en\/actualidad_home\/support-for-eco-design-as-a-sustainable-and-efficient-job-creation-sector\/\" \/>\n<meta property=\"og:site_name\" content=\"Fundaci\u00f3n Biodiversidad\" \/>\n<meta property=\"og:image\" content=\"https:\/\/fundacion-biodiversidad.es\/wp-content\/uploads\/2023\/01\/2487661294_35330241_720x405.png\" \/>\n\t<meta property=\"og:image:width\" content=\"720\" \/>\n\t<meta property=\"og:image:height\" content=\"405\" \/>\n\t<meta property=\"og:image:type\" content=\"image\/png\" \/>\n<meta name=\"twitter:card\" content=\"summary_large_image\" \/>\n<meta name=\"twitter:label1\" content=\"Est. reading time\" \/>\n\t<meta name=\"twitter:data1\" content=\"2 minutes\" \/>\n<script type=\"application\/ld+json\" class=\"yoast-schema-graph\">{\"@context\":\"https:\/\/schema.org\",\"@graph\":[{\"@type\":\"WebPage\",\"@id\":\"https:\/\/fundacion-biodiversidad.es\/en\/actualidad_home\/support-for-eco-design-as-a-sustainable-and-efficient-job-creation-sector\/\",\"url\":\"https:\/\/fundacion-biodiversidad.es\/en\/actualidad_home\/support-for-eco-design-as-a-sustainable-and-efficient-job-creation-sector\/\",\"name\":\"Support for eco-design as a sustainable and efficient job creation sector - Fundaci\u00f3n Biodiversidad\",\"isPartOf\":{\"@id\":\"https:\/\/fundacion-biodiversidad.es\/en\/#website\"},\"primaryImageOfPage\":{\"@id\":\"https:\/\/fundacion-biodiversidad.es\/en\/actualidad_home\/support-for-eco-design-as-a-sustainable-and-efficient-job-creation-sector\/#primaryimage\"},\"image\":{\"@id\":\"https:\/\/fundacion-biodiversidad.es\/en\/actualidad_home\/support-for-eco-design-as-a-sustainable-and-efficient-job-creation-sector\/#primaryimage\"},\"thumbnailUrl\":\"https:\/\/fundacion-biodiversidad.es\/wp-content\/uploads\/2015\/02\/guillermina_yanguas_inaugura_el_noveno_encuentro-scaled.jpg\",\"datePublished\":\"2015-02-26T15:47:34+00:00\",\"breadcrumb\":{\"@id\":\"https:\/\/fundacion-biodiversidad.es\/en\/actualidad_home\/support-for-eco-design-as-a-sustainable-and-efficient-job-creation-sector\/#breadcrumb\"},\"inLanguage\":\"en-US\",\"potentialAction\":[{\"@type\":\"ReadAction\",\"target\":[\"https:\/\/fundacion-biodiversidad.es\/en\/actualidad_home\/support-for-eco-design-as-a-sustainable-and-efficient-job-creation-sector\/\"]}]},{\"@type\":\"ImageObject\",\"inLanguage\":\"en-US\",\"@id\":\"https:\/\/fundacion-biodiversidad.es\/en\/actualidad_home\/support-for-eco-design-as-a-sustainable-and-efficient-job-creation-sector\/#primaryimage\",\"url\":\"https:\/\/fundacion-biodiversidad.es\/wp-content\/uploads\/2015\/02\/guillermina_yanguas_inaugura_el_noveno_encuentro-scaled.jpg\",\"contentUrl\":\"https:\/\/fundacion-biodiversidad.es\/wp-content\/uploads\/2015\/02\/guillermina_yanguas_inaugura_el_noveno_encuentro-scaled.jpg\",\"width\":2560,\"height\":2210},{\"@type\":\"BreadcrumbList\",\"@id\":\"https:\/\/fundacion-biodiversidad.es\/en\/actualidad_home\/support-for-eco-design-as-a-sustainable-and-efficient-job-creation-sector\/#breadcrumb\",\"itemListElement\":[{\"@type\":\"ListItem\",\"position\":1,\"name\":\"Portada\",\"item\":\"https:\/\/fundacion-biodiversidad.es\/en\/inicio\/\"},{\"@type\":\"ListItem\",\"position\":2,\"name\":\"Noticias de actualidad\",\"item\":\"https:\/\/fundacion-biodiversidad.es\/en\/actualidad_home\/\"},{\"@type\":\"ListItem\",\"position\":3,\"name\":\"Support for eco-design as a sustainable and efficient job creation sector\"}]},{\"@type\":\"WebSite\",\"@id\":\"https:\/\/fundacion-biodiversidad.es\/en\/#website\",\"url\":\"https:\/\/fundacion-biodiversidad.es\/en\/\",\"name\":\"Fundaci\u00f3n Biodiversidad\",\"description\":\"Fundaci\u00f3n p\u00fablica adscrita al Ministerio para la Transici\u00f3n Ecol\u00f3gica\",\"potentialAction\":[{\"@type\":\"SearchAction\",\"target\":{\"@type\":\"EntryPoint\",\"urlTemplate\":\"https:\/\/fundacion-biodiversidad.es\/en\/?s={search_term_string}\"},\"query-input\":{\"@type\":\"PropertyValueSpecification\",\"valueRequired\":true,\"valueName\":\"search_term_string\"}}],\"inLanguage\":\"en-US\"}]}<\/script>\n<!-- \/ Yoast SEO plugin. -->","yoast_head_json":{"title":"Support for eco-design as a sustainable and efficient job creation sector - Fundaci\u00f3n Biodiversidad","robots":{"index":"index","follow":"follow","max-snippet":"max-snippet:-1","max-image-preview":"max-image-preview:large","max-video-preview":"max-video-preview:-1"},"canonical":"https:\/\/fundacion-biodiversidad.es\/en\/actualidad_home\/support-for-eco-design-as-a-sustainable-and-efficient-job-creation-sector\/","og_locale":"en_US","og_type":"article","og_title":"Support for eco-design as a sustainable and efficient job creation sector - Fundaci\u00f3n Biodiversidad","og_description":"&nbsp;The Director General of Environmental Quality and Assessment and the Natural Environment of the Ministry of Agriculture, Food and the Environment, Guillermina Yanguas, inaugurated today, [&hellip;]","og_url":"https:\/\/fundacion-biodiversidad.es\/en\/actualidad_home\/support-for-eco-design-as-a-sustainable-and-efficient-job-creation-sector\/","og_site_name":"Fundaci\u00f3n Biodiversidad","og_image":[{"width":720,"height":405,"url":"https:\/\/fundacion-biodiversidad.es\/wp-content\/uploads\/2023\/01\/2487661294_35330241_720x405.png","type":"image\/png"}],"twitter_card":"summary_large_image","twitter_misc":{"Est. reading time":"2 minutes"},"schema":{"@context":"https:\/\/schema.org","@graph":[{"@type":"WebPage","@id":"https:\/\/fundacion-biodiversidad.es\/en\/actualidad_home\/support-for-eco-design-as-a-sustainable-and-efficient-job-creation-sector\/","url":"https:\/\/fundacion-biodiversidad.es\/en\/actualidad_home\/support-for-eco-design-as-a-sustainable-and-efficient-job-creation-sector\/","name":"Support for eco-design as a sustainable and efficient job creation sector - Fundaci\u00f3n Biodiversidad","isPartOf":{"@id":"https:\/\/fundacion-biodiversidad.es\/en\/#website"},"primaryImageOfPage":{"@id":"https:\/\/fundacion-biodiversidad.es\/en\/actualidad_home\/support-for-eco-design-as-a-sustainable-and-efficient-job-creation-sector\/#primaryimage"},"image":{"@id":"https:\/\/fundacion-biodiversidad.es\/en\/actualidad_home\/support-for-eco-design-as-a-sustainable-and-efficient-job-creation-sector\/#primaryimage"},"thumbnailUrl":"https:\/\/fundacion-biodiversidad.es\/wp-content\/uploads\/2015\/02\/guillermina_yanguas_inaugura_el_noveno_encuentro-scaled.jpg","datePublished":"2015-02-26T15:47:34+00:00","breadcrumb":{"@id":"https:\/\/fundacion-biodiversidad.es\/en\/actualidad_home\/support-for-eco-design-as-a-sustainable-and-efficient-job-creation-sector\/#breadcrumb"},"inLanguage":"en-US","potentialAction":[{"@type":"ReadAction","target":["https:\/\/fundacion-biodiversidad.es\/en\/actualidad_home\/support-for-eco-design-as-a-sustainable-and-efficient-job-creation-sector\/"]}]},{"@type":"ImageObject","inLanguage":"en-US","@id":"https:\/\/fundacion-biodiversidad.es\/en\/actualidad_home\/support-for-eco-design-as-a-sustainable-and-efficient-job-creation-sector\/#primaryimage","url":"https:\/\/fundacion-biodiversidad.es\/wp-content\/uploads\/2015\/02\/guillermina_yanguas_inaugura_el_noveno_encuentro-scaled.jpg","contentUrl":"https:\/\/fundacion-biodiversidad.es\/wp-content\/uploads\/2015\/02\/guillermina_yanguas_inaugura_el_noveno_encuentro-scaled.jpg","width":2560,"height":2210},{"@type":"BreadcrumbList","@id":"https:\/\/fundacion-biodiversidad.es\/en\/actualidad_home\/support-for-eco-design-as-a-sustainable-and-efficient-job-creation-sector\/#breadcrumb","itemListElement":[{"@type":"ListItem","position":1,"name":"Portada","item":"https:\/\/fundacion-biodiversidad.es\/en\/inicio\/"},{"@type":"ListItem","position":2,"name":"Noticias de actualidad","item":"https:\/\/fundacion-biodiversidad.es\/en\/actualidad_home\/"},{"@type":"ListItem","position":3,"name":"Support for eco-design as a sustainable and efficient job creation sector"}]},{"@type":"WebSite","@id":"https:\/\/fundacion-biodiversidad.es\/en\/#website","url":"https:\/\/fundacion-biodiversidad.es\/en\/","name":"Fundaci\u00f3n Biodiversidad","description":"Fundaci\u00f3n p\u00fablica adscrita al Ministerio para la Transici\u00f3n Ecol\u00f3gica","potentialAction":[{"@type":"SearchAction","target":{"@type":"EntryPoint","urlTemplate":"https:\/\/fundacion-biodiversidad.es\/en\/?s={search_term_string}"},"query-input":{"@type":"PropertyValueSpecification","valueRequired":true,"valueName":"search_term_string"}}],"inLanguage":"en-US"}]}},"_links":{"self":[{"href":"https:\/\/fundacion-biodiversidad.es\/en\/wp-json\/wp\/v2\/actualidad_home\/97857924","targetHints":{"allow":["GET"]}}],"collection":[{"href":"https:\/\/fundacion-biodiversidad.es\/en\/wp-json\/wp\/v2\/actualidad_home"}],"about":[{"href":"https:\/\/fundacion-biodiversidad.es\/en\/wp-json\/wp\/v2\/types\/actualidad_home"}],"author":[{"embeddable":true,"href":"https:\/\/fundacion-biodiversidad.es\/en\/wp-json\/wp\/v2\/users\/11"}],"wp:featuredmedia":[{"embeddable":true,"href":"https:\/\/fundacion-biodiversidad.es\/en\/wp-json\/wp\/v2\/media\/35537"}],"wp:attachment":[{"href":"https:\/\/fundacion-biodiversidad.es\/en\/wp-json\/wp\/v2\/media?parent=97857924"}],"wp:term":[{"taxonomy":"palabras_clave","embeddable":true,"href":"https:\/\/fundacion-biodiversidad.es\/en\/wp-json\/wp\/v2\/palabras_clave?post=97857924"}],"curies":[{"name":"wp","href":"https:\/\/api.w.org\/{rel}","templated":true}]}}