{"id":97857928,"date":"2015-02-23T10:34:55","date_gmt":"2015-02-23T09:34:55","guid":{"rendered":"https:\/\/fundacion-biodiversidad.es\/actualidad_home\/seminar-to-analyse-the-main-threats-of-the-iberian-desman\/"},"modified":"2015-02-23T10:34:55","modified_gmt":"2015-02-23T09:34:55","slug":"seminar-to-analyse-the-main-threats-of-the-iberian-desman","status":"publish","type":"actualidad_home","link":"https:\/\/fundacion-biodiversidad.es\/en\/actualidad_home\/seminar-to-analyse-the-main-threats-of-the-iberian-desman\/","title":{"rendered":"Seminar to analyse the main threats of the Iberian desman"},"content":{"rendered":"<p>On 25 and 26 February, the town of Hoyos del Espino in \u00c1vila hosted the third technical seminar of the <a href=\"http:\/\/www.lifedesman.es\/\" rel=\"nofollow noopener\" target=\"_blank\"><strong>LIFE+ Desmania project &#8220;Programme for the conservation and recovery of Galemys pyrenaicus and its habitat in Castilla y Le\u00f3n and Extremadura&#8221;,<\/strong><\/a> a project coordinated by the Biodiversity Foundation of the Ministry of Agriculture, Food and the Environment.  which aims to <strong>recover and conserve the Iberian desman and its habitat <\/strong>in areas of the <strong><a href=\"http:\/\/www.lifedesman.es\/es\/red-natura-2000\" rel=\"nofollow noopener\" target=\"_blank\">Natura 2000 Network<\/a><\/strong> of Castilla y Le\u00f3n and Extremadura.<br \/>\n&nbsp;<br \/>  At the meeting, the attendees analysed the state of the population and habitat of the Iberian desman in the project area, and shared their progress in those specific actions developed to improve the management and conservation of the species&#8217; habitat in different areas, such as the control of the American mink, the regeneration of the riverside habitat,  the elimination of barriers to the facilitation of longitudinal connectivity in its distribution area, as well as the improvement in the use and quality of water and optimization of the water regime.<br \/>\n&nbsp;<br \/>  The <a href=\"http:\/\/www.lifedesman.es\/es\/desman-iberico\/amenazas\" rel=\"nofollow noopener\" target=\"_blank\"><strong>main threats<\/strong><\/a> to the survival of this small insectivorous and semi-aquatic mammal have to do with causes that lead to the <strong>degradation and fragmentation of its habitat,<\/strong> and which are mainly of anthropic origin, such as water pollution, illegal or uncontrolled withdrawals, degradation of riparian forests, the presence or creation of artificial barriers and the expansion of the American mink.<br \/>\n&nbsp;<br \/>  For two days, the technical teams of the project partners, including <a href=\"http:\/\/www.lifedesman.es\/es\/proyecto-life\/colaboradores\" rel=\"nofollow noopener\" target=\"_blank\"><strong>administrations, entities and associations involved in the conservation of the Iberian desman<\/strong><\/a>, have delved into the search for solutions to stop the regression of the populations of the species, through the sharing of the results and progress achieved in their corresponding areas of action.  and to share experiences regarding the management of the distribution area, the population structure and the habitat of the Iberian desman, in order to advance their knowledge of the biological, ecological and ethological aspects of the species.<br \/>\n&nbsp;<br \/>  This seminar will serve as a starting point for the beginning of in situ actions that will be carried out in the coming years and that will improve the habitat of the Iberian desman and correct threats that are reducing its populations.<br \/>\n&nbsp;<br \/>  The LIFE+ Desmania project, co-financed 50 percent by the European Commission, has as <a href=\"http:\/\/www.lifedesman.es\/es\/proyecto-life\/socios\" rel=\"nofollow noopener\" target=\"_blank\"><strong>partners<\/strong><\/a>, in addition to the Biodiversity Foundation of the Ministry of Agriculture, Food and the Environment, the Ministry itself, the Junta de Castilla y Le\u00f3n, the Government of Extremadura, CESEFOR, the Natural Heritage Foundation of Castilla y Le\u00f3n, SOMACYL and Tragsatec. The City Council of Valencia de Don Juan and the Association of Municipalities of the South of Le\u00f3n participate as co-financiers. It also has the support of the Mi\u00f1o-Sil, Tagus and Duero Hydrographic Confederations, research centres and fishermen&#8217;s associations.  <br \/>\n&nbsp;<\/p>\n","protected":false},"author":11,"featured_media":35535,"template":"","meta":{"_acf_changed":false},"palabras_clave":[129,174,67,175],"class_list":["post-97857928","actualidad_home","type-actualidad_home","status-publish","has-post-thumbnail","hentry","palabras_clave-conservacion","palabras_clave-desman","palabras_clave-especies","palabras_clave-habitats"],"acf":[],"yoast_head":"<!-- This site is optimized with the Yoast SEO plugin v26.9 - https:\/\/yoast.com\/product\/yoast-seo-wordpress\/ -->\n<title>Seminar to analyse the main threats of the Iberian desman - Fundaci\u00f3n Biodiversidad<\/title>\n<meta name=\"robots\" content=\"index, follow, max-snippet:-1, max-image-preview:large, max-video-preview:-1\" \/>\n<link rel=\"canonical\" href=\"https:\/\/fundacion-biodiversidad.es\/en\/actualidad_home\/seminar-to-analyse-the-main-threats-of-the-iberian-desman\/\" \/>\n<meta property=\"og:locale\" content=\"en_US\" \/>\n<meta property=\"og:type\" content=\"article\" \/>\n<meta property=\"og:title\" content=\"Seminar to analyse the main threats of the Iberian desman - Fundaci\u00f3n Biodiversidad\" \/>\n<meta property=\"og:description\" content=\"On 25 and 26 February, the town of Hoyos del Espino in \u00c1vila hosted the third technical seminar of the LIFE+ Desmania project &#8220;Programme for [&hellip;]\" \/>\n<meta property=\"og:url\" content=\"https:\/\/fundacion-biodiversidad.es\/en\/actualidad_home\/seminar-to-analyse-the-main-threats-of-the-iberian-desman\/\" \/>\n<meta property=\"og:site_name\" content=\"Fundaci\u00f3n Biodiversidad\" \/>\n<meta property=\"og:image\" content=\"https:\/\/fundacion-biodiversidad.es\/wp-content\/uploads\/2023\/01\/2487661294_35330241_720x405.png\" \/>\n\t<meta property=\"og:image:width\" content=\"720\" \/>\n\t<meta property=\"og:image:height\" content=\"405\" \/>\n\t<meta property=\"og:image:type\" content=\"image\/png\" \/>\n<meta name=\"twitter:card\" content=\"summary_large_image\" \/>\n<meta name=\"twitter:label1\" content=\"Est. reading time\" \/>\n\t<meta name=\"twitter:data1\" content=\"2 minutes\" \/>\n<script type=\"application\/ld+json\" class=\"yoast-schema-graph\">{\"@context\":\"https:\/\/schema.org\",\"@graph\":[{\"@type\":\"WebPage\",\"@id\":\"https:\/\/fundacion-biodiversidad.es\/en\/actualidad_home\/seminar-to-analyse-the-main-threats-of-the-iberian-desman\/\",\"url\":\"https:\/\/fundacion-biodiversidad.es\/en\/actualidad_home\/seminar-to-analyse-the-main-threats-of-the-iberian-desman\/\",\"name\":\"Seminar to analyse the main threats of the Iberian desman - Fundaci\u00f3n Biodiversidad\",\"isPartOf\":{\"@id\":\"https:\/\/fundacion-biodiversidad.es\/en\/#website\"},\"primaryImageOfPage\":{\"@id\":\"https:\/\/fundacion-biodiversidad.es\/en\/actualidad_home\/seminar-to-analyse-the-main-threats-of-the-iberian-desman\/#primaryimage\"},\"image\":{\"@id\":\"https:\/\/fundacion-biodiversidad.es\/en\/actualidad_home\/seminar-to-analyse-the-main-threats-of-the-iberian-desman\/#primaryimage\"},\"thumbnailUrl\":\"https:\/\/fundacion-biodiversidad.es\/wp-content\/uploads\/2015\/02\/seminario_life_desmania_avila.jpg\",\"datePublished\":\"2015-02-23T09:34:55+00:00\",\"breadcrumb\":{\"@id\":\"https:\/\/fundacion-biodiversidad.es\/en\/actualidad_home\/seminar-to-analyse-the-main-threats-of-the-iberian-desman\/#breadcrumb\"},\"inLanguage\":\"en-US\",\"potentialAction\":[{\"@type\":\"ReadAction\",\"target\":[\"https:\/\/fundacion-biodiversidad.es\/en\/actualidad_home\/seminar-to-analyse-the-main-threats-of-the-iberian-desman\/\"]}]},{\"@type\":\"ImageObject\",\"inLanguage\":\"en-US\",\"@id\":\"https:\/\/fundacion-biodiversidad.es\/en\/actualidad_home\/seminar-to-analyse-the-main-threats-of-the-iberian-desman\/#primaryimage\",\"url\":\"https:\/\/fundacion-biodiversidad.es\/wp-content\/uploads\/2015\/02\/seminario_life_desmania_avila.jpg\",\"contentUrl\":\"https:\/\/fundacion-biodiversidad.es\/wp-content\/uploads\/2015\/02\/seminario_life_desmania_avila.jpg\",\"width\":904,\"height\":960},{\"@type\":\"BreadcrumbList\",\"@id\":\"https:\/\/fundacion-biodiversidad.es\/en\/actualidad_home\/seminar-to-analyse-the-main-threats-of-the-iberian-desman\/#breadcrumb\",\"itemListElement\":[{\"@type\":\"ListItem\",\"position\":1,\"name\":\"Portada\",\"item\":\"https:\/\/fundacion-biodiversidad.es\/en\/inicio\/\"},{\"@type\":\"ListItem\",\"position\":2,\"name\":\"Noticias de actualidad\",\"item\":\"https:\/\/fundacion-biodiversidad.es\/en\/actualidad_home\/\"},{\"@type\":\"ListItem\",\"position\":3,\"name\":\"Seminar to analyse the main threats of the Iberian desman\"}]},{\"@type\":\"WebSite\",\"@id\":\"https:\/\/fundacion-biodiversidad.es\/en\/#website\",\"url\":\"https:\/\/fundacion-biodiversidad.es\/en\/\",\"name\":\"Fundaci\u00f3n Biodiversidad\",\"description\":\"Fundaci\u00f3n p\u00fablica adscrita al Ministerio para la Transici\u00f3n Ecol\u00f3gica\",\"potentialAction\":[{\"@type\":\"SearchAction\",\"target\":{\"@type\":\"EntryPoint\",\"urlTemplate\":\"https:\/\/fundacion-biodiversidad.es\/en\/?s={search_term_string}\"},\"query-input\":{\"@type\":\"PropertyValueSpecification\",\"valueRequired\":true,\"valueName\":\"search_term_string\"}}],\"inLanguage\":\"en-US\"}]}<\/script>\n<!-- \/ Yoast SEO plugin. -->","yoast_head_json":{"title":"Seminar to analyse the main threats of the Iberian desman - Fundaci\u00f3n Biodiversidad","robots":{"index":"index","follow":"follow","max-snippet":"max-snippet:-1","max-image-preview":"max-image-preview:large","max-video-preview":"max-video-preview:-1"},"canonical":"https:\/\/fundacion-biodiversidad.es\/en\/actualidad_home\/seminar-to-analyse-the-main-threats-of-the-iberian-desman\/","og_locale":"en_US","og_type":"article","og_title":"Seminar to analyse the main threats of the Iberian desman - Fundaci\u00f3n Biodiversidad","og_description":"On 25 and 26 February, the town of Hoyos del Espino in \u00c1vila hosted the third technical seminar of the LIFE+ Desmania project &#8220;Programme for [&hellip;]","og_url":"https:\/\/fundacion-biodiversidad.es\/en\/actualidad_home\/seminar-to-analyse-the-main-threats-of-the-iberian-desman\/","og_site_name":"Fundaci\u00f3n Biodiversidad","og_image":[{"width":720,"height":405,"url":"https:\/\/fundacion-biodiversidad.es\/wp-content\/uploads\/2023\/01\/2487661294_35330241_720x405.png","type":"image\/png"}],"twitter_card":"summary_large_image","twitter_misc":{"Est. reading time":"2 minutes"},"schema":{"@context":"https:\/\/schema.org","@graph":[{"@type":"WebPage","@id":"https:\/\/fundacion-biodiversidad.es\/en\/actualidad_home\/seminar-to-analyse-the-main-threats-of-the-iberian-desman\/","url":"https:\/\/fundacion-biodiversidad.es\/en\/actualidad_home\/seminar-to-analyse-the-main-threats-of-the-iberian-desman\/","name":"Seminar to analyse the main threats of the Iberian desman - Fundaci\u00f3n Biodiversidad","isPartOf":{"@id":"https:\/\/fundacion-biodiversidad.es\/en\/#website"},"primaryImageOfPage":{"@id":"https:\/\/fundacion-biodiversidad.es\/en\/actualidad_home\/seminar-to-analyse-the-main-threats-of-the-iberian-desman\/#primaryimage"},"image":{"@id":"https:\/\/fundacion-biodiversidad.es\/en\/actualidad_home\/seminar-to-analyse-the-main-threats-of-the-iberian-desman\/#primaryimage"},"thumbnailUrl":"https:\/\/fundacion-biodiversidad.es\/wp-content\/uploads\/2015\/02\/seminario_life_desmania_avila.jpg","datePublished":"2015-02-23T09:34:55+00:00","breadcrumb":{"@id":"https:\/\/fundacion-biodiversidad.es\/en\/actualidad_home\/seminar-to-analyse-the-main-threats-of-the-iberian-desman\/#breadcrumb"},"inLanguage":"en-US","potentialAction":[{"@type":"ReadAction","target":["https:\/\/fundacion-biodiversidad.es\/en\/actualidad_home\/seminar-to-analyse-the-main-threats-of-the-iberian-desman\/"]}]},{"@type":"ImageObject","inLanguage":"en-US","@id":"https:\/\/fundacion-biodiversidad.es\/en\/actualidad_home\/seminar-to-analyse-the-main-threats-of-the-iberian-desman\/#primaryimage","url":"https:\/\/fundacion-biodiversidad.es\/wp-content\/uploads\/2015\/02\/seminario_life_desmania_avila.jpg","contentUrl":"https:\/\/fundacion-biodiversidad.es\/wp-content\/uploads\/2015\/02\/seminario_life_desmania_avila.jpg","width":904,"height":960},{"@type":"BreadcrumbList","@id":"https:\/\/fundacion-biodiversidad.es\/en\/actualidad_home\/seminar-to-analyse-the-main-threats-of-the-iberian-desman\/#breadcrumb","itemListElement":[{"@type":"ListItem","position":1,"name":"Portada","item":"https:\/\/fundacion-biodiversidad.es\/en\/inicio\/"},{"@type":"ListItem","position":2,"name":"Noticias de actualidad","item":"https:\/\/fundacion-biodiversidad.es\/en\/actualidad_home\/"},{"@type":"ListItem","position":3,"name":"Seminar to analyse the main threats of the Iberian desman"}]},{"@type":"WebSite","@id":"https:\/\/fundacion-biodiversidad.es\/en\/#website","url":"https:\/\/fundacion-biodiversidad.es\/en\/","name":"Fundaci\u00f3n Biodiversidad","description":"Fundaci\u00f3n p\u00fablica adscrita al Ministerio para la Transici\u00f3n Ecol\u00f3gica","potentialAction":[{"@type":"SearchAction","target":{"@type":"EntryPoint","urlTemplate":"https:\/\/fundacion-biodiversidad.es\/en\/?s={search_term_string}"},"query-input":{"@type":"PropertyValueSpecification","valueRequired":true,"valueName":"search_term_string"}}],"inLanguage":"en-US"}]}},"_links":{"self":[{"href":"https:\/\/fundacion-biodiversidad.es\/en\/wp-json\/wp\/v2\/actualidad_home\/97857928","targetHints":{"allow":["GET"]}}],"collection":[{"href":"https:\/\/fundacion-biodiversidad.es\/en\/wp-json\/wp\/v2\/actualidad_home"}],"about":[{"href":"https:\/\/fundacion-biodiversidad.es\/en\/wp-json\/wp\/v2\/types\/actualidad_home"}],"author":[{"embeddable":true,"href":"https:\/\/fundacion-biodiversidad.es\/en\/wp-json\/wp\/v2\/users\/11"}],"wp:featuredmedia":[{"embeddable":true,"href":"https:\/\/fundacion-biodiversidad.es\/en\/wp-json\/wp\/v2\/media\/35535"}],"wp:attachment":[{"href":"https:\/\/fundacion-biodiversidad.es\/en\/wp-json\/wp\/v2\/media?parent=97857928"}],"wp:term":[{"taxonomy":"palabras_clave","embeddable":true,"href":"https:\/\/fundacion-biodiversidad.es\/en\/wp-json\/wp\/v2\/palabras_clave?post=97857928"}],"curies":[{"name":"wp","href":"https:\/\/api.w.org\/{rel}","templated":true}]}}