{"id":97857932,"date":"2015-02-20T13:21:40","date_gmt":"2015-02-20T12:21:40","guid":{"rendered":"https:\/\/fundacion-biodiversidad.es\/actualidad_home\/first-meeting-with-the-environmental-foundations\/"},"modified":"2015-02-20T13:21:40","modified_gmt":"2015-02-20T12:21:40","slug":"first-meeting-with-the-environmental-foundations","status":"publish","type":"actualidad_home","link":"https:\/\/fundacion-biodiversidad.es\/en\/actualidad_home\/first-meeting-with-the-environmental-foundations\/","title":{"rendered":"First meeting with the Environmental Foundations"},"content":{"rendered":"<p>The  <strong>Secretary of State for the Environment, Federico Ramos<\/strong>, accompanied by the general director of Environmental Quality and Assessment and the Natural Environment, Guillermina Yanguas and the director of the Biodiversity Foundation, Sonia Casta\u00f1eda, has begun the  <a href=\"http:\/\/fundacion-biodiversidad.es\/sites\/default\/files\/notas\/15.02.20_ramos_primer_encuentro_fundaciones_medioambientales_tcm7-363025_noticia.pdf\" target=\"_blank\" rel=\"noopener\"><strong>new periodic meetings<\/strong><\/a>  to be carried out by the Ministry of Agriculture, Food and the Environment with the  <strong>Environmental Foundations<\/strong>, following the will transmitted by the minister, Isabel Garc\u00eda Tejerina, in the  <a href=\"http:\/\/fundacion-biodiversidad.es\/sites\/default\/files\/notas\/acto-fundaciones.pdf\" target=\"_blank\" rel=\"noopener\"><strong>recent conference on the role of these foundations hosted by the Ministry<\/strong><\/a>, on 19 January, to &#8220;strengthen collaboration and promote our dialogue with foundations that work in the defence of the environment&#8221;.<\/p>\n<p>  The Secretary of State for the Environment, Federico Ramos, has met with directors and representatives of the Association of Nature Conservation Foundations (AFN), Roberto Lozano and Jos\u00e9 Luis Garc\u00eda Lorenzo, and of the State Forum of Land Stewardship Entities, Antonio Ruiz Salgado.<\/p>\n<p>  This meeting discussed the representation of foundations in the Ministry&#8217;s participation bodies, the <strong>importance of LIFE Projects for the conservation of biodiversity <\/strong>in Spain, Nature Conservation Banks, the inclusion of information on land stewardship in reports on the state of natural heritage and biodiversity,  as well as issues related to the Law on Natural Heritage and Biodiversity and its Strategic Plan, and the balance of the day last January.<\/p>\n<p>  Foundations have extensive experience in maximizing the social utility of their activities. According to the Second Report on the Foundation Sector in our country (last June), there are <strong>more than 29 million final and direct beneficiaries of the activities of the 14,000 organizations registered in Spain<\/strong>, and the foundations mobilize more than 108,000 volunteers annually, to which must be added some 70,000 trustees.<\/p>\n<p> About 10% of the foundations have as their main purpose the defense of the environment. Of these, only the 16 that make up the Association of Foundations for the Conservation of Nature mobilise more than 82,000 people, of which almost 6,000 are volunteers.  <\/p>\n<p>&nbsp;<\/p>\n","protected":false},"author":11,"featured_media":35533,"template":"","meta":{"_acf_changed":false},"palabras_clave":[129,172,36,173],"class_list":["post-97857932","actualidad_home","type-actualidad_home","status-publish","has-post-thumbnail","hentry","palabras_clave-conservacion","palabras_clave-fundaciones","palabras_clave-medio-ambiente","palabras_clave-naturaleza"],"acf":[],"yoast_head":"<!-- This site is optimized with the Yoast SEO plugin v26.9 - https:\/\/yoast.com\/product\/yoast-seo-wordpress\/ -->\n<title>First meeting with the Environmental Foundations - Fundaci\u00f3n Biodiversidad<\/title>\n<meta name=\"robots\" content=\"index, follow, max-snippet:-1, max-image-preview:large, max-video-preview:-1\" \/>\n<link rel=\"canonical\" href=\"https:\/\/fundacion-biodiversidad.es\/en\/actualidad_home\/first-meeting-with-the-environmental-foundations\/\" \/>\n<meta property=\"og:locale\" content=\"en_US\" \/>\n<meta property=\"og:type\" content=\"article\" \/>\n<meta property=\"og:title\" content=\"First meeting with the Environmental Foundations - Fundaci\u00f3n Biodiversidad\" \/>\n<meta property=\"og:description\" content=\"The Secretary of State for the Environment, Federico Ramos, accompanied by the general director of Environmental Quality and Assessment and the Natural Environment, Guillermina Yanguas [&hellip;]\" \/>\n<meta property=\"og:url\" content=\"https:\/\/fundacion-biodiversidad.es\/en\/actualidad_home\/first-meeting-with-the-environmental-foundations\/\" \/>\n<meta property=\"og:site_name\" content=\"Fundaci\u00f3n Biodiversidad\" \/>\n<meta property=\"og:image\" content=\"https:\/\/fundacion-biodiversidad.es\/wp-content\/uploads\/2023\/01\/2487661294_35330241_720x405.png\" \/>\n\t<meta property=\"og:image:width\" content=\"720\" \/>\n\t<meta property=\"og:image:height\" content=\"405\" \/>\n\t<meta property=\"og:image:type\" content=\"image\/png\" \/>\n<meta name=\"twitter:card\" content=\"summary_large_image\" \/>\n<meta name=\"twitter:label1\" content=\"Est. reading time\" \/>\n\t<meta name=\"twitter:data1\" content=\"2 minutes\" \/>\n<script type=\"application\/ld+json\" class=\"yoast-schema-graph\">{\"@context\":\"https:\/\/schema.org\",\"@graph\":[{\"@type\":\"WebPage\",\"@id\":\"https:\/\/fundacion-biodiversidad.es\/en\/actualidad_home\/first-meeting-with-the-environmental-foundations\/\",\"url\":\"https:\/\/fundacion-biodiversidad.es\/en\/actualidad_home\/first-meeting-with-the-environmental-foundations\/\",\"name\":\"First meeting with the Environmental Foundations - Fundaci\u00f3n Biodiversidad\",\"isPartOf\":{\"@id\":\"https:\/\/fundacion-biodiversidad.es\/en\/#website\"},\"primaryImageOfPage\":{\"@id\":\"https:\/\/fundacion-biodiversidad.es\/en\/actualidad_home\/first-meeting-with-the-environmental-foundations\/#primaryimage\"},\"image\":{\"@id\":\"https:\/\/fundacion-biodiversidad.es\/en\/actualidad_home\/first-meeting-with-the-environmental-foundations\/#primaryimage\"},\"thumbnailUrl\":\"https:\/\/fundacion-biodiversidad.es\/wp-content\/uploads\/2015\/02\/150220_ramos_con_fundaciones_m.ambiente-scaled.jpg\",\"datePublished\":\"2015-02-20T12:21:40+00:00\",\"breadcrumb\":{\"@id\":\"https:\/\/fundacion-biodiversidad.es\/en\/actualidad_home\/first-meeting-with-the-environmental-foundations\/#breadcrumb\"},\"inLanguage\":\"en-US\",\"potentialAction\":[{\"@type\":\"ReadAction\",\"target\":[\"https:\/\/fundacion-biodiversidad.es\/en\/actualidad_home\/first-meeting-with-the-environmental-foundations\/\"]}]},{\"@type\":\"ImageObject\",\"inLanguage\":\"en-US\",\"@id\":\"https:\/\/fundacion-biodiversidad.es\/en\/actualidad_home\/first-meeting-with-the-environmental-foundations\/#primaryimage\",\"url\":\"https:\/\/fundacion-biodiversidad.es\/wp-content\/uploads\/2015\/02\/150220_ramos_con_fundaciones_m.ambiente-scaled.jpg\",\"contentUrl\":\"https:\/\/fundacion-biodiversidad.es\/wp-content\/uploads\/2015\/02\/150220_ramos_con_fundaciones_m.ambiente-scaled.jpg\",\"width\":2560,\"height\":1707},{\"@type\":\"BreadcrumbList\",\"@id\":\"https:\/\/fundacion-biodiversidad.es\/en\/actualidad_home\/first-meeting-with-the-environmental-foundations\/#breadcrumb\",\"itemListElement\":[{\"@type\":\"ListItem\",\"position\":1,\"name\":\"Portada\",\"item\":\"https:\/\/fundacion-biodiversidad.es\/en\/inicio\/\"},{\"@type\":\"ListItem\",\"position\":2,\"name\":\"Noticias de actualidad\",\"item\":\"https:\/\/fundacion-biodiversidad.es\/en\/actualidad_home\/\"},{\"@type\":\"ListItem\",\"position\":3,\"name\":\"First meeting with the Environmental Foundations\"}]},{\"@type\":\"WebSite\",\"@id\":\"https:\/\/fundacion-biodiversidad.es\/en\/#website\",\"url\":\"https:\/\/fundacion-biodiversidad.es\/en\/\",\"name\":\"Fundaci\u00f3n Biodiversidad\",\"description\":\"Fundaci\u00f3n p\u00fablica adscrita al Ministerio para la Transici\u00f3n Ecol\u00f3gica\",\"potentialAction\":[{\"@type\":\"SearchAction\",\"target\":{\"@type\":\"EntryPoint\",\"urlTemplate\":\"https:\/\/fundacion-biodiversidad.es\/en\/?s={search_term_string}\"},\"query-input\":{\"@type\":\"PropertyValueSpecification\",\"valueRequired\":true,\"valueName\":\"search_term_string\"}}],\"inLanguage\":\"en-US\"}]}<\/script>\n<!-- \/ Yoast SEO plugin. -->","yoast_head_json":{"title":"First meeting with the Environmental Foundations - Fundaci\u00f3n Biodiversidad","robots":{"index":"index","follow":"follow","max-snippet":"max-snippet:-1","max-image-preview":"max-image-preview:large","max-video-preview":"max-video-preview:-1"},"canonical":"https:\/\/fundacion-biodiversidad.es\/en\/actualidad_home\/first-meeting-with-the-environmental-foundations\/","og_locale":"en_US","og_type":"article","og_title":"First meeting with the Environmental Foundations - Fundaci\u00f3n Biodiversidad","og_description":"The Secretary of State for the Environment, Federico Ramos, accompanied by the general director of Environmental Quality and Assessment and the Natural Environment, Guillermina Yanguas [&hellip;]","og_url":"https:\/\/fundacion-biodiversidad.es\/en\/actualidad_home\/first-meeting-with-the-environmental-foundations\/","og_site_name":"Fundaci\u00f3n Biodiversidad","og_image":[{"width":720,"height":405,"url":"https:\/\/fundacion-biodiversidad.es\/wp-content\/uploads\/2023\/01\/2487661294_35330241_720x405.png","type":"image\/png"}],"twitter_card":"summary_large_image","twitter_misc":{"Est. reading time":"2 minutes"},"schema":{"@context":"https:\/\/schema.org","@graph":[{"@type":"WebPage","@id":"https:\/\/fundacion-biodiversidad.es\/en\/actualidad_home\/first-meeting-with-the-environmental-foundations\/","url":"https:\/\/fundacion-biodiversidad.es\/en\/actualidad_home\/first-meeting-with-the-environmental-foundations\/","name":"First meeting with the Environmental Foundations - Fundaci\u00f3n Biodiversidad","isPartOf":{"@id":"https:\/\/fundacion-biodiversidad.es\/en\/#website"},"primaryImageOfPage":{"@id":"https:\/\/fundacion-biodiversidad.es\/en\/actualidad_home\/first-meeting-with-the-environmental-foundations\/#primaryimage"},"image":{"@id":"https:\/\/fundacion-biodiversidad.es\/en\/actualidad_home\/first-meeting-with-the-environmental-foundations\/#primaryimage"},"thumbnailUrl":"https:\/\/fundacion-biodiversidad.es\/wp-content\/uploads\/2015\/02\/150220_ramos_con_fundaciones_m.ambiente-scaled.jpg","datePublished":"2015-02-20T12:21:40+00:00","breadcrumb":{"@id":"https:\/\/fundacion-biodiversidad.es\/en\/actualidad_home\/first-meeting-with-the-environmental-foundations\/#breadcrumb"},"inLanguage":"en-US","potentialAction":[{"@type":"ReadAction","target":["https:\/\/fundacion-biodiversidad.es\/en\/actualidad_home\/first-meeting-with-the-environmental-foundations\/"]}]},{"@type":"ImageObject","inLanguage":"en-US","@id":"https:\/\/fundacion-biodiversidad.es\/en\/actualidad_home\/first-meeting-with-the-environmental-foundations\/#primaryimage","url":"https:\/\/fundacion-biodiversidad.es\/wp-content\/uploads\/2015\/02\/150220_ramos_con_fundaciones_m.ambiente-scaled.jpg","contentUrl":"https:\/\/fundacion-biodiversidad.es\/wp-content\/uploads\/2015\/02\/150220_ramos_con_fundaciones_m.ambiente-scaled.jpg","width":2560,"height":1707},{"@type":"BreadcrumbList","@id":"https:\/\/fundacion-biodiversidad.es\/en\/actualidad_home\/first-meeting-with-the-environmental-foundations\/#breadcrumb","itemListElement":[{"@type":"ListItem","position":1,"name":"Portada","item":"https:\/\/fundacion-biodiversidad.es\/en\/inicio\/"},{"@type":"ListItem","position":2,"name":"Noticias de actualidad","item":"https:\/\/fundacion-biodiversidad.es\/en\/actualidad_home\/"},{"@type":"ListItem","position":3,"name":"First meeting with the Environmental Foundations"}]},{"@type":"WebSite","@id":"https:\/\/fundacion-biodiversidad.es\/en\/#website","url":"https:\/\/fundacion-biodiversidad.es\/en\/","name":"Fundaci\u00f3n Biodiversidad","description":"Fundaci\u00f3n p\u00fablica adscrita al Ministerio para la Transici\u00f3n Ecol\u00f3gica","potentialAction":[{"@type":"SearchAction","target":{"@type":"EntryPoint","urlTemplate":"https:\/\/fundacion-biodiversidad.es\/en\/?s={search_term_string}"},"query-input":{"@type":"PropertyValueSpecification","valueRequired":true,"valueName":"search_term_string"}}],"inLanguage":"en-US"}]}},"_links":{"self":[{"href":"https:\/\/fundacion-biodiversidad.es\/en\/wp-json\/wp\/v2\/actualidad_home\/97857932","targetHints":{"allow":["GET"]}}],"collection":[{"href":"https:\/\/fundacion-biodiversidad.es\/en\/wp-json\/wp\/v2\/actualidad_home"}],"about":[{"href":"https:\/\/fundacion-biodiversidad.es\/en\/wp-json\/wp\/v2\/types\/actualidad_home"}],"author":[{"embeddable":true,"href":"https:\/\/fundacion-biodiversidad.es\/en\/wp-json\/wp\/v2\/users\/11"}],"wp:featuredmedia":[{"embeddable":true,"href":"https:\/\/fundacion-biodiversidad.es\/en\/wp-json\/wp\/v2\/media\/35533"}],"wp:attachment":[{"href":"https:\/\/fundacion-biodiversidad.es\/en\/wp-json\/wp\/v2\/media?parent=97857932"}],"wp:term":[{"taxonomy":"palabras_clave","embeddable":true,"href":"https:\/\/fundacion-biodiversidad.es\/en\/wp-json\/wp\/v2\/palabras_clave?post=97857932"}],"curies":[{"name":"wp","href":"https:\/\/api.w.org\/{rel}","templated":true}]}}