{"id":97857933,"date":"2015-03-02T14:57:45","date_gmt":"2015-03-02T13:57:45","guid":{"rendered":"https:\/\/fundacion-biodiversidad.es\/actualidad_home\/a-world-leader-in-biodiversity\/"},"modified":"2015-03-02T14:57:45","modified_gmt":"2015-03-02T13:57:45","slug":"a-world-leader-in-biodiversity","status":"publish","type":"actualidad_home","link":"https:\/\/fundacion-biodiversidad.es\/en\/actualidad_home\/a-world-leader-in-biodiversity\/","title":{"rendered":"A world leader in biodiversity"},"content":{"rendered":"<p>The Organisation for Economic Co-operation and Development (OECD) has noted, in its latest report of 2015, &#8220;spectacular progress in Spain&#8217;s environmental performance, which has improved in practically all its indicators&#8221;. The Minister of Agriculture, Food and the Environment, <a href=\"http:\/\/fundacion-biodiversidad.es\/sites\/default\/files\/notas\/15.03.02_garcia_tejerina_presentacion_informe_ocde_medio_ambiente.pdf\" target=\"_blank\" rel=\"noopener\"><strong>Isabel Garc\u00eda Tejerina, has presented, together with the Secretary General of the OECD, \u00c1ngel Gurr\u00eda, the &#8220;3rd Report of this organisation on the environmental performance of Spain<\/strong><\/a>&#8220;. <\/p>\n<p>  In his speech, Garc\u00eda Tejerina underlined how the OECD report points to Spain as &#8220;<strong>a world benchmark in terms of biodiversity<\/strong>, which has been able to reconcile the protection of its natural heritage with a dynamic economy that generates employment&#8221;.<\/p>\n<p>  The document includes the conclusions reached by the OECD&#8217;s Environmental Review team after almost 18 months of intense study. In this period, this body has analysed reports and statistics from the last 10 years, has interviewed experts, and has compared the conclusions with the data and regulations of other countries in our environment. It highlights the importance of the legislative reforms adopted by Spain, as they reduce administrative burdens and improve legal certainty to achieve better protection of the environment. <\/p>\n<p>  Garc\u00eda Tejerina commented that the document refers to the various programmes launched to improve the environment and the fight against climate change, as well as the progress made in hydrological planning achieved by Spain and the investments in supply and sanitation.<\/p>\n<p>  In this regard, the minister referred specifically to the legislative measures adopted for the protection of biodiversity, the effort made by the private sector, as well as the greater awareness of our society, and which &#8220;have made it possible for our environmental performance to improve in practically all its indicators&#8221;.<\/p>\n<p>  The minister explained that, according to the report, the intensity of the use of coal and energy has been reduced. The generation of waste and the emission of atmospheric pollutants have also decreased significantly. The aforementioned text also highlights the &#8220;responsible and exemplary behaviour of our industry, a leader in Europe in the adoption of environmental management systems&#8221;, as indicated by the minister.  <\/p>\n","protected":false},"author":11,"featured_media":35539,"template":"","meta":{"_acf_changed":false},"palabras_clave":[35,184,183],"class_list":["post-97857933","actualidad_home","type-actualidad_home","status-publish","has-post-thumbnail","hentry","palabras_clave-biodiversidad","palabras_clave-informe-medioambiental","palabras_clave-ocde"],"acf":[],"yoast_head":"<!-- This site is optimized with the Yoast SEO plugin v26.9 - https:\/\/yoast.com\/product\/yoast-seo-wordpress\/ -->\n<title>A world leader in biodiversity - Fundaci\u00f3n Biodiversidad<\/title>\n<meta name=\"robots\" content=\"index, follow, max-snippet:-1, max-image-preview:large, max-video-preview:-1\" \/>\n<link rel=\"canonical\" href=\"https:\/\/fundacion-biodiversidad.es\/en\/actualidad_home\/a-world-leader-in-biodiversity\/\" \/>\n<meta property=\"og:locale\" content=\"en_US\" \/>\n<meta property=\"og:type\" content=\"article\" \/>\n<meta property=\"og:title\" content=\"A world leader in biodiversity - Fundaci\u00f3n Biodiversidad\" \/>\n<meta property=\"og:description\" content=\"The Organisation for Economic Co-operation and Development (OECD) has noted, in its latest report of 2015, &#8220;spectacular progress in Spain&#8217;s environmental performance, which has improved [&hellip;]\" \/>\n<meta property=\"og:url\" content=\"https:\/\/fundacion-biodiversidad.es\/en\/actualidad_home\/a-world-leader-in-biodiversity\/\" \/>\n<meta property=\"og:site_name\" content=\"Fundaci\u00f3n Biodiversidad\" \/>\n<meta property=\"og:image\" content=\"https:\/\/fundacion-biodiversidad.es\/wp-content\/uploads\/2023\/01\/2487661294_35330241_720x405.png\" \/>\n\t<meta property=\"og:image:width\" content=\"720\" \/>\n\t<meta property=\"og:image:height\" content=\"405\" \/>\n\t<meta property=\"og:image:type\" content=\"image\/png\" \/>\n<meta name=\"twitter:card\" content=\"summary_large_image\" \/>\n<meta name=\"twitter:label1\" content=\"Est. reading time\" \/>\n\t<meta name=\"twitter:data1\" content=\"2 minutes\" \/>\n<script type=\"application\/ld+json\" class=\"yoast-schema-graph\">{\"@context\":\"https:\/\/schema.org\",\"@graph\":[{\"@type\":\"WebPage\",\"@id\":\"https:\/\/fundacion-biodiversidad.es\/en\/actualidad_home\/a-world-leader-in-biodiversity\/\",\"url\":\"https:\/\/fundacion-biodiversidad.es\/en\/actualidad_home\/a-world-leader-in-biodiversity\/\",\"name\":\"A world leader in biodiversity - Fundaci\u00f3n Biodiversidad\",\"isPartOf\":{\"@id\":\"https:\/\/fundacion-biodiversidad.es\/en\/#website\"},\"primaryImageOfPage\":{\"@id\":\"https:\/\/fundacion-biodiversidad.es\/en\/actualidad_home\/a-world-leader-in-biodiversity\/#primaryimage\"},\"image\":{\"@id\":\"https:\/\/fundacion-biodiversidad.es\/en\/actualidad_home\/a-world-leader-in-biodiversity\/#primaryimage\"},\"thumbnailUrl\":\"https:\/\/fundacion-biodiversidad.es\/wp-content\/uploads\/2015\/03\/informe_ocde-scaled.jpg\",\"datePublished\":\"2015-03-02T13:57:45+00:00\",\"breadcrumb\":{\"@id\":\"https:\/\/fundacion-biodiversidad.es\/en\/actualidad_home\/a-world-leader-in-biodiversity\/#breadcrumb\"},\"inLanguage\":\"en-US\",\"potentialAction\":[{\"@type\":\"ReadAction\",\"target\":[\"https:\/\/fundacion-biodiversidad.es\/en\/actualidad_home\/a-world-leader-in-biodiversity\/\"]}]},{\"@type\":\"ImageObject\",\"inLanguage\":\"en-US\",\"@id\":\"https:\/\/fundacion-biodiversidad.es\/en\/actualidad_home\/a-world-leader-in-biodiversity\/#primaryimage\",\"url\":\"https:\/\/fundacion-biodiversidad.es\/wp-content\/uploads\/2015\/03\/informe_ocde-scaled.jpg\",\"contentUrl\":\"https:\/\/fundacion-biodiversidad.es\/wp-content\/uploads\/2015\/03\/informe_ocde-scaled.jpg\",\"width\":2560,\"height\":1440},{\"@type\":\"BreadcrumbList\",\"@id\":\"https:\/\/fundacion-biodiversidad.es\/en\/actualidad_home\/a-world-leader-in-biodiversity\/#breadcrumb\",\"itemListElement\":[{\"@type\":\"ListItem\",\"position\":1,\"name\":\"Portada\",\"item\":\"https:\/\/fundacion-biodiversidad.es\/en\/inicio\/\"},{\"@type\":\"ListItem\",\"position\":2,\"name\":\"Noticias de actualidad\",\"item\":\"https:\/\/fundacion-biodiversidad.es\/en\/actualidad_home\/\"},{\"@type\":\"ListItem\",\"position\":3,\"name\":\"A world leader in biodiversity\"}]},{\"@type\":\"WebSite\",\"@id\":\"https:\/\/fundacion-biodiversidad.es\/en\/#website\",\"url\":\"https:\/\/fundacion-biodiversidad.es\/en\/\",\"name\":\"Fundaci\u00f3n Biodiversidad\",\"description\":\"Fundaci\u00f3n p\u00fablica adscrita al Ministerio para la Transici\u00f3n Ecol\u00f3gica\",\"potentialAction\":[{\"@type\":\"SearchAction\",\"target\":{\"@type\":\"EntryPoint\",\"urlTemplate\":\"https:\/\/fundacion-biodiversidad.es\/en\/?s={search_term_string}\"},\"query-input\":{\"@type\":\"PropertyValueSpecification\",\"valueRequired\":true,\"valueName\":\"search_term_string\"}}],\"inLanguage\":\"en-US\"}]}<\/script>\n<!-- \/ Yoast SEO plugin. -->","yoast_head_json":{"title":"A world leader in biodiversity - Fundaci\u00f3n Biodiversidad","robots":{"index":"index","follow":"follow","max-snippet":"max-snippet:-1","max-image-preview":"max-image-preview:large","max-video-preview":"max-video-preview:-1"},"canonical":"https:\/\/fundacion-biodiversidad.es\/en\/actualidad_home\/a-world-leader-in-biodiversity\/","og_locale":"en_US","og_type":"article","og_title":"A world leader in biodiversity - Fundaci\u00f3n Biodiversidad","og_description":"The Organisation for Economic Co-operation and Development (OECD) has noted, in its latest report of 2015, &#8220;spectacular progress in Spain&#8217;s environmental performance, which has improved [&hellip;]","og_url":"https:\/\/fundacion-biodiversidad.es\/en\/actualidad_home\/a-world-leader-in-biodiversity\/","og_site_name":"Fundaci\u00f3n Biodiversidad","og_image":[{"width":720,"height":405,"url":"https:\/\/fundacion-biodiversidad.es\/wp-content\/uploads\/2023\/01\/2487661294_35330241_720x405.png","type":"image\/png"}],"twitter_card":"summary_large_image","twitter_misc":{"Est. reading time":"2 minutes"},"schema":{"@context":"https:\/\/schema.org","@graph":[{"@type":"WebPage","@id":"https:\/\/fundacion-biodiversidad.es\/en\/actualidad_home\/a-world-leader-in-biodiversity\/","url":"https:\/\/fundacion-biodiversidad.es\/en\/actualidad_home\/a-world-leader-in-biodiversity\/","name":"A world leader in biodiversity - Fundaci\u00f3n Biodiversidad","isPartOf":{"@id":"https:\/\/fundacion-biodiversidad.es\/en\/#website"},"primaryImageOfPage":{"@id":"https:\/\/fundacion-biodiversidad.es\/en\/actualidad_home\/a-world-leader-in-biodiversity\/#primaryimage"},"image":{"@id":"https:\/\/fundacion-biodiversidad.es\/en\/actualidad_home\/a-world-leader-in-biodiversity\/#primaryimage"},"thumbnailUrl":"https:\/\/fundacion-biodiversidad.es\/wp-content\/uploads\/2015\/03\/informe_ocde-scaled.jpg","datePublished":"2015-03-02T13:57:45+00:00","breadcrumb":{"@id":"https:\/\/fundacion-biodiversidad.es\/en\/actualidad_home\/a-world-leader-in-biodiversity\/#breadcrumb"},"inLanguage":"en-US","potentialAction":[{"@type":"ReadAction","target":["https:\/\/fundacion-biodiversidad.es\/en\/actualidad_home\/a-world-leader-in-biodiversity\/"]}]},{"@type":"ImageObject","inLanguage":"en-US","@id":"https:\/\/fundacion-biodiversidad.es\/en\/actualidad_home\/a-world-leader-in-biodiversity\/#primaryimage","url":"https:\/\/fundacion-biodiversidad.es\/wp-content\/uploads\/2015\/03\/informe_ocde-scaled.jpg","contentUrl":"https:\/\/fundacion-biodiversidad.es\/wp-content\/uploads\/2015\/03\/informe_ocde-scaled.jpg","width":2560,"height":1440},{"@type":"BreadcrumbList","@id":"https:\/\/fundacion-biodiversidad.es\/en\/actualidad_home\/a-world-leader-in-biodiversity\/#breadcrumb","itemListElement":[{"@type":"ListItem","position":1,"name":"Portada","item":"https:\/\/fundacion-biodiversidad.es\/en\/inicio\/"},{"@type":"ListItem","position":2,"name":"Noticias de actualidad","item":"https:\/\/fundacion-biodiversidad.es\/en\/actualidad_home\/"},{"@type":"ListItem","position":3,"name":"A world leader in biodiversity"}]},{"@type":"WebSite","@id":"https:\/\/fundacion-biodiversidad.es\/en\/#website","url":"https:\/\/fundacion-biodiversidad.es\/en\/","name":"Fundaci\u00f3n Biodiversidad","description":"Fundaci\u00f3n p\u00fablica adscrita al Ministerio para la Transici\u00f3n Ecol\u00f3gica","potentialAction":[{"@type":"SearchAction","target":{"@type":"EntryPoint","urlTemplate":"https:\/\/fundacion-biodiversidad.es\/en\/?s={search_term_string}"},"query-input":{"@type":"PropertyValueSpecification","valueRequired":true,"valueName":"search_term_string"}}],"inLanguage":"en-US"}]}},"_links":{"self":[{"href":"https:\/\/fundacion-biodiversidad.es\/en\/wp-json\/wp\/v2\/actualidad_home\/97857933","targetHints":{"allow":["GET"]}}],"collection":[{"href":"https:\/\/fundacion-biodiversidad.es\/en\/wp-json\/wp\/v2\/actualidad_home"}],"about":[{"href":"https:\/\/fundacion-biodiversidad.es\/en\/wp-json\/wp\/v2\/types\/actualidad_home"}],"author":[{"embeddable":true,"href":"https:\/\/fundacion-biodiversidad.es\/en\/wp-json\/wp\/v2\/users\/11"}],"wp:featuredmedia":[{"embeddable":true,"href":"https:\/\/fundacion-biodiversidad.es\/en\/wp-json\/wp\/v2\/media\/35539"}],"wp:attachment":[{"href":"https:\/\/fundacion-biodiversidad.es\/en\/wp-json\/wp\/v2\/media?parent=97857933"}],"wp:term":[{"taxonomy":"palabras_clave","embeddable":true,"href":"https:\/\/fundacion-biodiversidad.es\/en\/wp-json\/wp\/v2\/palabras_clave?post=97857933"}],"curies":[{"name":"wp","href":"https:\/\/api.w.org\/{rel}","templated":true}]}}