{"id":97857935,"date":"2015-01-28T09:44:15","date_gmt":"2015-01-28T08:44:15","guid":{"rendered":"https:\/\/fundacion-biodiversidad.es\/actualidad_home\/the-european-social-fund-highlights-the-empleaverde-programme\/"},"modified":"2015-01-28T09:44:15","modified_gmt":"2015-01-28T08:44:15","slug":"the-european-social-fund-highlights-the-empleaverde-programme","status":"publish","type":"actualidad_home","link":"https:\/\/fundacion-biodiversidad.es\/en\/actualidad_home\/the-european-social-fund-highlights-the-empleaverde-programme\/","title":{"rendered":"The European Social Fund highlights the Empleaverde Programme"},"content":{"rendered":"<p>The Biodiversity Foundation of the Ministry of Agriculture, Food and Environment has participated in the Annual Review of the European Social Fund (ESF) programmes in Spain, of which the Foundation&#8217;s own Empleaverde Programme is one of the most ambitious initiatives supported by the European Commission in our country.  <!--more-->  The<strong> Biodiversity Foundation <\/strong>of the <strong><a href=\"http:\/\/www.magrama.gob.es\/es\/\" rel=\"nofollow noopener\" target=\"_blank\">Ministry of Agriculture, Food and Environment<\/a> <\/strong>has participated today in the Annual Review of the <strong><a href=\"http:\/\/ec.europa.eu\/esf\/home.jsp?langId=es\" rel=\"nofollow noopener\" target=\"_blank\">European Social Fund<\/a> <\/strong>(ESF) programmes in Spain, of which the<strong> <a href=\"http:\/\/empleaverde.es\/\" rel=\"nofollow noopener\" target=\"_blank\">Foundation&#8217;s own Empleaverde Programme<\/a> <\/strong>is one of the most ambitious initiatives supported by the European Commission in our country.<\/p>\n<p>  At this meeting, the Commission wanted to highlight the Empleaverde Programme as <strong>an example of good practice in the management of Community funds<\/strong>. In this framework, the annual implementation reports for 2013 have been analysed and the outstanding actions of the various intermediate bodies that have participated have been presented, among other financial and audit issues. <\/p>\n<p>  The Empleaverde Programme of the Biodiversity Foundation, co-financed by the ESF, aims to promote employment and the creation of green companies. Among its recipients are <strong>disadvantaged groups <\/strong>and workers in <strong>rural areas <\/strong>or residents of protected natural areas. The programme has been developed through the holding of conferences, training courses, seminars and congresses as well as studies, guides, personalised advice and networking.<\/p>\n<p> The results of the Empleaverde Programme are estimated at more than <strong>3,900 actions<\/strong>, support for more than <strong>2,600 companies <\/strong>and new lines of business and the creation of more than <strong>500 direct jobs<\/strong>. Along the same lines, the <a href=\"http:\/\/www.redemprendeverde.es\/\" rel=\"nofollow\"><strong>Emprendeverde Network<\/strong><\/a>, a platform for supporting and promoting the green economy, already has more than 6,500 members.<\/p>\n<p> The Empleaverde Programme, endowed with 42 million euros, is one of the most important initiatives of the European Social Fund in Spain. His results have recently earned the recognition of the European Commission in the advertising campaign<strong> <a href=\"http:\/\/www.youtube.com\/watch?v=8qxxe-tKO74\" rel=\"nofollow\">&#8220;Working for you&#8221;<\/a><\/strong> where he has been the protagonist.    <br \/>\n&nbsp;<\/p>\n","protected":false},"author":11,"featured_media":35527,"template":"","meta":{"_acf_changed":false},"palabras_clave":[150],"class_list":["post-97857935","actualidad_home","type-actualidad_home","status-publish","has-post-thumbnail","hentry","palabras_clave-programa-empleaverde-comision-europea-empleo-verde-desarrollo-sostenible-emprendimento-verde"],"acf":[],"yoast_head":"<!-- This site is optimized with the Yoast SEO plugin v26.9 - https:\/\/yoast.com\/product\/yoast-seo-wordpress\/ -->\n<title>The European Social Fund highlights the Empleaverde Programme - Fundaci\u00f3n Biodiversidad<\/title>\n<meta name=\"robots\" content=\"index, follow, max-snippet:-1, max-image-preview:large, max-video-preview:-1\" \/>\n<link rel=\"canonical\" href=\"https:\/\/fundacion-biodiversidad.es\/en\/actualidad_home\/the-european-social-fund-highlights-the-empleaverde-programme\/\" \/>\n<meta property=\"og:locale\" content=\"en_US\" \/>\n<meta property=\"og:type\" content=\"article\" \/>\n<meta property=\"og:title\" content=\"The European Social Fund highlights the Empleaverde Programme - Fundaci\u00f3n Biodiversidad\" \/>\n<meta property=\"og:description\" content=\"The Biodiversity Foundation of the Ministry of Agriculture, Food and Environment has participated in the Annual Review of the European Social Fund (ESF) programmes in [&hellip;]\" \/>\n<meta property=\"og:url\" content=\"https:\/\/fundacion-biodiversidad.es\/en\/actualidad_home\/the-european-social-fund-highlights-the-empleaverde-programme\/\" \/>\n<meta property=\"og:site_name\" content=\"Fundaci\u00f3n Biodiversidad\" \/>\n<meta property=\"og:image\" content=\"https:\/\/fundacion-biodiversidad.es\/wp-content\/uploads\/2023\/01\/2487661294_35330241_720x405.png\" \/>\n\t<meta property=\"og:image:width\" content=\"720\" \/>\n\t<meta property=\"og:image:height\" content=\"405\" \/>\n\t<meta property=\"og:image:type\" content=\"image\/png\" \/>\n<meta name=\"twitter:card\" content=\"summary_large_image\" \/>\n<meta name=\"twitter:label1\" content=\"Est. reading time\" \/>\n\t<meta name=\"twitter:data1\" content=\"2 minutes\" \/>\n<script type=\"application\/ld+json\" class=\"yoast-schema-graph\">{\"@context\":\"https:\/\/schema.org\",\"@graph\":[{\"@type\":\"WebPage\",\"@id\":\"https:\/\/fundacion-biodiversidad.es\/en\/actualidad_home\/the-european-social-fund-highlights-the-empleaverde-programme\/\",\"url\":\"https:\/\/fundacion-biodiversidad.es\/en\/actualidad_home\/the-european-social-fund-highlights-the-empleaverde-programme\/\",\"name\":\"The European Social Fund highlights the Empleaverde Programme - Fundaci\u00f3n Biodiversidad\",\"isPartOf\":{\"@id\":\"https:\/\/fundacion-biodiversidad.es\/en\/#website\"},\"primaryImageOfPage\":{\"@id\":\"https:\/\/fundacion-biodiversidad.es\/en\/actualidad_home\/the-european-social-fund-highlights-the-empleaverde-programme\/#primaryimage\"},\"image\":{\"@id\":\"https:\/\/fundacion-biodiversidad.es\/en\/actualidad_home\/the-european-social-fund-highlights-the-empleaverde-programme\/#primaryimage\"},\"thumbnailUrl\":\"https:\/\/fundacion-biodiversidad.es\/wp-content\/uploads\/2015\/01\/programa_empleaverde_visita_fondo_social_europeo.jpg\",\"datePublished\":\"2015-01-28T08:44:15+00:00\",\"breadcrumb\":{\"@id\":\"https:\/\/fundacion-biodiversidad.es\/en\/actualidad_home\/the-european-social-fund-highlights-the-empleaverde-programme\/#breadcrumb\"},\"inLanguage\":\"en-US\",\"potentialAction\":[{\"@type\":\"ReadAction\",\"target\":[\"https:\/\/fundacion-biodiversidad.es\/en\/actualidad_home\/the-european-social-fund-highlights-the-empleaverde-programme\/\"]}]},{\"@type\":\"ImageObject\",\"inLanguage\":\"en-US\",\"@id\":\"https:\/\/fundacion-biodiversidad.es\/en\/actualidad_home\/the-european-social-fund-highlights-the-empleaverde-programme\/#primaryimage\",\"url\":\"https:\/\/fundacion-biodiversidad.es\/wp-content\/uploads\/2015\/01\/programa_empleaverde_visita_fondo_social_europeo.jpg\",\"contentUrl\":\"https:\/\/fundacion-biodiversidad.es\/wp-content\/uploads\/2015\/01\/programa_empleaverde_visita_fondo_social_europeo.jpg\",\"width\":1119,\"height\":792},{\"@type\":\"BreadcrumbList\",\"@id\":\"https:\/\/fundacion-biodiversidad.es\/en\/actualidad_home\/the-european-social-fund-highlights-the-empleaverde-programme\/#breadcrumb\",\"itemListElement\":[{\"@type\":\"ListItem\",\"position\":1,\"name\":\"Portada\",\"item\":\"https:\/\/fundacion-biodiversidad.es\/en\/inicio\/\"},{\"@type\":\"ListItem\",\"position\":2,\"name\":\"Noticias de actualidad\",\"item\":\"https:\/\/fundacion-biodiversidad.es\/en\/actualidad_home\/\"},{\"@type\":\"ListItem\",\"position\":3,\"name\":\"The European Social Fund highlights the Empleaverde Programme\"}]},{\"@type\":\"WebSite\",\"@id\":\"https:\/\/fundacion-biodiversidad.es\/en\/#website\",\"url\":\"https:\/\/fundacion-biodiversidad.es\/en\/\",\"name\":\"Fundaci\u00f3n Biodiversidad\",\"description\":\"Fundaci\u00f3n p\u00fablica adscrita al Ministerio para la Transici\u00f3n Ecol\u00f3gica\",\"potentialAction\":[{\"@type\":\"SearchAction\",\"target\":{\"@type\":\"EntryPoint\",\"urlTemplate\":\"https:\/\/fundacion-biodiversidad.es\/en\/?s={search_term_string}\"},\"query-input\":{\"@type\":\"PropertyValueSpecification\",\"valueRequired\":true,\"valueName\":\"search_term_string\"}}],\"inLanguage\":\"en-US\"}]}<\/script>\n<!-- \/ Yoast SEO plugin. -->","yoast_head_json":{"title":"The European Social Fund highlights the Empleaverde Programme - Fundaci\u00f3n Biodiversidad","robots":{"index":"index","follow":"follow","max-snippet":"max-snippet:-1","max-image-preview":"max-image-preview:large","max-video-preview":"max-video-preview:-1"},"canonical":"https:\/\/fundacion-biodiversidad.es\/en\/actualidad_home\/the-european-social-fund-highlights-the-empleaverde-programme\/","og_locale":"en_US","og_type":"article","og_title":"The European Social Fund highlights the Empleaverde Programme - Fundaci\u00f3n Biodiversidad","og_description":"The Biodiversity Foundation of the Ministry of Agriculture, Food and Environment has participated in the Annual Review of the European Social Fund (ESF) programmes in [&hellip;]","og_url":"https:\/\/fundacion-biodiversidad.es\/en\/actualidad_home\/the-european-social-fund-highlights-the-empleaverde-programme\/","og_site_name":"Fundaci\u00f3n Biodiversidad","og_image":[{"width":720,"height":405,"url":"https:\/\/fundacion-biodiversidad.es\/wp-content\/uploads\/2023\/01\/2487661294_35330241_720x405.png","type":"image\/png"}],"twitter_card":"summary_large_image","twitter_misc":{"Est. reading time":"2 minutes"},"schema":{"@context":"https:\/\/schema.org","@graph":[{"@type":"WebPage","@id":"https:\/\/fundacion-biodiversidad.es\/en\/actualidad_home\/the-european-social-fund-highlights-the-empleaverde-programme\/","url":"https:\/\/fundacion-biodiversidad.es\/en\/actualidad_home\/the-european-social-fund-highlights-the-empleaverde-programme\/","name":"The European Social Fund highlights the Empleaverde Programme - Fundaci\u00f3n Biodiversidad","isPartOf":{"@id":"https:\/\/fundacion-biodiversidad.es\/en\/#website"},"primaryImageOfPage":{"@id":"https:\/\/fundacion-biodiversidad.es\/en\/actualidad_home\/the-european-social-fund-highlights-the-empleaverde-programme\/#primaryimage"},"image":{"@id":"https:\/\/fundacion-biodiversidad.es\/en\/actualidad_home\/the-european-social-fund-highlights-the-empleaverde-programme\/#primaryimage"},"thumbnailUrl":"https:\/\/fundacion-biodiversidad.es\/wp-content\/uploads\/2015\/01\/programa_empleaverde_visita_fondo_social_europeo.jpg","datePublished":"2015-01-28T08:44:15+00:00","breadcrumb":{"@id":"https:\/\/fundacion-biodiversidad.es\/en\/actualidad_home\/the-european-social-fund-highlights-the-empleaverde-programme\/#breadcrumb"},"inLanguage":"en-US","potentialAction":[{"@type":"ReadAction","target":["https:\/\/fundacion-biodiversidad.es\/en\/actualidad_home\/the-european-social-fund-highlights-the-empleaverde-programme\/"]}]},{"@type":"ImageObject","inLanguage":"en-US","@id":"https:\/\/fundacion-biodiversidad.es\/en\/actualidad_home\/the-european-social-fund-highlights-the-empleaverde-programme\/#primaryimage","url":"https:\/\/fundacion-biodiversidad.es\/wp-content\/uploads\/2015\/01\/programa_empleaverde_visita_fondo_social_europeo.jpg","contentUrl":"https:\/\/fundacion-biodiversidad.es\/wp-content\/uploads\/2015\/01\/programa_empleaverde_visita_fondo_social_europeo.jpg","width":1119,"height":792},{"@type":"BreadcrumbList","@id":"https:\/\/fundacion-biodiversidad.es\/en\/actualidad_home\/the-european-social-fund-highlights-the-empleaverde-programme\/#breadcrumb","itemListElement":[{"@type":"ListItem","position":1,"name":"Portada","item":"https:\/\/fundacion-biodiversidad.es\/en\/inicio\/"},{"@type":"ListItem","position":2,"name":"Noticias de actualidad","item":"https:\/\/fundacion-biodiversidad.es\/en\/actualidad_home\/"},{"@type":"ListItem","position":3,"name":"The European Social Fund highlights the Empleaverde Programme"}]},{"@type":"WebSite","@id":"https:\/\/fundacion-biodiversidad.es\/en\/#website","url":"https:\/\/fundacion-biodiversidad.es\/en\/","name":"Fundaci\u00f3n Biodiversidad","description":"Fundaci\u00f3n p\u00fablica adscrita al Ministerio para la Transici\u00f3n Ecol\u00f3gica","potentialAction":[{"@type":"SearchAction","target":{"@type":"EntryPoint","urlTemplate":"https:\/\/fundacion-biodiversidad.es\/en\/?s={search_term_string}"},"query-input":{"@type":"PropertyValueSpecification","valueRequired":true,"valueName":"search_term_string"}}],"inLanguage":"en-US"}]}},"_links":{"self":[{"href":"https:\/\/fundacion-biodiversidad.es\/en\/wp-json\/wp\/v2\/actualidad_home\/97857935","targetHints":{"allow":["GET"]}}],"collection":[{"href":"https:\/\/fundacion-biodiversidad.es\/en\/wp-json\/wp\/v2\/actualidad_home"}],"about":[{"href":"https:\/\/fundacion-biodiversidad.es\/en\/wp-json\/wp\/v2\/types\/actualidad_home"}],"author":[{"embeddable":true,"href":"https:\/\/fundacion-biodiversidad.es\/en\/wp-json\/wp\/v2\/users\/11"}],"wp:featuredmedia":[{"embeddable":true,"href":"https:\/\/fundacion-biodiversidad.es\/en\/wp-json\/wp\/v2\/media\/35527"}],"wp:attachment":[{"href":"https:\/\/fundacion-biodiversidad.es\/en\/wp-json\/wp\/v2\/media?parent=97857935"}],"wp:term":[{"taxonomy":"palabras_clave","embeddable":true,"href":"https:\/\/fundacion-biodiversidad.es\/en\/wp-json\/wp\/v2\/palabras_clave?post=97857935"}],"curies":[{"name":"wp","href":"https:\/\/api.w.org\/{rel}","templated":true}]}}