{"id":97857936,"date":"2015-01-27T09:35:50","date_gmt":"2015-01-27T08:35:50","guid":{"rendered":"https:\/\/fundacion-biodiversidad.es\/actualidad_home\/international-seminar-on-the-management-of-natura-2000-areas\/"},"modified":"2015-01-27T09:35:50","modified_gmt":"2015-01-27T08:35:50","slug":"international-seminar-on-the-management-of-natura-2000-areas","status":"publish","type":"actualidad_home","link":"https:\/\/fundacion-biodiversidad.es\/en\/actualidad_home\/international-seminar-on-the-management-of-natura-2000-areas\/","title":{"rendered":"International Seminar on the Management of Natura 2000 Areas"},"content":{"rendered":"<p>The Biodiversity Foundation of the Ministry of Agriculture, Food and Environment is present at the international seminar on the management of Natura 2000 areas held in the town of Jurmala, Latvia. 200 people, representing different projects and countries, analyse the process of declaration and management of Natura 2000 areas that has been carried out in the Baltic Sea over the last 5 years. <!--more--> The <strong>Biodiversity Foundation <\/strong>of the <strong>Ministry of Agriculture, Food and Environment<\/strong> is present at the international seminar on the management of <a href=\"http:\/\/www.rednatura2000.info\/\" rel=\"nofollow\"><strong>Natura 2000 <\/strong><\/a>areas held in Jurmala, <strong>Latvia<\/strong>. In it, 200 people, representing different projects and countries, analyse the process of declaration and management of Natura 2000 areas that has been carried out in the <strong>Baltic Sea <\/strong>over the last 5 years.<\/p>\n<p> This exchange of information and experiences is particularly important as it is very similar to the project  &nbsp;<a href=\"http:\/\/www.indemares.es\/\" rel=\"nofollow\"><strong>LIFE+ INDEMARES,<\/strong><\/a> coordinated by the Biodiversity Foundation. The information collected in this seminar will be used for the future <strong>management of marine protected areas <\/strong>whose declaration has made significant progress in Spain in the last two years thanks to this project.<\/p>\n<p> The main objective of LIFE+ INDEMARES has been to contribute to the protection and sustainable use of biodiversity in Spanish seas through work to identify areas of value for the Natura 2000 Network. This project began in 2009 and is in its final phase. It has a budget of 15.4 million euros, 50% co-financed by the <strong>European Commission<\/strong> and has a participatory approach, integrating the work of leading institutions in the field of management, research and conservation of the marine environment and sea users, especially the fishing sector. Thanks to its work in recent years, Spain has seen an increase in the number of marine protected areas, which has gone from 1% to 8% of the total marine area.   <\/p>\n","protected":false},"author":11,"featured_media":35526,"template":"","meta":{"_acf_changed":false},"palabras_clave":[149],"class_list":["post-97857936","actualidad_home","type-actualidad_home","status-publish","has-post-thumbnail","hentry","palabras_clave-proyectos-life-life-indemares-red-natura-2000-gestion-areas-marinas"],"acf":[],"yoast_head":"<!-- This site is optimized with the Yoast SEO plugin v26.9 - https:\/\/yoast.com\/product\/yoast-seo-wordpress\/ -->\n<title>International Seminar on the Management of Natura 2000 Areas - Fundaci\u00f3n Biodiversidad<\/title>\n<meta name=\"robots\" content=\"index, follow, max-snippet:-1, max-image-preview:large, max-video-preview:-1\" \/>\n<link rel=\"canonical\" href=\"https:\/\/fundacion-biodiversidad.es\/en\/actualidad_home\/international-seminar-on-the-management-of-natura-2000-areas\/\" \/>\n<meta property=\"og:locale\" content=\"en_US\" \/>\n<meta property=\"og:type\" content=\"article\" \/>\n<meta property=\"og:title\" content=\"International Seminar on the Management of Natura 2000 Areas - Fundaci\u00f3n Biodiversidad\" \/>\n<meta property=\"og:description\" content=\"The Biodiversity Foundation of the Ministry of Agriculture, Food and Environment is present at the international seminar on the management of Natura 2000 areas held [&hellip;]\" \/>\n<meta property=\"og:url\" content=\"https:\/\/fundacion-biodiversidad.es\/en\/actualidad_home\/international-seminar-on-the-management-of-natura-2000-areas\/\" \/>\n<meta property=\"og:site_name\" content=\"Fundaci\u00f3n Biodiversidad\" \/>\n<meta property=\"og:image\" content=\"https:\/\/fundacion-biodiversidad.es\/wp-content\/uploads\/2023\/01\/2487661294_35330241_720x405.png\" \/>\n\t<meta property=\"og:image:width\" content=\"720\" \/>\n\t<meta property=\"og:image:height\" content=\"405\" \/>\n\t<meta property=\"og:image:type\" content=\"image\/png\" \/>\n<meta name=\"twitter:card\" content=\"summary_large_image\" \/>\n<meta name=\"twitter:label1\" content=\"Est. reading time\" \/>\n\t<meta name=\"twitter:data1\" content=\"1 minute\" \/>\n<script type=\"application\/ld+json\" class=\"yoast-schema-graph\">{\"@context\":\"https:\/\/schema.org\",\"@graph\":[{\"@type\":\"WebPage\",\"@id\":\"https:\/\/fundacion-biodiversidad.es\/en\/actualidad_home\/international-seminar-on-the-management-of-natura-2000-areas\/\",\"url\":\"https:\/\/fundacion-biodiversidad.es\/en\/actualidad_home\/international-seminar-on-the-management-of-natura-2000-areas\/\",\"name\":\"International Seminar on the Management of Natura 2000 Areas - Fundaci\u00f3n Biodiversidad\",\"isPartOf\":{\"@id\":\"https:\/\/fundacion-biodiversidad.es\/en\/#website\"},\"primaryImageOfPage\":{\"@id\":\"https:\/\/fundacion-biodiversidad.es\/en\/actualidad_home\/international-seminar-on-the-management-of-natura-2000-areas\/#primaryimage\"},\"image\":{\"@id\":\"https:\/\/fundacion-biodiversidad.es\/en\/actualidad_home\/international-seminar-on-the-management-of-natura-2000-areas\/#primaryimage\"},\"thumbnailUrl\":\"https:\/\/fundacion-biodiversidad.es\/wp-content\/uploads\/2015\/01\/reunion_letonia_red_natura_2000.jpg\",\"datePublished\":\"2015-01-27T08:35:50+00:00\",\"breadcrumb\":{\"@id\":\"https:\/\/fundacion-biodiversidad.es\/en\/actualidad_home\/international-seminar-on-the-management-of-natura-2000-areas\/#breadcrumb\"},\"inLanguage\":\"en-US\",\"potentialAction\":[{\"@type\":\"ReadAction\",\"target\":[\"https:\/\/fundacion-biodiversidad.es\/en\/actualidad_home\/international-seminar-on-the-management-of-natura-2000-areas\/\"]}]},{\"@type\":\"ImageObject\",\"inLanguage\":\"en-US\",\"@id\":\"https:\/\/fundacion-biodiversidad.es\/en\/actualidad_home\/international-seminar-on-the-management-of-natura-2000-areas\/#primaryimage\",\"url\":\"https:\/\/fundacion-biodiversidad.es\/wp-content\/uploads\/2015\/01\/reunion_letonia_red_natura_2000.jpg\",\"contentUrl\":\"https:\/\/fundacion-biodiversidad.es\/wp-content\/uploads\/2015\/01\/reunion_letonia_red_natura_2000.jpg\",\"width\":1148,\"height\":837},{\"@type\":\"BreadcrumbList\",\"@id\":\"https:\/\/fundacion-biodiversidad.es\/en\/actualidad_home\/international-seminar-on-the-management-of-natura-2000-areas\/#breadcrumb\",\"itemListElement\":[{\"@type\":\"ListItem\",\"position\":1,\"name\":\"Portada\",\"item\":\"https:\/\/fundacion-biodiversidad.es\/en\/inicio\/\"},{\"@type\":\"ListItem\",\"position\":2,\"name\":\"Noticias de actualidad\",\"item\":\"https:\/\/fundacion-biodiversidad.es\/en\/actualidad_home\/\"},{\"@type\":\"ListItem\",\"position\":3,\"name\":\"International Seminar on the Management of Natura 2000 Areas\"}]},{\"@type\":\"WebSite\",\"@id\":\"https:\/\/fundacion-biodiversidad.es\/en\/#website\",\"url\":\"https:\/\/fundacion-biodiversidad.es\/en\/\",\"name\":\"Fundaci\u00f3n Biodiversidad\",\"description\":\"Fundaci\u00f3n p\u00fablica adscrita al Ministerio para la Transici\u00f3n Ecol\u00f3gica\",\"potentialAction\":[{\"@type\":\"SearchAction\",\"target\":{\"@type\":\"EntryPoint\",\"urlTemplate\":\"https:\/\/fundacion-biodiversidad.es\/en\/?s={search_term_string}\"},\"query-input\":{\"@type\":\"PropertyValueSpecification\",\"valueRequired\":true,\"valueName\":\"search_term_string\"}}],\"inLanguage\":\"en-US\"}]}<\/script>\n<!-- \/ Yoast SEO plugin. -->","yoast_head_json":{"title":"International Seminar on the Management of Natura 2000 Areas - Fundaci\u00f3n Biodiversidad","robots":{"index":"index","follow":"follow","max-snippet":"max-snippet:-1","max-image-preview":"max-image-preview:large","max-video-preview":"max-video-preview:-1"},"canonical":"https:\/\/fundacion-biodiversidad.es\/en\/actualidad_home\/international-seminar-on-the-management-of-natura-2000-areas\/","og_locale":"en_US","og_type":"article","og_title":"International Seminar on the Management of Natura 2000 Areas - Fundaci\u00f3n Biodiversidad","og_description":"The Biodiversity Foundation of the Ministry of Agriculture, Food and Environment is present at the international seminar on the management of Natura 2000 areas held [&hellip;]","og_url":"https:\/\/fundacion-biodiversidad.es\/en\/actualidad_home\/international-seminar-on-the-management-of-natura-2000-areas\/","og_site_name":"Fundaci\u00f3n Biodiversidad","og_image":[{"width":720,"height":405,"url":"https:\/\/fundacion-biodiversidad.es\/wp-content\/uploads\/2023\/01\/2487661294_35330241_720x405.png","type":"image\/png"}],"twitter_card":"summary_large_image","twitter_misc":{"Est. reading time":"1 minute"},"schema":{"@context":"https:\/\/schema.org","@graph":[{"@type":"WebPage","@id":"https:\/\/fundacion-biodiversidad.es\/en\/actualidad_home\/international-seminar-on-the-management-of-natura-2000-areas\/","url":"https:\/\/fundacion-biodiversidad.es\/en\/actualidad_home\/international-seminar-on-the-management-of-natura-2000-areas\/","name":"International Seminar on the Management of Natura 2000 Areas - Fundaci\u00f3n Biodiversidad","isPartOf":{"@id":"https:\/\/fundacion-biodiversidad.es\/en\/#website"},"primaryImageOfPage":{"@id":"https:\/\/fundacion-biodiversidad.es\/en\/actualidad_home\/international-seminar-on-the-management-of-natura-2000-areas\/#primaryimage"},"image":{"@id":"https:\/\/fundacion-biodiversidad.es\/en\/actualidad_home\/international-seminar-on-the-management-of-natura-2000-areas\/#primaryimage"},"thumbnailUrl":"https:\/\/fundacion-biodiversidad.es\/wp-content\/uploads\/2015\/01\/reunion_letonia_red_natura_2000.jpg","datePublished":"2015-01-27T08:35:50+00:00","breadcrumb":{"@id":"https:\/\/fundacion-biodiversidad.es\/en\/actualidad_home\/international-seminar-on-the-management-of-natura-2000-areas\/#breadcrumb"},"inLanguage":"en-US","potentialAction":[{"@type":"ReadAction","target":["https:\/\/fundacion-biodiversidad.es\/en\/actualidad_home\/international-seminar-on-the-management-of-natura-2000-areas\/"]}]},{"@type":"ImageObject","inLanguage":"en-US","@id":"https:\/\/fundacion-biodiversidad.es\/en\/actualidad_home\/international-seminar-on-the-management-of-natura-2000-areas\/#primaryimage","url":"https:\/\/fundacion-biodiversidad.es\/wp-content\/uploads\/2015\/01\/reunion_letonia_red_natura_2000.jpg","contentUrl":"https:\/\/fundacion-biodiversidad.es\/wp-content\/uploads\/2015\/01\/reunion_letonia_red_natura_2000.jpg","width":1148,"height":837},{"@type":"BreadcrumbList","@id":"https:\/\/fundacion-biodiversidad.es\/en\/actualidad_home\/international-seminar-on-the-management-of-natura-2000-areas\/#breadcrumb","itemListElement":[{"@type":"ListItem","position":1,"name":"Portada","item":"https:\/\/fundacion-biodiversidad.es\/en\/inicio\/"},{"@type":"ListItem","position":2,"name":"Noticias de actualidad","item":"https:\/\/fundacion-biodiversidad.es\/en\/actualidad_home\/"},{"@type":"ListItem","position":3,"name":"International Seminar on the Management of Natura 2000 Areas"}]},{"@type":"WebSite","@id":"https:\/\/fundacion-biodiversidad.es\/en\/#website","url":"https:\/\/fundacion-biodiversidad.es\/en\/","name":"Fundaci\u00f3n Biodiversidad","description":"Fundaci\u00f3n p\u00fablica adscrita al Ministerio para la Transici\u00f3n Ecol\u00f3gica","potentialAction":[{"@type":"SearchAction","target":{"@type":"EntryPoint","urlTemplate":"https:\/\/fundacion-biodiversidad.es\/en\/?s={search_term_string}"},"query-input":{"@type":"PropertyValueSpecification","valueRequired":true,"valueName":"search_term_string"}}],"inLanguage":"en-US"}]}},"_links":{"self":[{"href":"https:\/\/fundacion-biodiversidad.es\/en\/wp-json\/wp\/v2\/actualidad_home\/97857936","targetHints":{"allow":["GET"]}}],"collection":[{"href":"https:\/\/fundacion-biodiversidad.es\/en\/wp-json\/wp\/v2\/actualidad_home"}],"about":[{"href":"https:\/\/fundacion-biodiversidad.es\/en\/wp-json\/wp\/v2\/types\/actualidad_home"}],"author":[{"embeddable":true,"href":"https:\/\/fundacion-biodiversidad.es\/en\/wp-json\/wp\/v2\/users\/11"}],"wp:featuredmedia":[{"embeddable":true,"href":"https:\/\/fundacion-biodiversidad.es\/en\/wp-json\/wp\/v2\/media\/35526"}],"wp:attachment":[{"href":"https:\/\/fundacion-biodiversidad.es\/en\/wp-json\/wp\/v2\/media?parent=97857936"}],"wp:term":[{"taxonomy":"palabras_clave","embeddable":true,"href":"https:\/\/fundacion-biodiversidad.es\/en\/wp-json\/wp\/v2\/palabras_clave?post=97857936"}],"curies":[{"name":"wp","href":"https:\/\/api.w.org\/{rel}","templated":true}]}}