{"id":97857937,"date":"2015-02-18T12:13:49","date_gmt":"2015-02-18T11:13:49","guid":{"rendered":"https:\/\/fundacion-biodiversidad.es\/actualidad_home\/the-spanish-group-for-green-growth-presents-itself-to-the-european-commission\/"},"modified":"2015-02-18T12:13:49","modified_gmt":"2015-02-18T11:13:49","slug":"the-spanish-group-for-green-growth-presents-itself-to-the-european-commission","status":"publish","type":"actualidad_home","link":"https:\/\/fundacion-biodiversidad.es\/en\/actualidad_home\/the-spanish-group-for-green-growth-presents-itself-to-the-european-commission\/","title":{"rendered":"The Spanish Group for Green Growth presents itself to the European Commission"},"content":{"rendered":"<p>The <strong>Secretary of State<\/strong> for the Environment, Federico Ramos, together with representatives of 20 large Spanish companies, presented the <a href=\"http:\/\/crecimientoverde.fundacion-biodiversidad.es\/\" target=\"_blank\" rel=\"noopener\"><strong>Spanish Group for Green Growth<\/strong><\/a> to the European Commission in Brussels, an initiative of the Ministry of Agriculture, Food and the Environment that brings together the Administration and the business sector involved in<strong> the fight against climate change<\/strong>.&nbsp;<\/p>\n<p>  Last November, <strong>more than 30 companies signed the <a href=\"http:\/\/crecimientoverde.fundacion-biodiversidad.es\/content\/declaracion-de-adhesion\" target=\"_blank\" rel=\"noopener\">Declaration of Adhesion to the Spanish Group for Green Growth<\/a><\/strong>, within the framework of the &#8220;<a href=\"http:\/\/fundacion-biodiversidad.es\/prensa\/recursos-multimedia\/video-del-i-foro-del-grupo-espanol-para-el-crecimiento-verde\" target=\"_blank\" rel=\"noopener\"><strong>I Forum of the Spanish Group for Green Growth<\/strong><\/a>&#8220;, held in Madrid. The constitution of the Spanish section of the Green Growth Group, an initiative that emerged in 2013 within the framework of the European Union, aims to increase the participation of companies, share information, identify opportunities and support the Spanish presence in international forums in this field. <\/p>\n<p>  Each of the companies that joined this Declaration recognises the importance of the EU&#8217;s strategy for green growth to <strong>move towards sustainable<\/strong>, low-carbon growth and an energy-efficient economy and consider that, in the face of the challenge of green growth and the fight against climate change. In addition, they are &#8220;aware&#8221; of their <strong>relevant role in achieving the European objectives<\/strong> and recognise the importance of &#8220;considering the risks and opportunities linked to climate change as part of their business strategy, assessing their own carbon footprint in this context, as well as establishing targets to reduce emissions and publicly reporting on their achievements&#8221;. <\/p>\n<p>  Within the framework of this presentation in Brussels, the <strong>Secretary of State for the Environment held a meeting<\/strong> <strong>with<\/strong> the representatives of this business delegation of the Working Group, as well as different NGOs in the field of the fight against climate change, sectoral associations and <a href=\"http:\/\/fundacion-biodiversidad.es\/sites\/default\/files\/notas\/17022015_presentacion_grupo_espanol_crecimiento_verde_bruselas.pdf\" target=\"_blank\" rel=\"noopener\"><strong>councillors of the Permanent Representation of Spain to the European Union<\/strong><\/a>.<br \/>\n&nbsp;<br \/>  At this meeting, Ramos stressed that we are at a &#8220;crucial and interesting&#8221; moment in the fight against climate change and that the constitution of the Spanish Group for Green Growth &#8220;<strong>marks the beginning of a fruitful collaboration between the private sector and the public administration in Spain<\/strong>&#8221; to advance towards the goal of a low-carbon economy.<br \/>  In this regard, he recalled the importance of the <a href=\"http:\/\/crecimientoverde.fundacion-biodiversidad.es\/empresas-adheridas\" target=\"_blank\" rel=\"noopener\"><strong>Declaration already signed with more than 30 companies<\/strong><\/a> \u2013 and to which more interested parties can continue to join \u2013 and which commits the signatories to calculate their carbon footprint, establish quantifiable reduction targets and periodically communicate the progress made with these objectives and their achievements.<br \/>\n&nbsp;<br \/>  During the day, the Secretary of State <strong>met with the Commissioners for Climate Action and Energy, Miguel Arias Ca\u00f1ete; for the Environment, Maritime Affairs and Fisheries, Karmenu Vella; for Trade, Cecilia Malstrom, as well as with the Vice-President for the Promotion of Employment, Growth, Investment and Competitiveness, Jyrki Katainen<\/strong>. Ramos also presented this initiative to the executive director of the European Union&#8217;s Green Growth platform, Sandrine Dixson-Decl\u00e8ve, as well as to various European Commission officials in the field of Foreign Affairs, Structural Funds and Regional Policy, Trade and the Environment. <br \/>\n&nbsp;<\/p>\n","protected":false},"author":11,"featured_media":35531,"template":"","meta":{"_acf_changed":false},"palabras_clave":[37,169,170,76],"class_list":["post-97857937","actualidad_home","type-actualidad_home","status-publish","has-post-thumbnail","hentry","palabras_clave-cambio-climatico","palabras_clave-crecimiento-verde","palabras_clave-rsc","palabras_clave-sostenibilidad"],"acf":[],"yoast_head":"<!-- This site is optimized with the Yoast SEO plugin v26.9 - https:\/\/yoast.com\/product\/yoast-seo-wordpress\/ -->\n<title>The Spanish Group for Green Growth presents itself to the European Commission - Fundaci\u00f3n Biodiversidad<\/title>\n<meta name=\"robots\" content=\"index, follow, max-snippet:-1, max-image-preview:large, max-video-preview:-1\" \/>\n<link rel=\"canonical\" href=\"https:\/\/fundacion-biodiversidad.es\/en\/actualidad_home\/the-spanish-group-for-green-growth-presents-itself-to-the-european-commission\/\" \/>\n<meta property=\"og:locale\" content=\"en_US\" \/>\n<meta property=\"og:type\" content=\"article\" \/>\n<meta property=\"og:title\" content=\"The Spanish Group for Green Growth presents itself to the European Commission - Fundaci\u00f3n Biodiversidad\" \/>\n<meta property=\"og:description\" content=\"The Secretary of State for the Environment, Federico Ramos, together with representatives of 20 large Spanish companies, presented the Spanish Group for Green Growth to [&hellip;]\" \/>\n<meta property=\"og:url\" content=\"https:\/\/fundacion-biodiversidad.es\/en\/actualidad_home\/the-spanish-group-for-green-growth-presents-itself-to-the-european-commission\/\" \/>\n<meta property=\"og:site_name\" content=\"Fundaci\u00f3n Biodiversidad\" \/>\n<meta property=\"og:image\" content=\"https:\/\/fundacion-biodiversidad.es\/wp-content\/uploads\/2023\/01\/2487661294_35330241_720x405.png\" \/>\n\t<meta property=\"og:image:width\" content=\"720\" \/>\n\t<meta property=\"og:image:height\" content=\"405\" \/>\n\t<meta property=\"og:image:type\" content=\"image\/png\" \/>\n<meta name=\"twitter:card\" content=\"summary_large_image\" \/>\n<meta name=\"twitter:label1\" content=\"Est. reading time\" \/>\n\t<meta name=\"twitter:data1\" content=\"2 minutes\" \/>\n<script type=\"application\/ld+json\" class=\"yoast-schema-graph\">{\"@context\":\"https:\/\/schema.org\",\"@graph\":[{\"@type\":\"WebPage\",\"@id\":\"https:\/\/fundacion-biodiversidad.es\/en\/actualidad_home\/the-spanish-group-for-green-growth-presents-itself-to-the-european-commission\/\",\"url\":\"https:\/\/fundacion-biodiversidad.es\/en\/actualidad_home\/the-spanish-group-for-green-growth-presents-itself-to-the-european-commission\/\",\"name\":\"The Spanish Group for Green Growth presents itself to the European Commission - Fundaci\u00f3n Biodiversidad\",\"isPartOf\":{\"@id\":\"https:\/\/fundacion-biodiversidad.es\/en\/#website\"},\"primaryImageOfPage\":{\"@id\":\"https:\/\/fundacion-biodiversidad.es\/en\/actualidad_home\/the-spanish-group-for-green-growth-presents-itself-to-the-european-commission\/#primaryimage\"},\"image\":{\"@id\":\"https:\/\/fundacion-biodiversidad.es\/en\/actualidad_home\/the-spanish-group-for-green-growth-presents-itself-to-the-european-commission\/#primaryimage\"},\"thumbnailUrl\":\"https:\/\/fundacion-biodiversidad.es\/wp-content\/uploads\/2015\/02\/150217_foto_de_familia_gecv_con_katainen.jpg\",\"datePublished\":\"2015-02-18T11:13:49+00:00\",\"breadcrumb\":{\"@id\":\"https:\/\/fundacion-biodiversidad.es\/en\/actualidad_home\/the-spanish-group-for-green-growth-presents-itself-to-the-european-commission\/#breadcrumb\"},\"inLanguage\":\"en-US\",\"potentialAction\":[{\"@type\":\"ReadAction\",\"target\":[\"https:\/\/fundacion-biodiversidad.es\/en\/actualidad_home\/the-spanish-group-for-green-growth-presents-itself-to-the-european-commission\/\"]}]},{\"@type\":\"ImageObject\",\"inLanguage\":\"en-US\",\"@id\":\"https:\/\/fundacion-biodiversidad.es\/en\/actualidad_home\/the-spanish-group-for-green-growth-presents-itself-to-the-european-commission\/#primaryimage\",\"url\":\"https:\/\/fundacion-biodiversidad.es\/wp-content\/uploads\/2015\/02\/150217_foto_de_familia_gecv_con_katainen.jpg\",\"contentUrl\":\"https:\/\/fundacion-biodiversidad.es\/wp-content\/uploads\/2015\/02\/150217_foto_de_familia_gecv_con_katainen.jpg\",\"width\":2304,\"height\":1296},{\"@type\":\"BreadcrumbList\",\"@id\":\"https:\/\/fundacion-biodiversidad.es\/en\/actualidad_home\/the-spanish-group-for-green-growth-presents-itself-to-the-european-commission\/#breadcrumb\",\"itemListElement\":[{\"@type\":\"ListItem\",\"position\":1,\"name\":\"Portada\",\"item\":\"https:\/\/fundacion-biodiversidad.es\/en\/inicio\/\"},{\"@type\":\"ListItem\",\"position\":2,\"name\":\"Noticias de actualidad\",\"item\":\"https:\/\/fundacion-biodiversidad.es\/en\/actualidad_home\/\"},{\"@type\":\"ListItem\",\"position\":3,\"name\":\"The Spanish Group for Green Growth presents itself to the European Commission\"}]},{\"@type\":\"WebSite\",\"@id\":\"https:\/\/fundacion-biodiversidad.es\/en\/#website\",\"url\":\"https:\/\/fundacion-biodiversidad.es\/en\/\",\"name\":\"Fundaci\u00f3n Biodiversidad\",\"description\":\"Fundaci\u00f3n p\u00fablica adscrita al Ministerio para la Transici\u00f3n Ecol\u00f3gica\",\"potentialAction\":[{\"@type\":\"SearchAction\",\"target\":{\"@type\":\"EntryPoint\",\"urlTemplate\":\"https:\/\/fundacion-biodiversidad.es\/en\/?s={search_term_string}\"},\"query-input\":{\"@type\":\"PropertyValueSpecification\",\"valueRequired\":true,\"valueName\":\"search_term_string\"}}],\"inLanguage\":\"en-US\"}]}<\/script>\n<!-- \/ Yoast SEO plugin. -->","yoast_head_json":{"title":"The Spanish Group for Green Growth presents itself to the European Commission - Fundaci\u00f3n Biodiversidad","robots":{"index":"index","follow":"follow","max-snippet":"max-snippet:-1","max-image-preview":"max-image-preview:large","max-video-preview":"max-video-preview:-1"},"canonical":"https:\/\/fundacion-biodiversidad.es\/en\/actualidad_home\/the-spanish-group-for-green-growth-presents-itself-to-the-european-commission\/","og_locale":"en_US","og_type":"article","og_title":"The Spanish Group for Green Growth presents itself to the European Commission - Fundaci\u00f3n Biodiversidad","og_description":"The Secretary of State for the Environment, Federico Ramos, together with representatives of 20 large Spanish companies, presented the Spanish Group for Green Growth to [&hellip;]","og_url":"https:\/\/fundacion-biodiversidad.es\/en\/actualidad_home\/the-spanish-group-for-green-growth-presents-itself-to-the-european-commission\/","og_site_name":"Fundaci\u00f3n Biodiversidad","og_image":[{"width":720,"height":405,"url":"https:\/\/fundacion-biodiversidad.es\/wp-content\/uploads\/2023\/01\/2487661294_35330241_720x405.png","type":"image\/png"}],"twitter_card":"summary_large_image","twitter_misc":{"Est. reading time":"2 minutes"},"schema":{"@context":"https:\/\/schema.org","@graph":[{"@type":"WebPage","@id":"https:\/\/fundacion-biodiversidad.es\/en\/actualidad_home\/the-spanish-group-for-green-growth-presents-itself-to-the-european-commission\/","url":"https:\/\/fundacion-biodiversidad.es\/en\/actualidad_home\/the-spanish-group-for-green-growth-presents-itself-to-the-european-commission\/","name":"The Spanish Group for Green Growth presents itself to the European Commission - Fundaci\u00f3n Biodiversidad","isPartOf":{"@id":"https:\/\/fundacion-biodiversidad.es\/en\/#website"},"primaryImageOfPage":{"@id":"https:\/\/fundacion-biodiversidad.es\/en\/actualidad_home\/the-spanish-group-for-green-growth-presents-itself-to-the-european-commission\/#primaryimage"},"image":{"@id":"https:\/\/fundacion-biodiversidad.es\/en\/actualidad_home\/the-spanish-group-for-green-growth-presents-itself-to-the-european-commission\/#primaryimage"},"thumbnailUrl":"https:\/\/fundacion-biodiversidad.es\/wp-content\/uploads\/2015\/02\/150217_foto_de_familia_gecv_con_katainen.jpg","datePublished":"2015-02-18T11:13:49+00:00","breadcrumb":{"@id":"https:\/\/fundacion-biodiversidad.es\/en\/actualidad_home\/the-spanish-group-for-green-growth-presents-itself-to-the-european-commission\/#breadcrumb"},"inLanguage":"en-US","potentialAction":[{"@type":"ReadAction","target":["https:\/\/fundacion-biodiversidad.es\/en\/actualidad_home\/the-spanish-group-for-green-growth-presents-itself-to-the-european-commission\/"]}]},{"@type":"ImageObject","inLanguage":"en-US","@id":"https:\/\/fundacion-biodiversidad.es\/en\/actualidad_home\/the-spanish-group-for-green-growth-presents-itself-to-the-european-commission\/#primaryimage","url":"https:\/\/fundacion-biodiversidad.es\/wp-content\/uploads\/2015\/02\/150217_foto_de_familia_gecv_con_katainen.jpg","contentUrl":"https:\/\/fundacion-biodiversidad.es\/wp-content\/uploads\/2015\/02\/150217_foto_de_familia_gecv_con_katainen.jpg","width":2304,"height":1296},{"@type":"BreadcrumbList","@id":"https:\/\/fundacion-biodiversidad.es\/en\/actualidad_home\/the-spanish-group-for-green-growth-presents-itself-to-the-european-commission\/#breadcrumb","itemListElement":[{"@type":"ListItem","position":1,"name":"Portada","item":"https:\/\/fundacion-biodiversidad.es\/en\/inicio\/"},{"@type":"ListItem","position":2,"name":"Noticias de actualidad","item":"https:\/\/fundacion-biodiversidad.es\/en\/actualidad_home\/"},{"@type":"ListItem","position":3,"name":"The Spanish Group for Green Growth presents itself to the European Commission"}]},{"@type":"WebSite","@id":"https:\/\/fundacion-biodiversidad.es\/en\/#website","url":"https:\/\/fundacion-biodiversidad.es\/en\/","name":"Fundaci\u00f3n Biodiversidad","description":"Fundaci\u00f3n p\u00fablica adscrita al Ministerio para la Transici\u00f3n Ecol\u00f3gica","potentialAction":[{"@type":"SearchAction","target":{"@type":"EntryPoint","urlTemplate":"https:\/\/fundacion-biodiversidad.es\/en\/?s={search_term_string}"},"query-input":{"@type":"PropertyValueSpecification","valueRequired":true,"valueName":"search_term_string"}}],"inLanguage":"en-US"}]}},"_links":{"self":[{"href":"https:\/\/fundacion-biodiversidad.es\/en\/wp-json\/wp\/v2\/actualidad_home\/97857937","targetHints":{"allow":["GET"]}}],"collection":[{"href":"https:\/\/fundacion-biodiversidad.es\/en\/wp-json\/wp\/v2\/actualidad_home"}],"about":[{"href":"https:\/\/fundacion-biodiversidad.es\/en\/wp-json\/wp\/v2\/types\/actualidad_home"}],"author":[{"embeddable":true,"href":"https:\/\/fundacion-biodiversidad.es\/en\/wp-json\/wp\/v2\/users\/11"}],"wp:featuredmedia":[{"embeddable":true,"href":"https:\/\/fundacion-biodiversidad.es\/en\/wp-json\/wp\/v2\/media\/35531"}],"wp:attachment":[{"href":"https:\/\/fundacion-biodiversidad.es\/en\/wp-json\/wp\/v2\/media?parent=97857937"}],"wp:term":[{"taxonomy":"palabras_clave","embeddable":true,"href":"https:\/\/fundacion-biodiversidad.es\/en\/wp-json\/wp\/v2\/palabras_clave?post=97857937"}],"curies":[{"name":"wp","href":"https:\/\/api.w.org\/{rel}","templated":true}]}}