{"id":97857938,"date":"2015-01-21T09:40:52","date_gmt":"2015-01-21T08:40:52","guid":{"rendered":"https:\/\/fundacion-biodiversidad.es\/actualidad_home\/the-ninth-meeting-of-the-management-committee-of-the-life-capercaillie-is-held\/"},"modified":"2015-01-21T09:40:52","modified_gmt":"2015-01-21T08:40:52","slug":"the-ninth-meeting-of-the-management-committee-of-the-life-capercaillie-is-held","status":"publish","type":"actualidad_home","link":"https:\/\/fundacion-biodiversidad.es\/en\/actualidad_home\/the-ninth-meeting-of-the-management-committee-of-the-life-capercaillie-is-held\/","title":{"rendered":"The ninth meeting of the Management Committee of the LIFE+ Capercaillie is held"},"content":{"rendered":"<p>The Management Committee of the LIFE+ Capercaillie met today at 10:30 a.m. at the headquarters of the Biodiversity Foundation of the Ministry of Agriculture, Food and Environment to address the latest progress made within the framework of the project, which works on the conservation of this endangered species.<br \/>\n&nbsp;<br \/>\n<!--more-->  The Management Committee of <strong>the LIFE+ Capercaillie <\/strong>met today at 10:30 a.m. at the headquarters of the <strong>Biodiversity Foundation of the Ministry of Agriculture, Food and Environment <\/strong>to address the latest progress made within the framework of the project, which works on the conservation of this endangered species.<\/p>\n<p>  At the <strong>ninth meeting of the LIFE+ Capercaillie Management Committee <\/strong>, the latest actions carried out were discussed, including the release of specimens of the species bred in captivity, <strong>a historic milestone in Spain<\/strong>.<\/p>\n<p>  The actions planned for the first half of 2015 were also addressed. <strong>A set of initiatives that include the management of the capercaillie habitat <\/strong>and the control of predators and competitors, as well as the continuation of the actions developed in the context of the breeding centre, the capture and radio monitoring programme, and the reinforcement and custody programmes. <\/p>\n<p>  Likewise, future actions to disseminate the project have also been addressed, such as the holding of an <strong>informative seminar <\/strong>and the design of the latest <strong>informative materials <\/strong>of the project.<\/p>\n<p>  The LIFE+ Cantabrian Capercaillie, coordinated by the Biodiversity Foundation, has as its fundamental objective to stop the decline of this subspecies exclusive to the Northwest of the Iberian Peninsula and promote its recovery. The project, <strong>50% co-financed through the LIFE+ programme <\/strong>, the European Union&#8217;s financial instrument for the environment, has as partners the Autonomous Communities of Cantabria, the Principality of Asturias and Castilla y Le\u00f3n, the latter through the Natural Heritage Foundation of Castilla y Le\u00f3n; the Interregional Consortium for the Coordinated Management of the Picos de Europa National Park; Tragsa and Tragsatec, SEO\/BirdLife and with funding from the Autonomous National Parks Agency and the Iberdrola Foundation. <\/p>\n","protected":false},"author":11,"featured_media":35525,"template":"","meta":{"_acf_changed":false},"palabras_clave":[148],"class_list":["post-97857938","actualidad_home","type-actualidad_home","status-publish","has-post-thumbnail","hentry","palabras_clave-urogallo-cantabrico-urogallo-proyectos-life-life-urogallo-conservacion-especies"],"acf":[],"yoast_head":"<!-- This site is optimized with the Yoast SEO plugin v26.9 - https:\/\/yoast.com\/product\/yoast-seo-wordpress\/ -->\n<title>The ninth meeting of the Management Committee of the LIFE+ Capercaillie is held - Fundaci\u00f3n Biodiversidad<\/title>\n<meta name=\"robots\" content=\"index, follow, max-snippet:-1, max-image-preview:large, max-video-preview:-1\" \/>\n<link rel=\"canonical\" href=\"https:\/\/fundacion-biodiversidad.es\/en\/actualidad_home\/the-ninth-meeting-of-the-management-committee-of-the-life-capercaillie-is-held\/\" \/>\n<meta property=\"og:locale\" content=\"en_US\" \/>\n<meta property=\"og:type\" content=\"article\" \/>\n<meta property=\"og:title\" content=\"The ninth meeting of the Management Committee of the LIFE+ Capercaillie is held - Fundaci\u00f3n Biodiversidad\" \/>\n<meta property=\"og:description\" content=\"The Management Committee of the LIFE+ Capercaillie met today at 10:30 a.m. at the headquarters of the Biodiversity Foundation of the Ministry of Agriculture, Food [&hellip;]\" \/>\n<meta property=\"og:url\" content=\"https:\/\/fundacion-biodiversidad.es\/en\/actualidad_home\/the-ninth-meeting-of-the-management-committee-of-the-life-capercaillie-is-held\/\" \/>\n<meta property=\"og:site_name\" content=\"Fundaci\u00f3n Biodiversidad\" \/>\n<meta property=\"og:image\" content=\"https:\/\/fundacion-biodiversidad.es\/wp-content\/uploads\/2023\/01\/2487661294_35330241_720x405.png\" \/>\n\t<meta property=\"og:image:width\" content=\"720\" \/>\n\t<meta property=\"og:image:height\" content=\"405\" \/>\n\t<meta property=\"og:image:type\" content=\"image\/png\" \/>\n<meta name=\"twitter:card\" content=\"summary_large_image\" \/>\n<meta name=\"twitter:label1\" content=\"Est. reading time\" \/>\n\t<meta name=\"twitter:data1\" content=\"2 minutes\" \/>\n<script type=\"application\/ld+json\" class=\"yoast-schema-graph\">{\"@context\":\"https:\/\/schema.org\",\"@graph\":[{\"@type\":\"WebPage\",\"@id\":\"https:\/\/fundacion-biodiversidad.es\/en\/actualidad_home\/the-ninth-meeting-of-the-management-committee-of-the-life-capercaillie-is-held\/\",\"url\":\"https:\/\/fundacion-biodiversidad.es\/en\/actualidad_home\/the-ninth-meeting-of-the-management-committee-of-the-life-capercaillie-is-held\/\",\"name\":\"The ninth meeting of the Management Committee of the LIFE+ Capercaillie is held - Fundaci\u00f3n Biodiversidad\",\"isPartOf\":{\"@id\":\"https:\/\/fundacion-biodiversidad.es\/en\/#website\"},\"primaryImageOfPage\":{\"@id\":\"https:\/\/fundacion-biodiversidad.es\/en\/actualidad_home\/the-ninth-meeting-of-the-management-committee-of-the-life-capercaillie-is-held\/#primaryimage\"},\"image\":{\"@id\":\"https:\/\/fundacion-biodiversidad.es\/en\/actualidad_home\/the-ninth-meeting-of-the-management-committee-of-the-life-capercaillie-is-held\/#primaryimage\"},\"thumbnailUrl\":\"https:\/\/fundacion-biodiversidad.es\/wp-content\/uploads\/2015\/01\/reunion_comite_gestion_urogallo-scaled.jpg\",\"datePublished\":\"2015-01-21T08:40:52+00:00\",\"breadcrumb\":{\"@id\":\"https:\/\/fundacion-biodiversidad.es\/en\/actualidad_home\/the-ninth-meeting-of-the-management-committee-of-the-life-capercaillie-is-held\/#breadcrumb\"},\"inLanguage\":\"en-US\",\"potentialAction\":[{\"@type\":\"ReadAction\",\"target\":[\"https:\/\/fundacion-biodiversidad.es\/en\/actualidad_home\/the-ninth-meeting-of-the-management-committee-of-the-life-capercaillie-is-held\/\"]}]},{\"@type\":\"ImageObject\",\"inLanguage\":\"en-US\",\"@id\":\"https:\/\/fundacion-biodiversidad.es\/en\/actualidad_home\/the-ninth-meeting-of-the-management-committee-of-the-life-capercaillie-is-held\/#primaryimage\",\"url\":\"https:\/\/fundacion-biodiversidad.es\/wp-content\/uploads\/2015\/01\/reunion_comite_gestion_urogallo-scaled.jpg\",\"contentUrl\":\"https:\/\/fundacion-biodiversidad.es\/wp-content\/uploads\/2015\/01\/reunion_comite_gestion_urogallo-scaled.jpg\",\"width\":2560,\"height\":1440},{\"@type\":\"BreadcrumbList\",\"@id\":\"https:\/\/fundacion-biodiversidad.es\/en\/actualidad_home\/the-ninth-meeting-of-the-management-committee-of-the-life-capercaillie-is-held\/#breadcrumb\",\"itemListElement\":[{\"@type\":\"ListItem\",\"position\":1,\"name\":\"Portada\",\"item\":\"https:\/\/fundacion-biodiversidad.es\/en\/inicio\/\"},{\"@type\":\"ListItem\",\"position\":2,\"name\":\"Noticias de actualidad\",\"item\":\"https:\/\/fundacion-biodiversidad.es\/en\/actualidad_home\/\"},{\"@type\":\"ListItem\",\"position\":3,\"name\":\"The ninth meeting of the Management Committee of the LIFE+ Capercaillie is held\"}]},{\"@type\":\"WebSite\",\"@id\":\"https:\/\/fundacion-biodiversidad.es\/en\/#website\",\"url\":\"https:\/\/fundacion-biodiversidad.es\/en\/\",\"name\":\"Fundaci\u00f3n Biodiversidad\",\"description\":\"Fundaci\u00f3n p\u00fablica adscrita al Ministerio para la Transici\u00f3n Ecol\u00f3gica\",\"potentialAction\":[{\"@type\":\"SearchAction\",\"target\":{\"@type\":\"EntryPoint\",\"urlTemplate\":\"https:\/\/fundacion-biodiversidad.es\/en\/?s={search_term_string}\"},\"query-input\":{\"@type\":\"PropertyValueSpecification\",\"valueRequired\":true,\"valueName\":\"search_term_string\"}}],\"inLanguage\":\"en-US\"}]}<\/script>\n<!-- \/ Yoast SEO plugin. -->","yoast_head_json":{"title":"The ninth meeting of the Management Committee of the LIFE+ Capercaillie is held - Fundaci\u00f3n Biodiversidad","robots":{"index":"index","follow":"follow","max-snippet":"max-snippet:-1","max-image-preview":"max-image-preview:large","max-video-preview":"max-video-preview:-1"},"canonical":"https:\/\/fundacion-biodiversidad.es\/en\/actualidad_home\/the-ninth-meeting-of-the-management-committee-of-the-life-capercaillie-is-held\/","og_locale":"en_US","og_type":"article","og_title":"The ninth meeting of the Management Committee of the LIFE+ Capercaillie is held - Fundaci\u00f3n Biodiversidad","og_description":"The Management Committee of the LIFE+ Capercaillie met today at 10:30 a.m. at the headquarters of the Biodiversity Foundation of the Ministry of Agriculture, Food [&hellip;]","og_url":"https:\/\/fundacion-biodiversidad.es\/en\/actualidad_home\/the-ninth-meeting-of-the-management-committee-of-the-life-capercaillie-is-held\/","og_site_name":"Fundaci\u00f3n Biodiversidad","og_image":[{"width":720,"height":405,"url":"https:\/\/fundacion-biodiversidad.es\/wp-content\/uploads\/2023\/01\/2487661294_35330241_720x405.png","type":"image\/png"}],"twitter_card":"summary_large_image","twitter_misc":{"Est. reading time":"2 minutes"},"schema":{"@context":"https:\/\/schema.org","@graph":[{"@type":"WebPage","@id":"https:\/\/fundacion-biodiversidad.es\/en\/actualidad_home\/the-ninth-meeting-of-the-management-committee-of-the-life-capercaillie-is-held\/","url":"https:\/\/fundacion-biodiversidad.es\/en\/actualidad_home\/the-ninth-meeting-of-the-management-committee-of-the-life-capercaillie-is-held\/","name":"The ninth meeting of the Management Committee of the LIFE+ Capercaillie is held - Fundaci\u00f3n Biodiversidad","isPartOf":{"@id":"https:\/\/fundacion-biodiversidad.es\/en\/#website"},"primaryImageOfPage":{"@id":"https:\/\/fundacion-biodiversidad.es\/en\/actualidad_home\/the-ninth-meeting-of-the-management-committee-of-the-life-capercaillie-is-held\/#primaryimage"},"image":{"@id":"https:\/\/fundacion-biodiversidad.es\/en\/actualidad_home\/the-ninth-meeting-of-the-management-committee-of-the-life-capercaillie-is-held\/#primaryimage"},"thumbnailUrl":"https:\/\/fundacion-biodiversidad.es\/wp-content\/uploads\/2015\/01\/reunion_comite_gestion_urogallo-scaled.jpg","datePublished":"2015-01-21T08:40:52+00:00","breadcrumb":{"@id":"https:\/\/fundacion-biodiversidad.es\/en\/actualidad_home\/the-ninth-meeting-of-the-management-committee-of-the-life-capercaillie-is-held\/#breadcrumb"},"inLanguage":"en-US","potentialAction":[{"@type":"ReadAction","target":["https:\/\/fundacion-biodiversidad.es\/en\/actualidad_home\/the-ninth-meeting-of-the-management-committee-of-the-life-capercaillie-is-held\/"]}]},{"@type":"ImageObject","inLanguage":"en-US","@id":"https:\/\/fundacion-biodiversidad.es\/en\/actualidad_home\/the-ninth-meeting-of-the-management-committee-of-the-life-capercaillie-is-held\/#primaryimage","url":"https:\/\/fundacion-biodiversidad.es\/wp-content\/uploads\/2015\/01\/reunion_comite_gestion_urogallo-scaled.jpg","contentUrl":"https:\/\/fundacion-biodiversidad.es\/wp-content\/uploads\/2015\/01\/reunion_comite_gestion_urogallo-scaled.jpg","width":2560,"height":1440},{"@type":"BreadcrumbList","@id":"https:\/\/fundacion-biodiversidad.es\/en\/actualidad_home\/the-ninth-meeting-of-the-management-committee-of-the-life-capercaillie-is-held\/#breadcrumb","itemListElement":[{"@type":"ListItem","position":1,"name":"Portada","item":"https:\/\/fundacion-biodiversidad.es\/en\/inicio\/"},{"@type":"ListItem","position":2,"name":"Noticias de actualidad","item":"https:\/\/fundacion-biodiversidad.es\/en\/actualidad_home\/"},{"@type":"ListItem","position":3,"name":"The ninth meeting of the Management Committee of the LIFE+ Capercaillie is held"}]},{"@type":"WebSite","@id":"https:\/\/fundacion-biodiversidad.es\/en\/#website","url":"https:\/\/fundacion-biodiversidad.es\/en\/","name":"Fundaci\u00f3n Biodiversidad","description":"Fundaci\u00f3n p\u00fablica adscrita al Ministerio para la Transici\u00f3n Ecol\u00f3gica","potentialAction":[{"@type":"SearchAction","target":{"@type":"EntryPoint","urlTemplate":"https:\/\/fundacion-biodiversidad.es\/en\/?s={search_term_string}"},"query-input":{"@type":"PropertyValueSpecification","valueRequired":true,"valueName":"search_term_string"}}],"inLanguage":"en-US"}]}},"_links":{"self":[{"href":"https:\/\/fundacion-biodiversidad.es\/en\/wp-json\/wp\/v2\/actualidad_home\/97857938","targetHints":{"allow":["GET"]}}],"collection":[{"href":"https:\/\/fundacion-biodiversidad.es\/en\/wp-json\/wp\/v2\/actualidad_home"}],"about":[{"href":"https:\/\/fundacion-biodiversidad.es\/en\/wp-json\/wp\/v2\/types\/actualidad_home"}],"author":[{"embeddable":true,"href":"https:\/\/fundacion-biodiversidad.es\/en\/wp-json\/wp\/v2\/users\/11"}],"wp:featuredmedia":[{"embeddable":true,"href":"https:\/\/fundacion-biodiversidad.es\/en\/wp-json\/wp\/v2\/media\/35525"}],"wp:attachment":[{"href":"https:\/\/fundacion-biodiversidad.es\/en\/wp-json\/wp\/v2\/media?parent=97857938"}],"wp:term":[{"taxonomy":"palabras_clave","embeddable":true,"href":"https:\/\/fundacion-biodiversidad.es\/en\/wp-json\/wp\/v2\/palabras_clave?post=97857938"}],"curies":[{"name":"wp","href":"https:\/\/api.w.org\/{rel}","templated":true}]}}