{"id":97857939,"date":"2015-02-16T16:01:43","date_gmt":"2015-02-16T15:01:43","guid":{"rendered":"https:\/\/fundacion-biodiversidad.es\/actualidad_home\/the-advisory-council-of-the-land-stewardship-platform-meets\/"},"modified":"2015-02-16T16:01:43","modified_gmt":"2015-02-16T15:01:43","slug":"the-advisory-council-of-the-land-stewardship-platform-meets","status":"publish","type":"actualidad_home","link":"https:\/\/fundacion-biodiversidad.es\/en\/actualidad_home\/the-advisory-council-of-the-land-stewardship-platform-meets\/","title":{"rendered":"The Advisory Council of the Land Stewardship Platform meets"},"content":{"rendered":"<p>The Advisory Council of the Land <a href=\"http:\/\/custodia-territorio.es\/\" rel=\"nofollow noopener\" target=\"_blank\"><strong>Stewardship Platform<\/strong><\/a> of the Biodiversity Foundation of the Ministry of Agriculture, Food and the Environment held its 7th meeting today to assess the actions undertaken during 2014 in this line of action and to propose the Platform&#8217;s work plan for 2015. The meeting was chaired by the director of the Biodiversity Foundation, Sonia Casta\u00f1eda, who recalled &#8220;the Foundation&#8217;s commitment to land stewardship, as we consider it to be a very valid conservation tool and which we support through several projects&#8221;. <\/p>\n<p>  The meeting was attended by<a href=\"http:\/\/custodia-territorio.es\/la-custodia\/redes-de-custodia\" rel=\"nofollow noopener\" target=\"_blank\"><strong> 16 entities<\/strong><\/a>, of which 13 are linked to land stewardship and another 3 belong to the different general directorates of the Ministries of Defence and Agriculture, Food and the Environment.<\/p>\n<p>  At the meeting, special emphasis was placed on the <strong>actions that the Ministry has been developing for years in the area of land stewardship<\/strong>. In this sense, the <a href=\"http:\/\/fundacion-biodiversidad.es\/convocatorias\/convocatorias-de-ayudas\" target=\"_blank\" rel=\"noopener\"><strong>Foundation&#8217;s call for grants<\/strong><\/a> has been highlighted, which in its 2014 edition has allocated more than \u20ac 277,000 to stewardship projects. <\/p>\n<p>  Likewise, the work of the <a href=\"http:\/\/chiringuitosyvoluntarios.es\/voluntarios\/\" rel=\"nofollow noopener\" target=\"_blank\"><strong>Beaches, Rivers, Volunteering and Land Stewardship Program<\/strong><\/a>, also promoted by the Biodiversity Foundation, which since 2012 has carried out more than 300 actions linked to this line of work, <strong>mobilizing more than 16,000 volunteers<\/strong>, has been valued.<\/p>\n<p>  The meeting also highlighted the importance of land stewardship in other projects developed by the Foundation, such as <a href=\"http:\/\/lifeurogallo.es\/\" rel=\"nofollow noopener\" target=\"_blank\"><strong>LIFE+ Capercaillie<\/strong><\/a> and <a href=\"http:\/\/ecosafimed.eu\/es\" rel=\"nofollow noopener\" target=\"_blank\"><strong>ENPI-ECOSAFIMED<\/strong><\/a>, which incorporate, in some of their activities, this conservation tool. In the case of the first, 30 stewardship agreements have been signed to date, while under the second project marine stewardship agreements are planned with fishermen from Spain, Italy and Tunisia.<\/p>\n<p> With regard to the initiatives contemplated for 2015, the meeting addressed some actions such as the development of the <strong>Manual on stewardship and administrations<\/strong>, the publication of land stewardship initiatives, the preparation of the <strong>IV inventory of land stewardship agreements and entities<\/strong> and the support of the Biodiversity Foundation to international initiatives such as the <strong>consolidation of the European network<\/strong>. <\/p>\n<p>&nbsp;<\/p>\n","protected":false},"author":11,"featured_media":35530,"template":"","meta":{"_acf_changed":false},"palabras_clave":[129,167,168],"class_list":["post-97857939","actualidad_home","type-actualidad_home","status-publish","has-post-thumbnail","hentry","palabras_clave-conservacion","palabras_clave-custodia","palabras_clave-territorio"],"acf":[],"yoast_head":"<!-- This site is optimized with the Yoast SEO plugin v26.9 - https:\/\/yoast.com\/product\/yoast-seo-wordpress\/ -->\n<title>The Advisory Council of the Land Stewardship Platform meets - Fundaci\u00f3n Biodiversidad<\/title>\n<meta name=\"robots\" content=\"index, follow, max-snippet:-1, max-image-preview:large, max-video-preview:-1\" \/>\n<link rel=\"canonical\" href=\"https:\/\/fundacion-biodiversidad.es\/en\/actualidad_home\/the-advisory-council-of-the-land-stewardship-platform-meets\/\" \/>\n<meta property=\"og:locale\" content=\"en_US\" \/>\n<meta property=\"og:type\" content=\"article\" \/>\n<meta property=\"og:title\" content=\"The Advisory Council of the Land Stewardship Platform meets - Fundaci\u00f3n Biodiversidad\" \/>\n<meta property=\"og:description\" content=\"The Advisory Council of the Land Stewardship Platform of the Biodiversity Foundation of the Ministry of Agriculture, Food and the Environment held its 7th meeting [&hellip;]\" \/>\n<meta property=\"og:url\" content=\"https:\/\/fundacion-biodiversidad.es\/en\/actualidad_home\/the-advisory-council-of-the-land-stewardship-platform-meets\/\" \/>\n<meta property=\"og:site_name\" content=\"Fundaci\u00f3n Biodiversidad\" \/>\n<meta property=\"og:image\" content=\"https:\/\/fundacion-biodiversidad.es\/wp-content\/uploads\/2023\/01\/2487661294_35330241_720x405.png\" \/>\n\t<meta property=\"og:image:width\" content=\"720\" \/>\n\t<meta property=\"og:image:height\" content=\"405\" \/>\n\t<meta property=\"og:image:type\" content=\"image\/png\" \/>\n<meta name=\"twitter:card\" content=\"summary_large_image\" \/>\n<meta name=\"twitter:label1\" content=\"Est. reading time\" \/>\n\t<meta name=\"twitter:data1\" content=\"2 minutes\" \/>\n<script type=\"application\/ld+json\" class=\"yoast-schema-graph\">{\"@context\":\"https:\/\/schema.org\",\"@graph\":[{\"@type\":\"WebPage\",\"@id\":\"https:\/\/fundacion-biodiversidad.es\/en\/actualidad_home\/the-advisory-council-of-the-land-stewardship-platform-meets\/\",\"url\":\"https:\/\/fundacion-biodiversidad.es\/en\/actualidad_home\/the-advisory-council-of-the-land-stewardship-platform-meets\/\",\"name\":\"The Advisory Council of the Land Stewardship Platform meets - Fundaci\u00f3n Biodiversidad\",\"isPartOf\":{\"@id\":\"https:\/\/fundacion-biodiversidad.es\/en\/#website\"},\"primaryImageOfPage\":{\"@id\":\"https:\/\/fundacion-biodiversidad.es\/en\/actualidad_home\/the-advisory-council-of-the-land-stewardship-platform-meets\/#primaryimage\"},\"image\":{\"@id\":\"https:\/\/fundacion-biodiversidad.es\/en\/actualidad_home\/the-advisory-council-of-the-land-stewardship-platform-meets\/#primaryimage\"},\"thumbnailUrl\":\"https:\/\/fundacion-biodiversidad.es\/wp-content\/uploads\/2015\/02\/reunion_consejo_asesor_plataforma_custodia_territorio-scaled.jpg\",\"datePublished\":\"2015-02-16T15:01:43+00:00\",\"breadcrumb\":{\"@id\":\"https:\/\/fundacion-biodiversidad.es\/en\/actualidad_home\/the-advisory-council-of-the-land-stewardship-platform-meets\/#breadcrumb\"},\"inLanguage\":\"en-US\",\"potentialAction\":[{\"@type\":\"ReadAction\",\"target\":[\"https:\/\/fundacion-biodiversidad.es\/en\/actualidad_home\/the-advisory-council-of-the-land-stewardship-platform-meets\/\"]}]},{\"@type\":\"ImageObject\",\"inLanguage\":\"en-US\",\"@id\":\"https:\/\/fundacion-biodiversidad.es\/en\/actualidad_home\/the-advisory-council-of-the-land-stewardship-platform-meets\/#primaryimage\",\"url\":\"https:\/\/fundacion-biodiversidad.es\/wp-content\/uploads\/2015\/02\/reunion_consejo_asesor_plataforma_custodia_territorio-scaled.jpg\",\"contentUrl\":\"https:\/\/fundacion-biodiversidad.es\/wp-content\/uploads\/2015\/02\/reunion_consejo_asesor_plataforma_custodia_territorio-scaled.jpg\",\"width\":2560,\"height\":1463},{\"@type\":\"BreadcrumbList\",\"@id\":\"https:\/\/fundacion-biodiversidad.es\/en\/actualidad_home\/the-advisory-council-of-the-land-stewardship-platform-meets\/#breadcrumb\",\"itemListElement\":[{\"@type\":\"ListItem\",\"position\":1,\"name\":\"Portada\",\"item\":\"https:\/\/fundacion-biodiversidad.es\/en\/inicio\/\"},{\"@type\":\"ListItem\",\"position\":2,\"name\":\"Noticias de actualidad\",\"item\":\"https:\/\/fundacion-biodiversidad.es\/en\/actualidad_home\/\"},{\"@type\":\"ListItem\",\"position\":3,\"name\":\"The Advisory Council of the Land Stewardship Platform meets\"}]},{\"@type\":\"WebSite\",\"@id\":\"https:\/\/fundacion-biodiversidad.es\/en\/#website\",\"url\":\"https:\/\/fundacion-biodiversidad.es\/en\/\",\"name\":\"Fundaci\u00f3n Biodiversidad\",\"description\":\"Fundaci\u00f3n p\u00fablica adscrita al Ministerio para la Transici\u00f3n Ecol\u00f3gica\",\"potentialAction\":[{\"@type\":\"SearchAction\",\"target\":{\"@type\":\"EntryPoint\",\"urlTemplate\":\"https:\/\/fundacion-biodiversidad.es\/en\/?s={search_term_string}\"},\"query-input\":{\"@type\":\"PropertyValueSpecification\",\"valueRequired\":true,\"valueName\":\"search_term_string\"}}],\"inLanguage\":\"en-US\"}]}<\/script>\n<!-- \/ Yoast SEO plugin. -->","yoast_head_json":{"title":"The Advisory Council of the Land Stewardship Platform meets - Fundaci\u00f3n Biodiversidad","robots":{"index":"index","follow":"follow","max-snippet":"max-snippet:-1","max-image-preview":"max-image-preview:large","max-video-preview":"max-video-preview:-1"},"canonical":"https:\/\/fundacion-biodiversidad.es\/en\/actualidad_home\/the-advisory-council-of-the-land-stewardship-platform-meets\/","og_locale":"en_US","og_type":"article","og_title":"The Advisory Council of the Land Stewardship Platform meets - Fundaci\u00f3n Biodiversidad","og_description":"The Advisory Council of the Land Stewardship Platform of the Biodiversity Foundation of the Ministry of Agriculture, Food and the Environment held its 7th meeting [&hellip;]","og_url":"https:\/\/fundacion-biodiversidad.es\/en\/actualidad_home\/the-advisory-council-of-the-land-stewardship-platform-meets\/","og_site_name":"Fundaci\u00f3n Biodiversidad","og_image":[{"width":720,"height":405,"url":"https:\/\/fundacion-biodiversidad.es\/wp-content\/uploads\/2023\/01\/2487661294_35330241_720x405.png","type":"image\/png"}],"twitter_card":"summary_large_image","twitter_misc":{"Est. reading time":"2 minutes"},"schema":{"@context":"https:\/\/schema.org","@graph":[{"@type":"WebPage","@id":"https:\/\/fundacion-biodiversidad.es\/en\/actualidad_home\/the-advisory-council-of-the-land-stewardship-platform-meets\/","url":"https:\/\/fundacion-biodiversidad.es\/en\/actualidad_home\/the-advisory-council-of-the-land-stewardship-platform-meets\/","name":"The Advisory Council of the Land Stewardship Platform meets - Fundaci\u00f3n Biodiversidad","isPartOf":{"@id":"https:\/\/fundacion-biodiversidad.es\/en\/#website"},"primaryImageOfPage":{"@id":"https:\/\/fundacion-biodiversidad.es\/en\/actualidad_home\/the-advisory-council-of-the-land-stewardship-platform-meets\/#primaryimage"},"image":{"@id":"https:\/\/fundacion-biodiversidad.es\/en\/actualidad_home\/the-advisory-council-of-the-land-stewardship-platform-meets\/#primaryimage"},"thumbnailUrl":"https:\/\/fundacion-biodiversidad.es\/wp-content\/uploads\/2015\/02\/reunion_consejo_asesor_plataforma_custodia_territorio-scaled.jpg","datePublished":"2015-02-16T15:01:43+00:00","breadcrumb":{"@id":"https:\/\/fundacion-biodiversidad.es\/en\/actualidad_home\/the-advisory-council-of-the-land-stewardship-platform-meets\/#breadcrumb"},"inLanguage":"en-US","potentialAction":[{"@type":"ReadAction","target":["https:\/\/fundacion-biodiversidad.es\/en\/actualidad_home\/the-advisory-council-of-the-land-stewardship-platform-meets\/"]}]},{"@type":"ImageObject","inLanguage":"en-US","@id":"https:\/\/fundacion-biodiversidad.es\/en\/actualidad_home\/the-advisory-council-of-the-land-stewardship-platform-meets\/#primaryimage","url":"https:\/\/fundacion-biodiversidad.es\/wp-content\/uploads\/2015\/02\/reunion_consejo_asesor_plataforma_custodia_territorio-scaled.jpg","contentUrl":"https:\/\/fundacion-biodiversidad.es\/wp-content\/uploads\/2015\/02\/reunion_consejo_asesor_plataforma_custodia_territorio-scaled.jpg","width":2560,"height":1463},{"@type":"BreadcrumbList","@id":"https:\/\/fundacion-biodiversidad.es\/en\/actualidad_home\/the-advisory-council-of-the-land-stewardship-platform-meets\/#breadcrumb","itemListElement":[{"@type":"ListItem","position":1,"name":"Portada","item":"https:\/\/fundacion-biodiversidad.es\/en\/inicio\/"},{"@type":"ListItem","position":2,"name":"Noticias de actualidad","item":"https:\/\/fundacion-biodiversidad.es\/en\/actualidad_home\/"},{"@type":"ListItem","position":3,"name":"The Advisory Council of the Land Stewardship Platform meets"}]},{"@type":"WebSite","@id":"https:\/\/fundacion-biodiversidad.es\/en\/#website","url":"https:\/\/fundacion-biodiversidad.es\/en\/","name":"Fundaci\u00f3n Biodiversidad","description":"Fundaci\u00f3n p\u00fablica adscrita al Ministerio para la Transici\u00f3n Ecol\u00f3gica","potentialAction":[{"@type":"SearchAction","target":{"@type":"EntryPoint","urlTemplate":"https:\/\/fundacion-biodiversidad.es\/en\/?s={search_term_string}"},"query-input":{"@type":"PropertyValueSpecification","valueRequired":true,"valueName":"search_term_string"}}],"inLanguage":"en-US"}]}},"_links":{"self":[{"href":"https:\/\/fundacion-biodiversidad.es\/en\/wp-json\/wp\/v2\/actualidad_home\/97857939","targetHints":{"allow":["GET"]}}],"collection":[{"href":"https:\/\/fundacion-biodiversidad.es\/en\/wp-json\/wp\/v2\/actualidad_home"}],"about":[{"href":"https:\/\/fundacion-biodiversidad.es\/en\/wp-json\/wp\/v2\/types\/actualidad_home"}],"author":[{"embeddable":true,"href":"https:\/\/fundacion-biodiversidad.es\/en\/wp-json\/wp\/v2\/users\/11"}],"wp:featuredmedia":[{"embeddable":true,"href":"https:\/\/fundacion-biodiversidad.es\/en\/wp-json\/wp\/v2\/media\/35530"}],"wp:attachment":[{"href":"https:\/\/fundacion-biodiversidad.es\/en\/wp-json\/wp\/v2\/media?parent=97857939"}],"wp:term":[{"taxonomy":"palabras_clave","embeddable":true,"href":"https:\/\/fundacion-biodiversidad.es\/en\/wp-json\/wp\/v2\/palabras_clave?post=97857939"}],"curies":[{"name":"wp","href":"https:\/\/api.w.org\/{rel}","templated":true}]}}