{"id":97857940,"date":"2015-01-19T09:39:24","date_gmt":"2015-01-19T08:39:24","guid":{"rendered":"https:\/\/fundacion-biodiversidad.es\/actualidad_home\/foundations-called-to-play-a-key-role-in-the-defense-of-the-environment\/"},"modified":"2015-01-19T09:39:24","modified_gmt":"2015-01-19T08:39:24","slug":"foundations-called-to-play-a-key-role-in-the-defense-of-the-environment","status":"publish","type":"actualidad_home","link":"https:\/\/fundacion-biodiversidad.es\/en\/actualidad_home\/foundations-called-to-play-a-key-role-in-the-defense-of-the-environment\/","title":{"rendered":"Foundations called to play a key role in the defense of the environment"},"content":{"rendered":"<p>The Minister of Agriculture, Food and the Environment, Isabel Garc\u00eda Tejerina, stressed today in Madrid that foundations are called upon to play &#8220;an important role&#8221; in the conservation of natural capital. <!--more--> Isabel Garc\u00eda Tejerina inaugurated this morning, at the headquarters of the Ministry of San Juan de la Cruz, the <a href=\"http:\/\/fundacion-biodiversidad.es\/prensa\/notas-de-prensa\/garcia-tejerina-la-transicion-hacia-un-crecimiento-mas-sostenible-implica\" target=\"_blank\" rel=\"noopener\">conference <strong>&#8220;The role of Foundations in the conservation of natural capital&#8221;.<\/strong><\/a> At the event, the minister was accompanied by the president of the Spanish Association of Foundations; the Secretary of State for the Environment, Federico Ramos, senior officials of the Ministry and representatives of foundations. <br \/>\n&nbsp;<br \/>  In his speech, Garc\u00eda Tejerina assured that <strong>working in favour of the protection of the environment is also contributing to the sustainable development<\/strong> of economic activities that take place in the natural environment. In this sense, the minister assured that &#8220;public administrations have the obligation to protect nature, and we must do so based on the indispensable collective solidarity&#8221;. The objective of today&#8217;s conference was to give relevance to this <strong>collective support provided by foundations<\/strong>. It is, he said, &#8220;to share experiences and knowledge around our common interest in improving the environment&#8221;.   <br \/>\n&nbsp;<br \/>  In this context, the minister stressed the need to move towards a more sustainable development model, &#8220;based on the more rational and efficient use of natural resources&#8221;. A model, he added, &#8220;capable of recognising the scarcity of resources and preserving them, at the service of growth and social welfare&#8221;. <br \/>\n&nbsp;<br \/>  To this end, <strong>Garc\u00eda Tejerina believes that foundations are called upon to play an important role<\/strong>, as they have extensive experience in maximising the social utility of their activities.  To illustrate the social and economic importance of foundations in Spain, Garc\u00eda Tejerina commented that, according to the Second Report on the Foundation Sector in Spain, of June 2014, there are more than 29 million final and direct beneficiaries of the activities of the 14,000 organizations registered in our country.<br \/>\n&nbsp;<br \/>  He also commented that the foundations <strong>mobilize more than 108,000 volunteers annually<\/strong>, people who dedicate time and effort to carry out work of general interest without remuneration, to which must be added some 70,000 employers who do not receive remuneration. Specifically, the minister pointed out that about 10% of foundations have as their main purpose the defense of the environment. Of these, only the 16 that make up the Association of Foundations for the Conservation of Nature mobilise more than 82,000 people, of which almost 6,000 are volunteers.  <br \/>\n&nbsp;<br \/>  As he highlighted, &#8220;<strong>these foundations actively collaborate with public administrations<\/strong>, which allows us to achieve results that, alone, would not be easy to achieve&#8221;. In addition to the work carried out by the Ministry with foundations, Garc\u00eda Tejerina referred to the promotion of various projects &#8220;to involve our companies in the task of achieving a low-carbon economy&#8221;. <\/p>\n","protected":false},"author":11,"featured_media":35524,"template":"","meta":{"_acf_changed":false},"palabras_clave":[],"class_list":["post-97857940","actualidad_home","type-actualidad_home","status-publish","has-post-thumbnail","hentry"],"acf":[],"yoast_head":"<!-- This site is optimized with the Yoast SEO plugin v26.9 - https:\/\/yoast.com\/product\/yoast-seo-wordpress\/ -->\n<title>Foundations called to play a key role in the defense of the environment - Fundaci\u00f3n Biodiversidad<\/title>\n<meta name=\"robots\" content=\"index, follow, max-snippet:-1, max-image-preview:large, max-video-preview:-1\" \/>\n<link rel=\"canonical\" href=\"https:\/\/fundacion-biodiversidad.es\/en\/actualidad_home\/foundations-called-to-play-a-key-role-in-the-defense-of-the-environment\/\" \/>\n<meta property=\"og:locale\" content=\"en_US\" \/>\n<meta property=\"og:type\" content=\"article\" \/>\n<meta property=\"og:title\" content=\"Foundations called to play a key role in the defense of the environment - Fundaci\u00f3n Biodiversidad\" \/>\n<meta property=\"og:description\" content=\"The Minister of Agriculture, Food and the Environment, Isabel Garc\u00eda Tejerina, stressed today in Madrid that foundations are called upon to play &#8220;an important role&#8221; [&hellip;]\" \/>\n<meta property=\"og:url\" content=\"https:\/\/fundacion-biodiversidad.es\/en\/actualidad_home\/foundations-called-to-play-a-key-role-in-the-defense-of-the-environment\/\" \/>\n<meta property=\"og:site_name\" content=\"Fundaci\u00f3n Biodiversidad\" \/>\n<meta property=\"og:image\" content=\"https:\/\/fundacion-biodiversidad.es\/wp-content\/uploads\/2023\/01\/2487661294_35330241_720x405.png\" \/>\n\t<meta property=\"og:image:width\" content=\"720\" \/>\n\t<meta property=\"og:image:height\" content=\"405\" \/>\n\t<meta property=\"og:image:type\" content=\"image\/png\" \/>\n<meta name=\"twitter:card\" content=\"summary_large_image\" \/>\n<meta name=\"twitter:label1\" content=\"Est. reading time\" \/>\n\t<meta name=\"twitter:data1\" content=\"2 minutes\" \/>\n<script type=\"application\/ld+json\" class=\"yoast-schema-graph\">{\"@context\":\"https:\/\/schema.org\",\"@graph\":[{\"@type\":\"WebPage\",\"@id\":\"https:\/\/fundacion-biodiversidad.es\/en\/actualidad_home\/foundations-called-to-play-a-key-role-in-the-defense-of-the-environment\/\",\"url\":\"https:\/\/fundacion-biodiversidad.es\/en\/actualidad_home\/foundations-called-to-play-a-key-role-in-the-defense-of-the-environment\/\",\"name\":\"Foundations called to play a key role in the defense of the environment - Fundaci\u00f3n Biodiversidad\",\"isPartOf\":{\"@id\":\"https:\/\/fundacion-biodiversidad.es\/en\/#website\"},\"primaryImageOfPage\":{\"@id\":\"https:\/\/fundacion-biodiversidad.es\/en\/actualidad_home\/foundations-called-to-play-a-key-role-in-the-defense-of-the-environment\/#primaryimage\"},\"image\":{\"@id\":\"https:\/\/fundacion-biodiversidad.es\/en\/actualidad_home\/foundations-called-to-play-a-key-role-in-the-defense-of-the-environment\/#primaryimage\"},\"thumbnailUrl\":\"https:\/\/fundacion-biodiversidad.es\/wp-content\/uploads\/2015\/01\/jornada-fundaciones.jpg\",\"datePublished\":\"2015-01-19T08:39:24+00:00\",\"breadcrumb\":{\"@id\":\"https:\/\/fundacion-biodiversidad.es\/en\/actualidad_home\/foundations-called-to-play-a-key-role-in-the-defense-of-the-environment\/#breadcrumb\"},\"inLanguage\":\"en-US\",\"potentialAction\":[{\"@type\":\"ReadAction\",\"target\":[\"https:\/\/fundacion-biodiversidad.es\/en\/actualidad_home\/foundations-called-to-play-a-key-role-in-the-defense-of-the-environment\/\"]}]},{\"@type\":\"ImageObject\",\"inLanguage\":\"en-US\",\"@id\":\"https:\/\/fundacion-biodiversidad.es\/en\/actualidad_home\/foundations-called-to-play-a-key-role-in-the-defense-of-the-environment\/#primaryimage\",\"url\":\"https:\/\/fundacion-biodiversidad.es\/wp-content\/uploads\/2015\/01\/jornada-fundaciones.jpg\",\"contentUrl\":\"https:\/\/fundacion-biodiversidad.es\/wp-content\/uploads\/2015\/01\/jornada-fundaciones.jpg\",\"width\":700,\"height\":594},{\"@type\":\"BreadcrumbList\",\"@id\":\"https:\/\/fundacion-biodiversidad.es\/en\/actualidad_home\/foundations-called-to-play-a-key-role-in-the-defense-of-the-environment\/#breadcrumb\",\"itemListElement\":[{\"@type\":\"ListItem\",\"position\":1,\"name\":\"Portada\",\"item\":\"https:\/\/fundacion-biodiversidad.es\/en\/inicio\/\"},{\"@type\":\"ListItem\",\"position\":2,\"name\":\"Noticias de actualidad\",\"item\":\"https:\/\/fundacion-biodiversidad.es\/en\/actualidad_home\/\"},{\"@type\":\"ListItem\",\"position\":3,\"name\":\"Foundations called to play a key role in the defense of the environment\"}]},{\"@type\":\"WebSite\",\"@id\":\"https:\/\/fundacion-biodiversidad.es\/en\/#website\",\"url\":\"https:\/\/fundacion-biodiversidad.es\/en\/\",\"name\":\"Fundaci\u00f3n Biodiversidad\",\"description\":\"Fundaci\u00f3n p\u00fablica adscrita al Ministerio para la Transici\u00f3n Ecol\u00f3gica\",\"potentialAction\":[{\"@type\":\"SearchAction\",\"target\":{\"@type\":\"EntryPoint\",\"urlTemplate\":\"https:\/\/fundacion-biodiversidad.es\/en\/?s={search_term_string}\"},\"query-input\":{\"@type\":\"PropertyValueSpecification\",\"valueRequired\":true,\"valueName\":\"search_term_string\"}}],\"inLanguage\":\"en-US\"}]}<\/script>\n<!-- \/ Yoast SEO plugin. -->","yoast_head_json":{"title":"Foundations called to play a key role in the defense of the environment - Fundaci\u00f3n Biodiversidad","robots":{"index":"index","follow":"follow","max-snippet":"max-snippet:-1","max-image-preview":"max-image-preview:large","max-video-preview":"max-video-preview:-1"},"canonical":"https:\/\/fundacion-biodiversidad.es\/en\/actualidad_home\/foundations-called-to-play-a-key-role-in-the-defense-of-the-environment\/","og_locale":"en_US","og_type":"article","og_title":"Foundations called to play a key role in the defense of the environment - Fundaci\u00f3n Biodiversidad","og_description":"The Minister of Agriculture, Food and the Environment, Isabel Garc\u00eda Tejerina, stressed today in Madrid that foundations are called upon to play &#8220;an important role&#8221; [&hellip;]","og_url":"https:\/\/fundacion-biodiversidad.es\/en\/actualidad_home\/foundations-called-to-play-a-key-role-in-the-defense-of-the-environment\/","og_site_name":"Fundaci\u00f3n Biodiversidad","og_image":[{"width":720,"height":405,"url":"https:\/\/fundacion-biodiversidad.es\/wp-content\/uploads\/2023\/01\/2487661294_35330241_720x405.png","type":"image\/png"}],"twitter_card":"summary_large_image","twitter_misc":{"Est. reading time":"2 minutes"},"schema":{"@context":"https:\/\/schema.org","@graph":[{"@type":"WebPage","@id":"https:\/\/fundacion-biodiversidad.es\/en\/actualidad_home\/foundations-called-to-play-a-key-role-in-the-defense-of-the-environment\/","url":"https:\/\/fundacion-biodiversidad.es\/en\/actualidad_home\/foundations-called-to-play-a-key-role-in-the-defense-of-the-environment\/","name":"Foundations called to play a key role in the defense of the environment - Fundaci\u00f3n Biodiversidad","isPartOf":{"@id":"https:\/\/fundacion-biodiversidad.es\/en\/#website"},"primaryImageOfPage":{"@id":"https:\/\/fundacion-biodiversidad.es\/en\/actualidad_home\/foundations-called-to-play-a-key-role-in-the-defense-of-the-environment\/#primaryimage"},"image":{"@id":"https:\/\/fundacion-biodiversidad.es\/en\/actualidad_home\/foundations-called-to-play-a-key-role-in-the-defense-of-the-environment\/#primaryimage"},"thumbnailUrl":"https:\/\/fundacion-biodiversidad.es\/wp-content\/uploads\/2015\/01\/jornada-fundaciones.jpg","datePublished":"2015-01-19T08:39:24+00:00","breadcrumb":{"@id":"https:\/\/fundacion-biodiversidad.es\/en\/actualidad_home\/foundations-called-to-play-a-key-role-in-the-defense-of-the-environment\/#breadcrumb"},"inLanguage":"en-US","potentialAction":[{"@type":"ReadAction","target":["https:\/\/fundacion-biodiversidad.es\/en\/actualidad_home\/foundations-called-to-play-a-key-role-in-the-defense-of-the-environment\/"]}]},{"@type":"ImageObject","inLanguage":"en-US","@id":"https:\/\/fundacion-biodiversidad.es\/en\/actualidad_home\/foundations-called-to-play-a-key-role-in-the-defense-of-the-environment\/#primaryimage","url":"https:\/\/fundacion-biodiversidad.es\/wp-content\/uploads\/2015\/01\/jornada-fundaciones.jpg","contentUrl":"https:\/\/fundacion-biodiversidad.es\/wp-content\/uploads\/2015\/01\/jornada-fundaciones.jpg","width":700,"height":594},{"@type":"BreadcrumbList","@id":"https:\/\/fundacion-biodiversidad.es\/en\/actualidad_home\/foundations-called-to-play-a-key-role-in-the-defense-of-the-environment\/#breadcrumb","itemListElement":[{"@type":"ListItem","position":1,"name":"Portada","item":"https:\/\/fundacion-biodiversidad.es\/en\/inicio\/"},{"@type":"ListItem","position":2,"name":"Noticias de actualidad","item":"https:\/\/fundacion-biodiversidad.es\/en\/actualidad_home\/"},{"@type":"ListItem","position":3,"name":"Foundations called to play a key role in the defense of the environment"}]},{"@type":"WebSite","@id":"https:\/\/fundacion-biodiversidad.es\/en\/#website","url":"https:\/\/fundacion-biodiversidad.es\/en\/","name":"Fundaci\u00f3n Biodiversidad","description":"Fundaci\u00f3n p\u00fablica adscrita al Ministerio para la Transici\u00f3n Ecol\u00f3gica","potentialAction":[{"@type":"SearchAction","target":{"@type":"EntryPoint","urlTemplate":"https:\/\/fundacion-biodiversidad.es\/en\/?s={search_term_string}"},"query-input":{"@type":"PropertyValueSpecification","valueRequired":true,"valueName":"search_term_string"}}],"inLanguage":"en-US"}]}},"_links":{"self":[{"href":"https:\/\/fundacion-biodiversidad.es\/en\/wp-json\/wp\/v2\/actualidad_home\/97857940","targetHints":{"allow":["GET"]}}],"collection":[{"href":"https:\/\/fundacion-biodiversidad.es\/en\/wp-json\/wp\/v2\/actualidad_home"}],"about":[{"href":"https:\/\/fundacion-biodiversidad.es\/en\/wp-json\/wp\/v2\/types\/actualidad_home"}],"author":[{"embeddable":true,"href":"https:\/\/fundacion-biodiversidad.es\/en\/wp-json\/wp\/v2\/users\/11"}],"wp:featuredmedia":[{"embeddable":true,"href":"https:\/\/fundacion-biodiversidad.es\/en\/wp-json\/wp\/v2\/media\/35524"}],"wp:attachment":[{"href":"https:\/\/fundacion-biodiversidad.es\/en\/wp-json\/wp\/v2\/media?parent=97857940"}],"wp:term":[{"taxonomy":"palabras_clave","embeddable":true,"href":"https:\/\/fundacion-biodiversidad.es\/en\/wp-json\/wp\/v2\/palabras_clave?post=97857940"}],"curies":[{"name":"wp","href":"https:\/\/api.w.org\/{rel}","templated":true}]}}