{"id":97857942,"date":"2015-01-15T10:25:08","date_gmt":"2015-01-15T09:25:08","guid":{"rendered":"https:\/\/fundacion-biodiversidad.es\/actualidad_home\/the-biodiversity-foundation-publishes-its-call-for-grants\/"},"modified":"2015-01-15T10:25:08","modified_gmt":"2015-01-15T09:25:08","slug":"the-biodiversity-foundation-publishes-its-call-for-grants","status":"publish","type":"actualidad_home","link":"https:\/\/fundacion-biodiversidad.es\/en\/actualidad_home\/the-biodiversity-foundation-publishes-its-call-for-grants\/","title":{"rendered":"The Biodiversity Foundation publishes its call for grants"},"content":{"rendered":"<p>The Biodiversity Foundation publishes its 25th call for grants for biodiversity conservation  <!--more--><br \/>\n<a href=\"http:\/\/www.magrama.es\" rel=\"nofollow noopener\" target=\"_blank\">The Ministry of Agriculture, Food and the Environment<\/a>, through the <strong>Biodiversity Foundation<\/strong>, has today published its <strong>twenty-fifth call for grants<\/strong>, corresponding to <strong>2015<\/strong>, for the promotion of the conservation of terrestrial biodiversity, marine biodiversity, climate change and environmental quality, for a total amount<strong> of 3.43 million euros<\/strong>.<\/p>\n<p>  In addition to this call, whose <strong>regulatory bases<\/strong> can be consulted on the website of the <a href=\"http:\/\/fundacion-biodiversidad.es\/convocatorias\" target=\"_blank\" rel=\"noopener\">Biodiversity Foundation<\/a>, there is a specific one aimed at the development <strong>of collaboration and representation activities<\/strong> before the General State Administration, the European Union and international organisations, and a final one for <strong>the promotion of environmental information <\/strong>in the media. Thanks to the granting of these grants, on a competitive basis, the Ministry of Agriculture, Food and the Environment has already supported <strong>more than 1,100 entities<\/strong> in the development of projects framed within the different modalities called.<\/p>\n<p> The <a href=\"http:\/\/fundacion-biodiversidad.es\/convocatorias\/convocatorias-de-ayudas\/convocatoria-de-ayudas-2015\" target=\"_blank\" rel=\"noopener\">first call<\/a> is aimed at non-profit entities to carry out activities in the field of <strong>terrestrial biodiversity, marine biodiversity, climate change and environmental quality<\/strong>. The maximum overall endowment of this call is up to 2.6 million euros, and entities that wish to apply for this call have until April 15 and July 15, 2015 to submit their application. Each project can apply for a maximum of 70% co-financing, with a maximum grant of 100,000 euros.<\/p>\n<p> The <a href=\"http:\/\/fundacion-biodiversidad.es\/convocatorias\/convocatorias-de-ayudas\/convocatoria-de-concesion-de-ayudas-en-regimen-de-concurrenc-1\" target=\"_blank\" rel=\"noopener\">second call<\/a>   <strong> <\/strong>it is aimed at non-governmental organisations that are part of the Environmental Advisory Council, for the development of <strong>collaboration and representation activities before the General State Administration, the European Union and international organisations<\/strong> in the field of biodiversity, climate change and sustainable development. The maximum overall endowment of this call is up to 460,000 euros and the maximum amount that can be granted for each application for aid cannot exceed 115,000 euros.<\/p>\n<p> Finally, grants have been called <a href=\"http:\/\/fundacion-biodiversidad.es\/convocatorias\/convocatorias-de-ayudas\/convocatoria-de-concesion-de-ayudas-para-el-fomento-de-la-3\" target=\"_blank\" rel=\"noopener\">to promote the publication of information with environmental content<\/a><strong> in the media<\/strong> (written press, radio or digital media), in order to achieve greater environmental awareness in society. The media interested in these grants, endowed with a total of 375,000 euros, have 60 days to present to the Biodiversity Foundation the informative projects they plan to carry out during this year. They may not exceed 75,000 euros per application and a maximum of 70% of the total budget of the project submitted.<\/p>\n<p><strong>Applications<\/strong> for these grants can only be made through the <a href=\"https:\/\/aplicaciones.fundanet.es\/Biodiversidad\/convocatorias\/contenido\/Midentificacion.asp\" rel=\"nofollow noopener\" target=\"_blank\">tool<\/a> provided on the website of the Biodiversity Foundation, of the Ministry of Agriculture, Food and the Environment.   <br \/>\n&nbsp;<\/p>\n","protected":false},"author":11,"featured_media":35523,"template":"","meta":{"_acf_changed":false},"palabras_clave":[122,62,112,113,143,37,146,141,145,34,142,121,144,147],"class_list":["post-97857942","actualidad_home","type-actualidad_home","status-publish","has-post-thumbnail","hentry","palabras_clave-alimentacion-y-medio-ambiente","palabras_clave-biodiversidad-marina","palabras_clave-biodiversidad-terrestre","palabras_clave-calidad-ambiental","palabras_clave-cama","palabras_clave-cambio-climatico","palabras_clave-concesion-de-ayudas","palabras_clave-convocatoria-de-ayudas","palabras_clave-entidades","palabras_clave-fundacion-biodiversidad","palabras_clave-informacion-ambiental","palabras_clave-ministerio-de-agricultura","palabras_clave-proyectos","palabras_clave-solicitud-de-ayudas"],"acf":[],"yoast_head":"<!-- This site is optimized with the Yoast SEO plugin v26.9 - https:\/\/yoast.com\/product\/yoast-seo-wordpress\/ -->\n<title>The Biodiversity Foundation publishes its call for grants - Fundaci\u00f3n Biodiversidad<\/title>\n<meta name=\"robots\" content=\"index, follow, max-snippet:-1, max-image-preview:large, max-video-preview:-1\" \/>\n<link rel=\"canonical\" href=\"https:\/\/fundacion-biodiversidad.es\/en\/actualidad_home\/the-biodiversity-foundation-publishes-its-call-for-grants\/\" \/>\n<meta property=\"og:locale\" content=\"en_US\" \/>\n<meta property=\"og:type\" content=\"article\" \/>\n<meta property=\"og:title\" content=\"The Biodiversity Foundation publishes its call for grants - Fundaci\u00f3n Biodiversidad\" \/>\n<meta property=\"og:description\" content=\"The Biodiversity Foundation publishes its 25th call for grants for biodiversity conservation\" \/>\n<meta property=\"og:url\" content=\"https:\/\/fundacion-biodiversidad.es\/en\/actualidad_home\/the-biodiversity-foundation-publishes-its-call-for-grants\/\" \/>\n<meta property=\"og:site_name\" content=\"Fundaci\u00f3n Biodiversidad\" \/>\n<meta property=\"og:image\" content=\"https:\/\/fundacion-biodiversidad.es\/wp-content\/uploads\/2023\/01\/2487661294_35330241_720x405.png\" \/>\n\t<meta property=\"og:image:width\" content=\"720\" \/>\n\t<meta property=\"og:image:height\" content=\"405\" \/>\n\t<meta property=\"og:image:type\" content=\"image\/png\" \/>\n<meta name=\"twitter:card\" content=\"summary_large_image\" \/>\n<meta name=\"twitter:label1\" content=\"Est. reading time\" \/>\n\t<meta name=\"twitter:data1\" content=\"2 minutes\" \/>\n<script type=\"application\/ld+json\" class=\"yoast-schema-graph\">{\"@context\":\"https:\/\/schema.org\",\"@graph\":[{\"@type\":\"WebPage\",\"@id\":\"https:\/\/fundacion-biodiversidad.es\/en\/actualidad_home\/the-biodiversity-foundation-publishes-its-call-for-grants\/\",\"url\":\"https:\/\/fundacion-biodiversidad.es\/en\/actualidad_home\/the-biodiversity-foundation-publishes-its-call-for-grants\/\",\"name\":\"The Biodiversity Foundation publishes its call for grants - Fundaci\u00f3n Biodiversidad\",\"isPartOf\":{\"@id\":\"https:\/\/fundacion-biodiversidad.es\/en\/#website\"},\"primaryImageOfPage\":{\"@id\":\"https:\/\/fundacion-biodiversidad.es\/en\/actualidad_home\/the-biodiversity-foundation-publishes-its-call-for-grants\/#primaryimage\"},\"image\":{\"@id\":\"https:\/\/fundacion-biodiversidad.es\/en\/actualidad_home\/the-biodiversity-foundation-publishes-its-call-for-grants\/#primaryimage\"},\"thumbnailUrl\":\"https:\/\/fundacion-biodiversidad.es\/wp-content\/uploads\/2015\/01\/jorge_sierra_07.jpg\",\"datePublished\":\"2015-01-15T09:25:08+00:00\",\"breadcrumb\":{\"@id\":\"https:\/\/fundacion-biodiversidad.es\/en\/actualidad_home\/the-biodiversity-foundation-publishes-its-call-for-grants\/#breadcrumb\"},\"inLanguage\":\"en-US\",\"potentialAction\":[{\"@type\":\"ReadAction\",\"target\":[\"https:\/\/fundacion-biodiversidad.es\/en\/actualidad_home\/the-biodiversity-foundation-publishes-its-call-for-grants\/\"]}]},{\"@type\":\"ImageObject\",\"inLanguage\":\"en-US\",\"@id\":\"https:\/\/fundacion-biodiversidad.es\/en\/actualidad_home\/the-biodiversity-foundation-publishes-its-call-for-grants\/#primaryimage\",\"url\":\"https:\/\/fundacion-biodiversidad.es\/wp-content\/uploads\/2015\/01\/jorge_sierra_07.jpg\",\"contentUrl\":\"https:\/\/fundacion-biodiversidad.es\/wp-content\/uploads\/2015\/01\/jorge_sierra_07.jpg\",\"width\":1200,\"height\":803},{\"@type\":\"BreadcrumbList\",\"@id\":\"https:\/\/fundacion-biodiversidad.es\/en\/actualidad_home\/the-biodiversity-foundation-publishes-its-call-for-grants\/#breadcrumb\",\"itemListElement\":[{\"@type\":\"ListItem\",\"position\":1,\"name\":\"Portada\",\"item\":\"https:\/\/fundacion-biodiversidad.es\/en\/inicio\/\"},{\"@type\":\"ListItem\",\"position\":2,\"name\":\"Noticias de actualidad\",\"item\":\"https:\/\/fundacion-biodiversidad.es\/en\/actualidad_home\/\"},{\"@type\":\"ListItem\",\"position\":3,\"name\":\"The Biodiversity Foundation publishes its call for grants\"}]},{\"@type\":\"WebSite\",\"@id\":\"https:\/\/fundacion-biodiversidad.es\/en\/#website\",\"url\":\"https:\/\/fundacion-biodiversidad.es\/en\/\",\"name\":\"Fundaci\u00f3n Biodiversidad\",\"description\":\"Fundaci\u00f3n p\u00fablica adscrita al Ministerio para la Transici\u00f3n Ecol\u00f3gica\",\"potentialAction\":[{\"@type\":\"SearchAction\",\"target\":{\"@type\":\"EntryPoint\",\"urlTemplate\":\"https:\/\/fundacion-biodiversidad.es\/en\/?s={search_term_string}\"},\"query-input\":{\"@type\":\"PropertyValueSpecification\",\"valueRequired\":true,\"valueName\":\"search_term_string\"}}],\"inLanguage\":\"en-US\"}]}<\/script>\n<!-- \/ Yoast SEO plugin. -->","yoast_head_json":{"title":"The Biodiversity Foundation publishes its call for grants - Fundaci\u00f3n Biodiversidad","robots":{"index":"index","follow":"follow","max-snippet":"max-snippet:-1","max-image-preview":"max-image-preview:large","max-video-preview":"max-video-preview:-1"},"canonical":"https:\/\/fundacion-biodiversidad.es\/en\/actualidad_home\/the-biodiversity-foundation-publishes-its-call-for-grants\/","og_locale":"en_US","og_type":"article","og_title":"The Biodiversity Foundation publishes its call for grants - Fundaci\u00f3n Biodiversidad","og_description":"The Biodiversity Foundation publishes its 25th call for grants for biodiversity conservation","og_url":"https:\/\/fundacion-biodiversidad.es\/en\/actualidad_home\/the-biodiversity-foundation-publishes-its-call-for-grants\/","og_site_name":"Fundaci\u00f3n Biodiversidad","og_image":[{"width":720,"height":405,"url":"https:\/\/fundacion-biodiversidad.es\/wp-content\/uploads\/2023\/01\/2487661294_35330241_720x405.png","type":"image\/png"}],"twitter_card":"summary_large_image","twitter_misc":{"Est. reading time":"2 minutes"},"schema":{"@context":"https:\/\/schema.org","@graph":[{"@type":"WebPage","@id":"https:\/\/fundacion-biodiversidad.es\/en\/actualidad_home\/the-biodiversity-foundation-publishes-its-call-for-grants\/","url":"https:\/\/fundacion-biodiversidad.es\/en\/actualidad_home\/the-biodiversity-foundation-publishes-its-call-for-grants\/","name":"The Biodiversity Foundation publishes its call for grants - Fundaci\u00f3n Biodiversidad","isPartOf":{"@id":"https:\/\/fundacion-biodiversidad.es\/en\/#website"},"primaryImageOfPage":{"@id":"https:\/\/fundacion-biodiversidad.es\/en\/actualidad_home\/the-biodiversity-foundation-publishes-its-call-for-grants\/#primaryimage"},"image":{"@id":"https:\/\/fundacion-biodiversidad.es\/en\/actualidad_home\/the-biodiversity-foundation-publishes-its-call-for-grants\/#primaryimage"},"thumbnailUrl":"https:\/\/fundacion-biodiversidad.es\/wp-content\/uploads\/2015\/01\/jorge_sierra_07.jpg","datePublished":"2015-01-15T09:25:08+00:00","breadcrumb":{"@id":"https:\/\/fundacion-biodiversidad.es\/en\/actualidad_home\/the-biodiversity-foundation-publishes-its-call-for-grants\/#breadcrumb"},"inLanguage":"en-US","potentialAction":[{"@type":"ReadAction","target":["https:\/\/fundacion-biodiversidad.es\/en\/actualidad_home\/the-biodiversity-foundation-publishes-its-call-for-grants\/"]}]},{"@type":"ImageObject","inLanguage":"en-US","@id":"https:\/\/fundacion-biodiversidad.es\/en\/actualidad_home\/the-biodiversity-foundation-publishes-its-call-for-grants\/#primaryimage","url":"https:\/\/fundacion-biodiversidad.es\/wp-content\/uploads\/2015\/01\/jorge_sierra_07.jpg","contentUrl":"https:\/\/fundacion-biodiversidad.es\/wp-content\/uploads\/2015\/01\/jorge_sierra_07.jpg","width":1200,"height":803},{"@type":"BreadcrumbList","@id":"https:\/\/fundacion-biodiversidad.es\/en\/actualidad_home\/the-biodiversity-foundation-publishes-its-call-for-grants\/#breadcrumb","itemListElement":[{"@type":"ListItem","position":1,"name":"Portada","item":"https:\/\/fundacion-biodiversidad.es\/en\/inicio\/"},{"@type":"ListItem","position":2,"name":"Noticias de actualidad","item":"https:\/\/fundacion-biodiversidad.es\/en\/actualidad_home\/"},{"@type":"ListItem","position":3,"name":"The Biodiversity Foundation publishes its call for grants"}]},{"@type":"WebSite","@id":"https:\/\/fundacion-biodiversidad.es\/en\/#website","url":"https:\/\/fundacion-biodiversidad.es\/en\/","name":"Fundaci\u00f3n Biodiversidad","description":"Fundaci\u00f3n p\u00fablica adscrita al Ministerio para la Transici\u00f3n Ecol\u00f3gica","potentialAction":[{"@type":"SearchAction","target":{"@type":"EntryPoint","urlTemplate":"https:\/\/fundacion-biodiversidad.es\/en\/?s={search_term_string}"},"query-input":{"@type":"PropertyValueSpecification","valueRequired":true,"valueName":"search_term_string"}}],"inLanguage":"en-US"}]}},"_links":{"self":[{"href":"https:\/\/fundacion-biodiversidad.es\/en\/wp-json\/wp\/v2\/actualidad_home\/97857942","targetHints":{"allow":["GET"]}}],"collection":[{"href":"https:\/\/fundacion-biodiversidad.es\/en\/wp-json\/wp\/v2\/actualidad_home"}],"about":[{"href":"https:\/\/fundacion-biodiversidad.es\/en\/wp-json\/wp\/v2\/types\/actualidad_home"}],"author":[{"embeddable":true,"href":"https:\/\/fundacion-biodiversidad.es\/en\/wp-json\/wp\/v2\/users\/11"}],"wp:featuredmedia":[{"embeddable":true,"href":"https:\/\/fundacion-biodiversidad.es\/en\/wp-json\/wp\/v2\/media\/35523"}],"wp:attachment":[{"href":"https:\/\/fundacion-biodiversidad.es\/en\/wp-json\/wp\/v2\/media?parent=97857942"}],"wp:term":[{"taxonomy":"palabras_clave","embeddable":true,"href":"https:\/\/fundacion-biodiversidad.es\/en\/wp-json\/wp\/v2\/palabras_clave?post=97857942"}],"curies":[{"name":"wp","href":"https:\/\/api.w.org\/{rel}","templated":true}]}}