{"id":97857946,"date":"2014-12-17T10:21:24","date_gmt":"2014-12-17T09:21:24","guid":{"rendered":"https:\/\/fundacion-biodiversidad.es\/actualidad_home\/presentation-of-the-environmental-profile-of-spain-2013\/"},"modified":"2014-12-17T10:21:24","modified_gmt":"2014-12-17T09:21:24","slug":"presentation-of-the-environmental-profile-of-spain-2013","status":"publish","type":"actualidad_home","link":"https:\/\/fundacion-biodiversidad.es\/en\/actualidad_home\/presentation-of-the-environmental-profile-of-spain-2013\/","title":{"rendered":"Presentation of the Environmental Profile of Spain 2013"},"content":{"rendered":"<p>The Secretary of State for the Environment, Federico Ramos, participated yesterday in the presentation of the tenth edition of <a href=\"http:\/\/www.magrama.gob.es\/es\/calidad-y-evaluacion-ambiental\/publicaciones\/perfil_ambiental_2012.aspx\">the Environmental Profile of Spain 2013<\/a>, where he stressed that the environmental indicators confirm a positive evolution that ensures the possibility of promoting economic development that respects the natural environment.<\/p>\n<p>  The event was also attended by the directors of Environmental Quality and Assessment and the Natural Environment, Guillermina Yanguas; of Sustainability of the Coast and the Sea, Pablo Saavedra; of Water, Liana Ardiles and of the Spanish Office for Climate Change, Susana Magro.<\/p>\n<p>  The Environmental Profile is a report for managers, experts, scientists and citizens in general that seeks to publicise Spain&#8217;s progress in the search for sustainability and efficiency in the use of natural resources.<\/p>\n<p>  The 2013 report presented yesterday has 17 chapters, where information can be found on specifically environmental areas \u2013 such as air, water, soil, nature, waste \u2013 and issues related to productive or development sectors from which the main pressures on the environment originate \u2013 agriculture, transport, industry or tourism.<\/p>\n<p>  Of the data extracted from the 2013 Environmental Profile of Spain, those relating to carbon emissions have been particularly highlighted. CO2 emissions per capita have been quantified at 7.28 tonnes per inhabitant, which places our country below the European average (9 tonnes of CO2 per inhabitant). <\/p>\n<p>  Likewise, in terms of water, the consumption of water distributed by the public supply network has been reduced by 12.3% between 2002 and 2011. By sectors, the reduction has been 5.1% in households, 22.2% in economic sectors and 33% in municipal consumption.<\/p>\n<p> In terms of natural areas and biodiversity, it has been highlighted that 27.2% of the national territory belongs to the <a href=\"http:\/\/www.magrama.gob.es\/es\/biodiversidad\/temas\/espacios-protegidos\/red-natura-2000\/\">Natura 2000 Network<\/a>. These figures place Spain as the country in the European Union that contributes the largest area to this community network of protected areas.  <\/p>\n<p>&nbsp;<\/p>\n","protected":false},"author":11,"featured_media":35516,"template":"","meta":{"_acf_changed":false},"palabras_clave":[35,111,110,109],"class_list":["post-97857946","actualidad_home","type-actualidad_home","status-publish","has-post-thumbnail","hentry","palabras_clave-biodiversidad","palabras_clave-emisiones-carbono","palabras_clave-federico-ramos","palabras_clave-perfil-ambiental"],"acf":[],"yoast_head":"<!-- This site is optimized with the Yoast SEO plugin v26.9 - https:\/\/yoast.com\/product\/yoast-seo-wordpress\/ -->\n<title>Presentation of the Environmental Profile of Spain 2013 - Fundaci\u00f3n Biodiversidad<\/title>\n<meta name=\"robots\" content=\"index, follow, max-snippet:-1, max-image-preview:large, max-video-preview:-1\" \/>\n<link rel=\"canonical\" href=\"https:\/\/fundacion-biodiversidad.es\/en\/actualidad_home\/presentation-of-the-environmental-profile-of-spain-2013\/\" \/>\n<meta property=\"og:locale\" content=\"en_US\" \/>\n<meta property=\"og:type\" content=\"article\" \/>\n<meta property=\"og:title\" content=\"Presentation of the Environmental Profile of Spain 2013 - Fundaci\u00f3n Biodiversidad\" \/>\n<meta property=\"og:description\" content=\"The Secretary of State for the Environment, Federico Ramos, participated yesterday in the presentation of the tenth edition of the Environmental Profile of Spain 2013, [&hellip;]\" \/>\n<meta property=\"og:url\" content=\"https:\/\/fundacion-biodiversidad.es\/en\/actualidad_home\/presentation-of-the-environmental-profile-of-spain-2013\/\" \/>\n<meta property=\"og:site_name\" content=\"Fundaci\u00f3n Biodiversidad\" \/>\n<meta property=\"og:image\" content=\"https:\/\/fundacion-biodiversidad.es\/wp-content\/uploads\/2023\/01\/2487661294_35330241_720x405.png\" \/>\n\t<meta property=\"og:image:width\" content=\"720\" \/>\n\t<meta property=\"og:image:height\" content=\"405\" \/>\n\t<meta property=\"og:image:type\" content=\"image\/png\" \/>\n<meta name=\"twitter:card\" content=\"summary_large_image\" \/>\n<meta name=\"twitter:label1\" content=\"Est. reading time\" \/>\n\t<meta name=\"twitter:data1\" content=\"1 minute\" \/>\n<script type=\"application\/ld+json\" class=\"yoast-schema-graph\">{\"@context\":\"https:\/\/schema.org\",\"@graph\":[{\"@type\":\"WebPage\",\"@id\":\"https:\/\/fundacion-biodiversidad.es\/en\/actualidad_home\/presentation-of-the-environmental-profile-of-spain-2013\/\",\"url\":\"https:\/\/fundacion-biodiversidad.es\/en\/actualidad_home\/presentation-of-the-environmental-profile-of-spain-2013\/\",\"name\":\"Presentation of the Environmental Profile of Spain 2013 - Fundaci\u00f3n Biodiversidad\",\"isPartOf\":{\"@id\":\"https:\/\/fundacion-biodiversidad.es\/en\/#website\"},\"primaryImageOfPage\":{\"@id\":\"https:\/\/fundacion-biodiversidad.es\/en\/actualidad_home\/presentation-of-the-environmental-profile-of-spain-2013\/#primaryimage\"},\"image\":{\"@id\":\"https:\/\/fundacion-biodiversidad.es\/en\/actualidad_home\/presentation-of-the-environmental-profile-of-spain-2013\/#primaryimage\"},\"thumbnailUrl\":\"https:\/\/fundacion-biodiversidad.es\/wp-content\/uploads\/2014\/12\/federico-ramos-perfil-ambiental-scaled.jpg\",\"datePublished\":\"2014-12-17T09:21:24+00:00\",\"breadcrumb\":{\"@id\":\"https:\/\/fundacion-biodiversidad.es\/en\/actualidad_home\/presentation-of-the-environmental-profile-of-spain-2013\/#breadcrumb\"},\"inLanguage\":\"en-US\",\"potentialAction\":[{\"@type\":\"ReadAction\",\"target\":[\"https:\/\/fundacion-biodiversidad.es\/en\/actualidad_home\/presentation-of-the-environmental-profile-of-spain-2013\/\"]}]},{\"@type\":\"ImageObject\",\"inLanguage\":\"en-US\",\"@id\":\"https:\/\/fundacion-biodiversidad.es\/en\/actualidad_home\/presentation-of-the-environmental-profile-of-spain-2013\/#primaryimage\",\"url\":\"https:\/\/fundacion-biodiversidad.es\/wp-content\/uploads\/2014\/12\/federico-ramos-perfil-ambiental-scaled.jpg\",\"contentUrl\":\"https:\/\/fundacion-biodiversidad.es\/wp-content\/uploads\/2014\/12\/federico-ramos-perfil-ambiental-scaled.jpg\",\"width\":2560,\"height\":1896},{\"@type\":\"BreadcrumbList\",\"@id\":\"https:\/\/fundacion-biodiversidad.es\/en\/actualidad_home\/presentation-of-the-environmental-profile-of-spain-2013\/#breadcrumb\",\"itemListElement\":[{\"@type\":\"ListItem\",\"position\":1,\"name\":\"Portada\",\"item\":\"https:\/\/fundacion-biodiversidad.es\/en\/inicio\/\"},{\"@type\":\"ListItem\",\"position\":2,\"name\":\"Noticias de actualidad\",\"item\":\"https:\/\/fundacion-biodiversidad.es\/en\/actualidad_home\/\"},{\"@type\":\"ListItem\",\"position\":3,\"name\":\"Presentation of the Environmental Profile of Spain 2013\"}]},{\"@type\":\"WebSite\",\"@id\":\"https:\/\/fundacion-biodiversidad.es\/en\/#website\",\"url\":\"https:\/\/fundacion-biodiversidad.es\/en\/\",\"name\":\"Fundaci\u00f3n Biodiversidad\",\"description\":\"Fundaci\u00f3n p\u00fablica adscrita al Ministerio para la Transici\u00f3n Ecol\u00f3gica\",\"potentialAction\":[{\"@type\":\"SearchAction\",\"target\":{\"@type\":\"EntryPoint\",\"urlTemplate\":\"https:\/\/fundacion-biodiversidad.es\/en\/?s={search_term_string}\"},\"query-input\":{\"@type\":\"PropertyValueSpecification\",\"valueRequired\":true,\"valueName\":\"search_term_string\"}}],\"inLanguage\":\"en-US\"}]}<\/script>\n<!-- \/ Yoast SEO plugin. -->","yoast_head_json":{"title":"Presentation of the Environmental Profile of Spain 2013 - Fundaci\u00f3n Biodiversidad","robots":{"index":"index","follow":"follow","max-snippet":"max-snippet:-1","max-image-preview":"max-image-preview:large","max-video-preview":"max-video-preview:-1"},"canonical":"https:\/\/fundacion-biodiversidad.es\/en\/actualidad_home\/presentation-of-the-environmental-profile-of-spain-2013\/","og_locale":"en_US","og_type":"article","og_title":"Presentation of the Environmental Profile of Spain 2013 - Fundaci\u00f3n Biodiversidad","og_description":"The Secretary of State for the Environment, Federico Ramos, participated yesterday in the presentation of the tenth edition of the Environmental Profile of Spain 2013, [&hellip;]","og_url":"https:\/\/fundacion-biodiversidad.es\/en\/actualidad_home\/presentation-of-the-environmental-profile-of-spain-2013\/","og_site_name":"Fundaci\u00f3n Biodiversidad","og_image":[{"width":720,"height":405,"url":"https:\/\/fundacion-biodiversidad.es\/wp-content\/uploads\/2023\/01\/2487661294_35330241_720x405.png","type":"image\/png"}],"twitter_card":"summary_large_image","twitter_misc":{"Est. reading time":"1 minute"},"schema":{"@context":"https:\/\/schema.org","@graph":[{"@type":"WebPage","@id":"https:\/\/fundacion-biodiversidad.es\/en\/actualidad_home\/presentation-of-the-environmental-profile-of-spain-2013\/","url":"https:\/\/fundacion-biodiversidad.es\/en\/actualidad_home\/presentation-of-the-environmental-profile-of-spain-2013\/","name":"Presentation of the Environmental Profile of Spain 2013 - Fundaci\u00f3n Biodiversidad","isPartOf":{"@id":"https:\/\/fundacion-biodiversidad.es\/en\/#website"},"primaryImageOfPage":{"@id":"https:\/\/fundacion-biodiversidad.es\/en\/actualidad_home\/presentation-of-the-environmental-profile-of-spain-2013\/#primaryimage"},"image":{"@id":"https:\/\/fundacion-biodiversidad.es\/en\/actualidad_home\/presentation-of-the-environmental-profile-of-spain-2013\/#primaryimage"},"thumbnailUrl":"https:\/\/fundacion-biodiversidad.es\/wp-content\/uploads\/2014\/12\/federico-ramos-perfil-ambiental-scaled.jpg","datePublished":"2014-12-17T09:21:24+00:00","breadcrumb":{"@id":"https:\/\/fundacion-biodiversidad.es\/en\/actualidad_home\/presentation-of-the-environmental-profile-of-spain-2013\/#breadcrumb"},"inLanguage":"en-US","potentialAction":[{"@type":"ReadAction","target":["https:\/\/fundacion-biodiversidad.es\/en\/actualidad_home\/presentation-of-the-environmental-profile-of-spain-2013\/"]}]},{"@type":"ImageObject","inLanguage":"en-US","@id":"https:\/\/fundacion-biodiversidad.es\/en\/actualidad_home\/presentation-of-the-environmental-profile-of-spain-2013\/#primaryimage","url":"https:\/\/fundacion-biodiversidad.es\/wp-content\/uploads\/2014\/12\/federico-ramos-perfil-ambiental-scaled.jpg","contentUrl":"https:\/\/fundacion-biodiversidad.es\/wp-content\/uploads\/2014\/12\/federico-ramos-perfil-ambiental-scaled.jpg","width":2560,"height":1896},{"@type":"BreadcrumbList","@id":"https:\/\/fundacion-biodiversidad.es\/en\/actualidad_home\/presentation-of-the-environmental-profile-of-spain-2013\/#breadcrumb","itemListElement":[{"@type":"ListItem","position":1,"name":"Portada","item":"https:\/\/fundacion-biodiversidad.es\/en\/inicio\/"},{"@type":"ListItem","position":2,"name":"Noticias de actualidad","item":"https:\/\/fundacion-biodiversidad.es\/en\/actualidad_home\/"},{"@type":"ListItem","position":3,"name":"Presentation of the Environmental Profile of Spain 2013"}]},{"@type":"WebSite","@id":"https:\/\/fundacion-biodiversidad.es\/en\/#website","url":"https:\/\/fundacion-biodiversidad.es\/en\/","name":"Fundaci\u00f3n Biodiversidad","description":"Fundaci\u00f3n p\u00fablica adscrita al Ministerio para la Transici\u00f3n Ecol\u00f3gica","potentialAction":[{"@type":"SearchAction","target":{"@type":"EntryPoint","urlTemplate":"https:\/\/fundacion-biodiversidad.es\/en\/?s={search_term_string}"},"query-input":{"@type":"PropertyValueSpecification","valueRequired":true,"valueName":"search_term_string"}}],"inLanguage":"en-US"}]}},"_links":{"self":[{"href":"https:\/\/fundacion-biodiversidad.es\/en\/wp-json\/wp\/v2\/actualidad_home\/97857946","targetHints":{"allow":["GET"]}}],"collection":[{"href":"https:\/\/fundacion-biodiversidad.es\/en\/wp-json\/wp\/v2\/actualidad_home"}],"about":[{"href":"https:\/\/fundacion-biodiversidad.es\/en\/wp-json\/wp\/v2\/types\/actualidad_home"}],"author":[{"embeddable":true,"href":"https:\/\/fundacion-biodiversidad.es\/en\/wp-json\/wp\/v2\/users\/11"}],"wp:featuredmedia":[{"embeddable":true,"href":"https:\/\/fundacion-biodiversidad.es\/en\/wp-json\/wp\/v2\/media\/35516"}],"wp:attachment":[{"href":"https:\/\/fundacion-biodiversidad.es\/en\/wp-json\/wp\/v2\/media?parent=97857946"}],"wp:term":[{"taxonomy":"palabras_clave","embeddable":true,"href":"https:\/\/fundacion-biodiversidad.es\/en\/wp-json\/wp\/v2\/palabras_clave?post=97857946"}],"curies":[{"name":"wp","href":"https:\/\/api.w.org\/{rel}","templated":true}]}}