{"id":97857947,"date":"2015-01-07T09:48:12","date_gmt":"2015-01-07T08:48:12","guid":{"rendered":"https:\/\/fundacion-biodiversidad.es\/actualidad_home\/the-life-map-natura-2000-spain-project-concludes\/"},"modified":"2015-01-07T09:48:12","modified_gmt":"2015-01-07T08:48:12","slug":"the-life-map-natura-2000-spain-project-concludes","status":"publish","type":"actualidad_home","link":"https:\/\/fundacion-biodiversidad.es\/en\/actualidad_home\/the-life-map-natura-2000-spain-project-concludes\/","title":{"rendered":"The LIFE+ MAP Natura 2000 Spain project concludes"},"content":{"rendered":"<p>The LIFE+ MAP Natura 2000 Spain project ends with the development of a Priority Action Framework. <!--more--> After two and a half years of work, the<a href=\"http:\/\/prioridadrednatura2000.es\/\" rel=\"nofollow noopener\" target=\"_blank\"> LIFE+ MAP Natura 2000 Spain<\/a> project, coordinated by the Biodiversity Foundation<strong> <\/strong>and the Directorate-General for Environmental Quality and Assessment and the Natural Environment of the <a href=\"http:\/\/www.magrama.es\" rel=\"nofollow noopener\" target=\"_blank\">Ministry of Agriculture, Food and the Environment<\/a>, has concluded with the preparation <strong>of a Priority Action Framework (MAP)<\/strong> which establishes 5 strategic priorities and nearly 200 measures for the conservation of the areas that make up the Spanish Natura 2000 Network.<\/p>\n<p>  This LIFE project, co-financed by the <strong>European Commission<\/strong>, was born with the aim of improving the financing and management capacity of the<a href=\"http:\/\/www.magrama.gob.es\/es\/biodiversidad\/temas\/espacios-protegidos\/red-natura-2000\/default.aspx\" rel=\"nofollow noopener\" target=\"_blank\"> Natura 2000 Network<\/a> in Spain, the country that contributes the most territory to this Network in the European Union with more than 27% of the national area, and has made it possible to comply with Article 8 of the <strong>Habitats Directive<\/strong>.  by which the European Priority Action Framework was to be developed.<\/p>\n<p>  This <strong> Priority Action Framework<\/strong> identifies priorities, objectives and actions for the conservation of habitats and species included in both the Habitats Directive and the <strong>Birds Directive<\/strong>, as well as the possible financing instruments of the <a href=\"http:\/\/www.magrama.gob.es\/es\/biodiversidad\/temas\/espacios-protegidos\/red-natura-2000\/rn_espana.aspx\" rel=\"nofollow noopener\" target=\"_blank\">Spanish Natura 2000 Network <\/a>for EU funds in the period 2014-2020, as well as other innovative financial mechanisms. <\/p>\n<p>  The more than <strong>200 measures necessary for the management of the Natura 2000 Network<\/strong> that have been drawn up correspond to these &nbsp;<strong>5 priorities<\/strong>: improvement of knowledge for management, ensuring the effective management of Natura 2000 Network protected areas (planning, promotion of compatible uses, etc.), maintenance or restoration of the favourable conservation status of habitat types and Natura 2000 species, surveillance and monitoring and information, training and awareness-raising.&nbsp;<\/p>\n<p>  In order to analyse the possibilities offered by the main European financial instruments to implement the necessary measures included in the MAP, the <a href=\"http:\/\/prioridadrednatura2000.es\/el-proyecto\/acciones\/creacion-de-un-grupo-de-trabajo\" rel=\"nofollow noopener\" target=\"_blank\">Working Group <\/a><a href=\"http:\/\/prioridadrednatura2000.es\/el-proyecto\/acciones\/creacion-de-un-grupo-de-trabajo\" rel=\"nofollow noopener\" target=\"_blank\">&#8220;Nature and Biodiversity Conservation and Community Funds&#8221;<\/a> was created within the framework of the Network of Environmental Authorities. Thus, the integration of the priorities of the MAP in Spain with the financing instruments of the European Agricultural Fund for Rural Development (EAFRD), the European Social Fund (ESF), the European Regional Development Fund (ERDF) and the European Maritime and Fisheries Fund (EMFF) has been analysed. Finally, a pilot project for the regional application of the MAP has been developed through the realization of the MAP for Castilla y Le\u00f3n.  <\/p>\n<p>\n&nbsp;<\/p>\n","protected":false},"author":11,"featured_media":35521,"template":"","meta":{"_acf_changed":false},"palabras_clave":[122,127,129,126,125,130,34,131,123,121,128,124],"class_list":["post-97857947","actualidad_home","type-actualidad_home","status-publish","has-post-thumbnail","hentry","palabras_clave-alimentacion-y-medio-ambiente","palabras_clave-comision-europea","palabras_clave-conservacion","palabras_clave-directiva-aves","palabras_clave-directiva-habitats","palabras_clave-financiacion","palabras_clave-fundacion-biodiversidad","palabras_clave-gestion","palabras_clave-marco-de-accion-prioritaria","palabras_clave-ministerio-de-agricultura","palabras_clave-programa-life","palabras_clave-red-natura-2000-espanola"],"acf":[],"yoast_head":"<!-- This site is optimized with the Yoast SEO plugin v26.9 - https:\/\/yoast.com\/product\/yoast-seo-wordpress\/ -->\n<title>The LIFE+ MAP Natura 2000 Spain project concludes - Fundaci\u00f3n Biodiversidad<\/title>\n<meta name=\"robots\" content=\"index, follow, max-snippet:-1, max-image-preview:large, max-video-preview:-1\" \/>\n<link rel=\"canonical\" href=\"https:\/\/fundacion-biodiversidad.es\/en\/actualidad_home\/the-life-map-natura-2000-spain-project-concludes\/\" \/>\n<meta property=\"og:locale\" content=\"en_US\" \/>\n<meta property=\"og:type\" content=\"article\" \/>\n<meta property=\"og:title\" content=\"The LIFE+ MAP Natura 2000 Spain project concludes - Fundaci\u00f3n Biodiversidad\" \/>\n<meta property=\"og:description\" content=\"The LIFE+ MAP Natura 2000 Spain project ends with the development of a Priority Action Framework.\" \/>\n<meta property=\"og:url\" content=\"https:\/\/fundacion-biodiversidad.es\/en\/actualidad_home\/the-life-map-natura-2000-spain-project-concludes\/\" \/>\n<meta property=\"og:site_name\" content=\"Fundaci\u00f3n Biodiversidad\" \/>\n<meta property=\"og:image\" content=\"https:\/\/fundacion-biodiversidad.es\/wp-content\/uploads\/2023\/01\/2487661294_35330241_720x405.png\" \/>\n\t<meta property=\"og:image:width\" content=\"720\" \/>\n\t<meta property=\"og:image:height\" content=\"405\" \/>\n\t<meta property=\"og:image:type\" content=\"image\/png\" \/>\n<meta name=\"twitter:card\" content=\"summary_large_image\" \/>\n<meta name=\"twitter:label1\" content=\"Est. reading time\" \/>\n\t<meta name=\"twitter:data1\" content=\"2 minutes\" \/>\n<script type=\"application\/ld+json\" class=\"yoast-schema-graph\">{\"@context\":\"https:\/\/schema.org\",\"@graph\":[{\"@type\":\"WebPage\",\"@id\":\"https:\/\/fundacion-biodiversidad.es\/en\/actualidad_home\/the-life-map-natura-2000-spain-project-concludes\/\",\"url\":\"https:\/\/fundacion-biodiversidad.es\/en\/actualidad_home\/the-life-map-natura-2000-spain-project-concludes\/\",\"name\":\"The LIFE+ MAP Natura 2000 Spain project concludes - Fundaci\u00f3n Biodiversidad\",\"isPartOf\":{\"@id\":\"https:\/\/fundacion-biodiversidad.es\/en\/#website\"},\"primaryImageOfPage\":{\"@id\":\"https:\/\/fundacion-biodiversidad.es\/en\/actualidad_home\/the-life-map-natura-2000-spain-project-concludes\/#primaryimage\"},\"image\":{\"@id\":\"https:\/\/fundacion-biodiversidad.es\/en\/actualidad_home\/the-life-map-natura-2000-spain-project-concludes\/#primaryimage\"},\"thumbnailUrl\":\"https:\/\/fundacion-biodiversidad.es\/wp-content\/uploads\/2015\/01\/balance-map.jpg\",\"datePublished\":\"2015-01-07T08:48:12+00:00\",\"breadcrumb\":{\"@id\":\"https:\/\/fundacion-biodiversidad.es\/en\/actualidad_home\/the-life-map-natura-2000-spain-project-concludes\/#breadcrumb\"},\"inLanguage\":\"en-US\",\"potentialAction\":[{\"@type\":\"ReadAction\",\"target\":[\"https:\/\/fundacion-biodiversidad.es\/en\/actualidad_home\/the-life-map-natura-2000-spain-project-concludes\/\"]}]},{\"@type\":\"ImageObject\",\"inLanguage\":\"en-US\",\"@id\":\"https:\/\/fundacion-biodiversidad.es\/en\/actualidad_home\/the-life-map-natura-2000-spain-project-concludes\/#primaryimage\",\"url\":\"https:\/\/fundacion-biodiversidad.es\/wp-content\/uploads\/2015\/01\/balance-map.jpg\",\"contentUrl\":\"https:\/\/fundacion-biodiversidad.es\/wp-content\/uploads\/2015\/01\/balance-map.jpg\",\"width\":800,\"height\":593},{\"@type\":\"BreadcrumbList\",\"@id\":\"https:\/\/fundacion-biodiversidad.es\/en\/actualidad_home\/the-life-map-natura-2000-spain-project-concludes\/#breadcrumb\",\"itemListElement\":[{\"@type\":\"ListItem\",\"position\":1,\"name\":\"Portada\",\"item\":\"https:\/\/fundacion-biodiversidad.es\/en\/inicio\/\"},{\"@type\":\"ListItem\",\"position\":2,\"name\":\"Noticias de actualidad\",\"item\":\"https:\/\/fundacion-biodiversidad.es\/en\/actualidad_home\/\"},{\"@type\":\"ListItem\",\"position\":3,\"name\":\"The LIFE+ MAP Natura 2000 Spain project concludes\"}]},{\"@type\":\"WebSite\",\"@id\":\"https:\/\/fundacion-biodiversidad.es\/en\/#website\",\"url\":\"https:\/\/fundacion-biodiversidad.es\/en\/\",\"name\":\"Fundaci\u00f3n Biodiversidad\",\"description\":\"Fundaci\u00f3n p\u00fablica adscrita al Ministerio para la Transici\u00f3n Ecol\u00f3gica\",\"potentialAction\":[{\"@type\":\"SearchAction\",\"target\":{\"@type\":\"EntryPoint\",\"urlTemplate\":\"https:\/\/fundacion-biodiversidad.es\/en\/?s={search_term_string}\"},\"query-input\":{\"@type\":\"PropertyValueSpecification\",\"valueRequired\":true,\"valueName\":\"search_term_string\"}}],\"inLanguage\":\"en-US\"}]}<\/script>\n<!-- \/ Yoast SEO plugin. -->","yoast_head_json":{"title":"The LIFE+ MAP Natura 2000 Spain project concludes - Fundaci\u00f3n Biodiversidad","robots":{"index":"index","follow":"follow","max-snippet":"max-snippet:-1","max-image-preview":"max-image-preview:large","max-video-preview":"max-video-preview:-1"},"canonical":"https:\/\/fundacion-biodiversidad.es\/en\/actualidad_home\/the-life-map-natura-2000-spain-project-concludes\/","og_locale":"en_US","og_type":"article","og_title":"The LIFE+ MAP Natura 2000 Spain project concludes - Fundaci\u00f3n Biodiversidad","og_description":"The LIFE+ MAP Natura 2000 Spain project ends with the development of a Priority Action Framework.","og_url":"https:\/\/fundacion-biodiversidad.es\/en\/actualidad_home\/the-life-map-natura-2000-spain-project-concludes\/","og_site_name":"Fundaci\u00f3n Biodiversidad","og_image":[{"width":720,"height":405,"url":"https:\/\/fundacion-biodiversidad.es\/wp-content\/uploads\/2023\/01\/2487661294_35330241_720x405.png","type":"image\/png"}],"twitter_card":"summary_large_image","twitter_misc":{"Est. reading time":"2 minutes"},"schema":{"@context":"https:\/\/schema.org","@graph":[{"@type":"WebPage","@id":"https:\/\/fundacion-biodiversidad.es\/en\/actualidad_home\/the-life-map-natura-2000-spain-project-concludes\/","url":"https:\/\/fundacion-biodiversidad.es\/en\/actualidad_home\/the-life-map-natura-2000-spain-project-concludes\/","name":"The LIFE+ MAP Natura 2000 Spain project concludes - Fundaci\u00f3n Biodiversidad","isPartOf":{"@id":"https:\/\/fundacion-biodiversidad.es\/en\/#website"},"primaryImageOfPage":{"@id":"https:\/\/fundacion-biodiversidad.es\/en\/actualidad_home\/the-life-map-natura-2000-spain-project-concludes\/#primaryimage"},"image":{"@id":"https:\/\/fundacion-biodiversidad.es\/en\/actualidad_home\/the-life-map-natura-2000-spain-project-concludes\/#primaryimage"},"thumbnailUrl":"https:\/\/fundacion-biodiversidad.es\/wp-content\/uploads\/2015\/01\/balance-map.jpg","datePublished":"2015-01-07T08:48:12+00:00","breadcrumb":{"@id":"https:\/\/fundacion-biodiversidad.es\/en\/actualidad_home\/the-life-map-natura-2000-spain-project-concludes\/#breadcrumb"},"inLanguage":"en-US","potentialAction":[{"@type":"ReadAction","target":["https:\/\/fundacion-biodiversidad.es\/en\/actualidad_home\/the-life-map-natura-2000-spain-project-concludes\/"]}]},{"@type":"ImageObject","inLanguage":"en-US","@id":"https:\/\/fundacion-biodiversidad.es\/en\/actualidad_home\/the-life-map-natura-2000-spain-project-concludes\/#primaryimage","url":"https:\/\/fundacion-biodiversidad.es\/wp-content\/uploads\/2015\/01\/balance-map.jpg","contentUrl":"https:\/\/fundacion-biodiversidad.es\/wp-content\/uploads\/2015\/01\/balance-map.jpg","width":800,"height":593},{"@type":"BreadcrumbList","@id":"https:\/\/fundacion-biodiversidad.es\/en\/actualidad_home\/the-life-map-natura-2000-spain-project-concludes\/#breadcrumb","itemListElement":[{"@type":"ListItem","position":1,"name":"Portada","item":"https:\/\/fundacion-biodiversidad.es\/en\/inicio\/"},{"@type":"ListItem","position":2,"name":"Noticias de actualidad","item":"https:\/\/fundacion-biodiversidad.es\/en\/actualidad_home\/"},{"@type":"ListItem","position":3,"name":"The LIFE+ MAP Natura 2000 Spain project concludes"}]},{"@type":"WebSite","@id":"https:\/\/fundacion-biodiversidad.es\/en\/#website","url":"https:\/\/fundacion-biodiversidad.es\/en\/","name":"Fundaci\u00f3n Biodiversidad","description":"Fundaci\u00f3n p\u00fablica adscrita al Ministerio para la Transici\u00f3n Ecol\u00f3gica","potentialAction":[{"@type":"SearchAction","target":{"@type":"EntryPoint","urlTemplate":"https:\/\/fundacion-biodiversidad.es\/en\/?s={search_term_string}"},"query-input":{"@type":"PropertyValueSpecification","valueRequired":true,"valueName":"search_term_string"}}],"inLanguage":"en-US"}]}},"_links":{"self":[{"href":"https:\/\/fundacion-biodiversidad.es\/en\/wp-json\/wp\/v2\/actualidad_home\/97857947","targetHints":{"allow":["GET"]}}],"collection":[{"href":"https:\/\/fundacion-biodiversidad.es\/en\/wp-json\/wp\/v2\/actualidad_home"}],"about":[{"href":"https:\/\/fundacion-biodiversidad.es\/en\/wp-json\/wp\/v2\/types\/actualidad_home"}],"author":[{"embeddable":true,"href":"https:\/\/fundacion-biodiversidad.es\/en\/wp-json\/wp\/v2\/users\/11"}],"wp:featuredmedia":[{"embeddable":true,"href":"https:\/\/fundacion-biodiversidad.es\/en\/wp-json\/wp\/v2\/media\/35521"}],"wp:attachment":[{"href":"https:\/\/fundacion-biodiversidad.es\/en\/wp-json\/wp\/v2\/media?parent=97857947"}],"wp:term":[{"taxonomy":"palabras_clave","embeddable":true,"href":"https:\/\/fundacion-biodiversidad.es\/en\/wp-json\/wp\/v2\/palabras_clave?post=97857947"}],"curies":[{"name":"wp","href":"https:\/\/api.w.org\/{rel}","templated":true}]}}