{"id":97857950,"date":"2014-12-10T17:21:59","date_gmt":"2014-12-10T16:21:59","guid":{"rendered":"https:\/\/fundacion-biodiversidad.es\/actualidad_home\/more-than-2-5-million-euros-to-combat-climate-change\/"},"modified":"2014-12-10T17:21:59","modified_gmt":"2014-12-10T16:21:59","slug":"more-than-2-5-million-euros-to-combat-climate-change","status":"publish","type":"actualidad_home","link":"https:\/\/fundacion-biodiversidad.es\/en\/actualidad_home\/more-than-2-5-million-euros-to-combat-climate-change\/","title":{"rendered":"More than 2.5 million euros to combat climate change"},"content":{"rendered":"<p>The Biodiversity Foundation of the Ministry of Agriculture, Food and the Environment maintains its <a href=\"http:\/\/fundacion-biodiversidad.es\/sites\/default\/files\/notas\/121214_proyectos_cambio_climatico_fundacion_biodiversidad.pdf\" target=\"_blank\" rel=\"noopener\"><strong>commitment to the fight against climate change<\/strong><\/a> thanks to the nearly<strong> 60 projects<\/strong> that it has co-financed since 2012 and whose theme focuses on this line of work.&nbsp;<\/p>\n<p>  In total, the Ministry, through the Biodiversity Foundation, has invested <strong>more than 2.5 million euros<\/strong> in these projects, 53% of which belong to the <a href=\"http:\/\/empleaverde.es\/\" rel=\"nofollow noopener\" target=\"_blank\"><strong>Empleaverde Program<\/strong><\/a> while the rest are part of the <a href=\"http:\/\/fundacion-biodiversidad.es\/cambio-climatico-calidad-ambiental\/proyectos-de-convocatorias-de-ayudas\" target=\"_blank\" rel=\"noopener\"><strong>call for grants<\/strong><\/a> or own projects. Currently, of these nearly 60 projects, <strong>18 are in execution<\/strong>, and have a contribution from the Ministry of more than 500,000 euros. <br \/>\n&nbsp;<br \/>  The Biodiversity Foundation also has its own projects aimed at improving the response to climate change. One of its five lines of work is specifically dedicated to adaptation to climate change and environmental quality. Two of the most relevant actions included in this line are the <a href=\"http:\/\/www.adaptecca.es\/\" rel=\"nofollow noopener\" target=\"_blank\"><strong>AdapteCCa Platform<\/strong><\/a> and the <a href=\"http:\/\/fundacion-biodiversidad.es\/cambio-climatico-y-calidad-ambiental\/proyectos-propios\/red-de-seguimiento-del-cambio-global-en-la\" target=\"_blank\" rel=\"noopener\"><strong>Global Change Monitoring Network Programme in National Parks<\/strong><\/a>.  <br \/>\n&nbsp;<br \/>  AdapteCCa is a web platform for the <strong>exchange and consultation of information<\/strong> on adaptation to climate change. It is a project in constant growth and updating. During this year, maximum synergy with the European Climate-Adapt platform has been sought, so a new template has been created and the inclusion of more informative and visual content, as well as the generation of a specific area for practical cases and the incorporation of an English version.  <br \/>\n&nbsp;<br \/>  For its part, with the Global Change Monitoring Network Program in National Parks, the collection, storage and processing of data in situ is carried out to generate <strong>knowledge of the effects of global change <\/strong>in said Network. This programme was launched in 2008 and is in continuous development as reflected in the inclusion in 2014 of two new national parks to the Network: the Ordesa y Monte perdido National Park and the Atlantic Islands Maritime-Terrestrial National Park. <br \/>\n&nbsp;<br \/>  This series of own actions has also included the Support for Spanish participation in the preparation of the <strong>Fifth Report of the IPCC<\/strong> (Intergovernmental Panel on Climate Change). This project has also contributed to the dissemination and communication of its results through the preparation of informative guides. <br \/>\n&nbsp;<br \/>  More recently, the Biodiversity Foundation has shown its commitment to reducing greenhouse gases by calculating its <strong>carbon footprint<\/strong> for 2013. Using the tool made available by the <a href=\"http:\/\/www.magrama.gob.es\/es\/cambio-climatico\/temas\/default.aspx\" target=\"_blank\" rel=\"noopener\"><strong>Ministry of Agriculture, Food and the Environment<\/strong><\/a>, a calculation has been extracted that will serve as a starting point to establish as many measures as necessary to reduce greenhouse gas emissions. <br \/>\n&nbsp;<\/p>\n","protected":false},"author":11,"featured_media":35514,"template":"","meta":{"_acf_changed":false},"palabras_clave":[37,106,105],"class_list":["post-97857950","actualidad_home","type-actualidad_home","status-publish","has-post-thumbnail","hentry","palabras_clave-cambio-climatico","palabras_clave-eficiencia","palabras_clave-huella-de-carbono"],"acf":[],"yoast_head":"<!-- This site is optimized with the Yoast SEO plugin v26.9 - https:\/\/yoast.com\/product\/yoast-seo-wordpress\/ -->\n<title>More than 2.5 million euros to combat climate change - Fundaci\u00f3n Biodiversidad<\/title>\n<meta name=\"robots\" content=\"index, follow, max-snippet:-1, max-image-preview:large, max-video-preview:-1\" \/>\n<link rel=\"canonical\" href=\"https:\/\/fundacion-biodiversidad.es\/en\/actualidad_home\/more-than-2-5-million-euros-to-combat-climate-change\/\" \/>\n<meta property=\"og:locale\" content=\"en_US\" \/>\n<meta property=\"og:type\" content=\"article\" \/>\n<meta property=\"og:title\" content=\"More than 2.5 million euros to combat climate change - Fundaci\u00f3n Biodiversidad\" \/>\n<meta property=\"og:description\" content=\"The Biodiversity Foundation of the Ministry of Agriculture, Food and the Environment maintains its commitment to the fight against climate change thanks to the nearly [&hellip;]\" \/>\n<meta property=\"og:url\" content=\"https:\/\/fundacion-biodiversidad.es\/en\/actualidad_home\/more-than-2-5-million-euros-to-combat-climate-change\/\" \/>\n<meta property=\"og:site_name\" content=\"Fundaci\u00f3n Biodiversidad\" \/>\n<meta property=\"og:image\" content=\"https:\/\/fundacion-biodiversidad.es\/wp-content\/uploads\/2023\/01\/2487661294_35330241_720x405.png\" \/>\n\t<meta property=\"og:image:width\" content=\"720\" \/>\n\t<meta property=\"og:image:height\" content=\"405\" \/>\n\t<meta property=\"og:image:type\" content=\"image\/png\" \/>\n<meta name=\"twitter:card\" content=\"summary_large_image\" \/>\n<meta name=\"twitter:label1\" content=\"Est. reading time\" \/>\n\t<meta name=\"twitter:data1\" content=\"2 minutes\" \/>\n<script type=\"application\/ld+json\" class=\"yoast-schema-graph\">{\"@context\":\"https:\/\/schema.org\",\"@graph\":[{\"@type\":\"WebPage\",\"@id\":\"https:\/\/fundacion-biodiversidad.es\/en\/actualidad_home\/more-than-2-5-million-euros-to-combat-climate-change\/\",\"url\":\"https:\/\/fundacion-biodiversidad.es\/en\/actualidad_home\/more-than-2-5-million-euros-to-combat-climate-change\/\",\"name\":\"More than 2.5 million euros to combat climate change - Fundaci\u00f3n Biodiversidad\",\"isPartOf\":{\"@id\":\"https:\/\/fundacion-biodiversidad.es\/en\/#website\"},\"primaryImageOfPage\":{\"@id\":\"https:\/\/fundacion-biodiversidad.es\/en\/actualidad_home\/more-than-2-5-million-euros-to-combat-climate-change\/#primaryimage\"},\"image\":{\"@id\":\"https:\/\/fundacion-biodiversidad.es\/en\/actualidad_home\/more-than-2-5-million-euros-to-combat-climate-change\/#primaryimage\"},\"thumbnailUrl\":\"https:\/\/fundacion-biodiversidad.es\/wp-content\/uploads\/2014\/12\/sierra_nevada.jpg\",\"datePublished\":\"2014-12-10T16:21:59+00:00\",\"breadcrumb\":{\"@id\":\"https:\/\/fundacion-biodiversidad.es\/en\/actualidad_home\/more-than-2-5-million-euros-to-combat-climate-change\/#breadcrumb\"},\"inLanguage\":\"en-US\",\"potentialAction\":[{\"@type\":\"ReadAction\",\"target\":[\"https:\/\/fundacion-biodiversidad.es\/en\/actualidad_home\/more-than-2-5-million-euros-to-combat-climate-change\/\"]}]},{\"@type\":\"ImageObject\",\"inLanguage\":\"en-US\",\"@id\":\"https:\/\/fundacion-biodiversidad.es\/en\/actualidad_home\/more-than-2-5-million-euros-to-combat-climate-change\/#primaryimage\",\"url\":\"https:\/\/fundacion-biodiversidad.es\/wp-content\/uploads\/2014\/12\/sierra_nevada.jpg\",\"contentUrl\":\"https:\/\/fundacion-biodiversidad.es\/wp-content\/uploads\/2014\/12\/sierra_nevada.jpg\",\"width\":2048,\"height\":1536},{\"@type\":\"BreadcrumbList\",\"@id\":\"https:\/\/fundacion-biodiversidad.es\/en\/actualidad_home\/more-than-2-5-million-euros-to-combat-climate-change\/#breadcrumb\",\"itemListElement\":[{\"@type\":\"ListItem\",\"position\":1,\"name\":\"Portada\",\"item\":\"https:\/\/fundacion-biodiversidad.es\/en\/inicio\/\"},{\"@type\":\"ListItem\",\"position\":2,\"name\":\"Noticias de actualidad\",\"item\":\"https:\/\/fundacion-biodiversidad.es\/en\/actualidad_home\/\"},{\"@type\":\"ListItem\",\"position\":3,\"name\":\"More than 2.5 million euros to combat climate change\"}]},{\"@type\":\"WebSite\",\"@id\":\"https:\/\/fundacion-biodiversidad.es\/en\/#website\",\"url\":\"https:\/\/fundacion-biodiversidad.es\/en\/\",\"name\":\"Fundaci\u00f3n Biodiversidad\",\"description\":\"Fundaci\u00f3n p\u00fablica adscrita al Ministerio para la Transici\u00f3n Ecol\u00f3gica\",\"potentialAction\":[{\"@type\":\"SearchAction\",\"target\":{\"@type\":\"EntryPoint\",\"urlTemplate\":\"https:\/\/fundacion-biodiversidad.es\/en\/?s={search_term_string}\"},\"query-input\":{\"@type\":\"PropertyValueSpecification\",\"valueRequired\":true,\"valueName\":\"search_term_string\"}}],\"inLanguage\":\"en-US\"}]}<\/script>\n<!-- \/ Yoast SEO plugin. -->","yoast_head_json":{"title":"More than 2.5 million euros to combat climate change - Fundaci\u00f3n Biodiversidad","robots":{"index":"index","follow":"follow","max-snippet":"max-snippet:-1","max-image-preview":"max-image-preview:large","max-video-preview":"max-video-preview:-1"},"canonical":"https:\/\/fundacion-biodiversidad.es\/en\/actualidad_home\/more-than-2-5-million-euros-to-combat-climate-change\/","og_locale":"en_US","og_type":"article","og_title":"More than 2.5 million euros to combat climate change - Fundaci\u00f3n Biodiversidad","og_description":"The Biodiversity Foundation of the Ministry of Agriculture, Food and the Environment maintains its commitment to the fight against climate change thanks to the nearly [&hellip;]","og_url":"https:\/\/fundacion-biodiversidad.es\/en\/actualidad_home\/more-than-2-5-million-euros-to-combat-climate-change\/","og_site_name":"Fundaci\u00f3n Biodiversidad","og_image":[{"width":720,"height":405,"url":"https:\/\/fundacion-biodiversidad.es\/wp-content\/uploads\/2023\/01\/2487661294_35330241_720x405.png","type":"image\/png"}],"twitter_card":"summary_large_image","twitter_misc":{"Est. reading time":"2 minutes"},"schema":{"@context":"https:\/\/schema.org","@graph":[{"@type":"WebPage","@id":"https:\/\/fundacion-biodiversidad.es\/en\/actualidad_home\/more-than-2-5-million-euros-to-combat-climate-change\/","url":"https:\/\/fundacion-biodiversidad.es\/en\/actualidad_home\/more-than-2-5-million-euros-to-combat-climate-change\/","name":"More than 2.5 million euros to combat climate change - Fundaci\u00f3n Biodiversidad","isPartOf":{"@id":"https:\/\/fundacion-biodiversidad.es\/en\/#website"},"primaryImageOfPage":{"@id":"https:\/\/fundacion-biodiversidad.es\/en\/actualidad_home\/more-than-2-5-million-euros-to-combat-climate-change\/#primaryimage"},"image":{"@id":"https:\/\/fundacion-biodiversidad.es\/en\/actualidad_home\/more-than-2-5-million-euros-to-combat-climate-change\/#primaryimage"},"thumbnailUrl":"https:\/\/fundacion-biodiversidad.es\/wp-content\/uploads\/2014\/12\/sierra_nevada.jpg","datePublished":"2014-12-10T16:21:59+00:00","breadcrumb":{"@id":"https:\/\/fundacion-biodiversidad.es\/en\/actualidad_home\/more-than-2-5-million-euros-to-combat-climate-change\/#breadcrumb"},"inLanguage":"en-US","potentialAction":[{"@type":"ReadAction","target":["https:\/\/fundacion-biodiversidad.es\/en\/actualidad_home\/more-than-2-5-million-euros-to-combat-climate-change\/"]}]},{"@type":"ImageObject","inLanguage":"en-US","@id":"https:\/\/fundacion-biodiversidad.es\/en\/actualidad_home\/more-than-2-5-million-euros-to-combat-climate-change\/#primaryimage","url":"https:\/\/fundacion-biodiversidad.es\/wp-content\/uploads\/2014\/12\/sierra_nevada.jpg","contentUrl":"https:\/\/fundacion-biodiversidad.es\/wp-content\/uploads\/2014\/12\/sierra_nevada.jpg","width":2048,"height":1536},{"@type":"BreadcrumbList","@id":"https:\/\/fundacion-biodiversidad.es\/en\/actualidad_home\/more-than-2-5-million-euros-to-combat-climate-change\/#breadcrumb","itemListElement":[{"@type":"ListItem","position":1,"name":"Portada","item":"https:\/\/fundacion-biodiversidad.es\/en\/inicio\/"},{"@type":"ListItem","position":2,"name":"Noticias de actualidad","item":"https:\/\/fundacion-biodiversidad.es\/en\/actualidad_home\/"},{"@type":"ListItem","position":3,"name":"More than 2.5 million euros to combat climate change"}]},{"@type":"WebSite","@id":"https:\/\/fundacion-biodiversidad.es\/en\/#website","url":"https:\/\/fundacion-biodiversidad.es\/en\/","name":"Fundaci\u00f3n Biodiversidad","description":"Fundaci\u00f3n p\u00fablica adscrita al Ministerio para la Transici\u00f3n Ecol\u00f3gica","potentialAction":[{"@type":"SearchAction","target":{"@type":"EntryPoint","urlTemplate":"https:\/\/fundacion-biodiversidad.es\/en\/?s={search_term_string}"},"query-input":{"@type":"PropertyValueSpecification","valueRequired":true,"valueName":"search_term_string"}}],"inLanguage":"en-US"}]}},"_links":{"self":[{"href":"https:\/\/fundacion-biodiversidad.es\/en\/wp-json\/wp\/v2\/actualidad_home\/97857950","targetHints":{"allow":["GET"]}}],"collection":[{"href":"https:\/\/fundacion-biodiversidad.es\/en\/wp-json\/wp\/v2\/actualidad_home"}],"about":[{"href":"https:\/\/fundacion-biodiversidad.es\/en\/wp-json\/wp\/v2\/types\/actualidad_home"}],"author":[{"embeddable":true,"href":"https:\/\/fundacion-biodiversidad.es\/en\/wp-json\/wp\/v2\/users\/11"}],"wp:featuredmedia":[{"embeddable":true,"href":"https:\/\/fundacion-biodiversidad.es\/en\/wp-json\/wp\/v2\/media\/35514"}],"wp:attachment":[{"href":"https:\/\/fundacion-biodiversidad.es\/en\/wp-json\/wp\/v2\/media?parent=97857950"}],"wp:term":[{"taxonomy":"palabras_clave","embeddable":true,"href":"https:\/\/fundacion-biodiversidad.es\/en\/wp-json\/wp\/v2\/palabras_clave?post=97857950"}],"curies":[{"name":"wp","href":"https:\/\/api.w.org\/{rel}","templated":true}]}}