{"id":97857954,"date":"2014-12-04T09:05:35","date_gmt":"2014-12-04T08:05:35","guid":{"rendered":"https:\/\/fundacion-biodiversidad.es\/actualidad_home\/life-desmania-management-committee-to-evaluate-the-development-of-the-project\/"},"modified":"2014-12-04T09:05:35","modified_gmt":"2014-12-04T08:05:35","slug":"life-desmania-management-committee-to-evaluate-the-development-of-the-project","status":"publish","type":"actualidad_home","link":"https:\/\/fundacion-biodiversidad.es\/en\/actualidad_home\/life-desmania-management-committee-to-evaluate-the-development-of-the-project\/","title":{"rendered":"LIFE+ Desmania Management Committee to evaluate the development of the project"},"content":{"rendered":"<p>The <strong>Management Committee of LIFE+ Desmania<\/strong> met today at the headquarters of the Biodiversity Foundation, in Madrid, to address issues related to the status and development of this project, which seeks to conserve and improve the environment of the Iberian desman, an endemic species of the Peninsula in danger of extinction.<\/p>\n<p>  At the meeting, which was attended by representatives of all the project partners, various points related <a href=\"http:\/\/www.lifedesman.es\/\" rel=\"nofollow noopener\" target=\"_blank\"><strong>to LIFE+ Desmania<\/strong><\/a> were discussed, such as the general situation of the project, the review and updating of the actions that make it up and the review of the economic and administrative aspects. It should be noted that during these months, among other activities, <strong>more than 5,000 kilometres of river have been sampled in Castilla y Le\u00f3n and Extremadura<\/strong>, more than 700 samples have been collected, of which 200 have been genetically analysed. In addition, 200 technicians and environmental agents have been trained in the monitoring of the species. Desmania has a <a href=\"http:\/\/www.lifedesman.es\/\" rel=\"nofollow noopener\" target=\"_blank\"><strong>new website<\/strong><\/a> that aims to provide updated information on the progress of the project.<\/p>\n<p> The Iberian desman (Galemys pirenaicus) is a semi-aquatic insectivorous mammal that is distributed throughout the northern half of the Iberian Peninsula. It is an endemic species currently <strong>in a situation of vulnerability<\/strong>, except in the Central System, where it is considered in danger of extinction. The main reasons for their population decline are due to the <strong>deterioration and fragmentation of their habitat<\/strong>, often as a result of human action.<\/p>\n<p> In order to curb this trend, the LIFE+ Desmania project has emerged, an ambitious initiative that has been underway since 2012 and whose goals are also the recovery and conservation of this species. Coordinated by the Biodiversity Foundation of the Ministry of Agriculture, Food and the Environment, it is 50% co-financed by the European Commission through the LIFE+ funds.<\/p>\n<p> In addition to the Ministry itself, the <a href=\"http:\/\/www.lifedesman.es\/es\/proyecto-life\/socios\" rel=\"nofollow noopener\" target=\"_blank\"><strong>Regional Government of Castilla y Le\u00f3n, the Regional Government of Extremadura, CESEFOR, the Natural Heritage Foundation and SOMACYL<\/strong><\/a> participate as partners in this project. Likewise, LIFE + Desmania also receives the support of the <strong>Mi\u00f1o-Sil, Tagus and Duero Hydrographic Confederations, town councils, research centres and fishermen&#8217;s associations<\/strong>.       <br \/>\n&nbsp;<\/p>\n","protected":false},"author":11,"featured_media":35512,"template":"","meta":{"_acf_changed":false},"palabras_clave":[35,103,67,36,104],"class_list":["post-97857954","actualidad_home","type-actualidad_home","status-publish","has-post-thumbnail","hentry","palabras_clave-biodiversidad","palabras_clave-deman","palabras_clave-especies","palabras_clave-medio-ambiente","palabras_clave-recuperacion"],"acf":[],"yoast_head":"<!-- This site is optimized with the Yoast SEO plugin v26.9 - https:\/\/yoast.com\/product\/yoast-seo-wordpress\/ -->\n<title>LIFE+ Desmania Management Committee to evaluate the development of the project - Fundaci\u00f3n Biodiversidad<\/title>\n<meta name=\"robots\" content=\"index, follow, max-snippet:-1, max-image-preview:large, max-video-preview:-1\" \/>\n<link rel=\"canonical\" href=\"https:\/\/fundacion-biodiversidad.es\/en\/actualidad_home\/life-desmania-management-committee-to-evaluate-the-development-of-the-project\/\" \/>\n<meta property=\"og:locale\" content=\"en_US\" \/>\n<meta property=\"og:type\" content=\"article\" \/>\n<meta property=\"og:title\" content=\"LIFE+ Desmania Management Committee to evaluate the development of the project - Fundaci\u00f3n Biodiversidad\" \/>\n<meta property=\"og:description\" content=\"The Management Committee of LIFE+ Desmania met today at the headquarters of the Biodiversity Foundation, in Madrid, to address issues related to the status and [&hellip;]\" \/>\n<meta property=\"og:url\" content=\"https:\/\/fundacion-biodiversidad.es\/en\/actualidad_home\/life-desmania-management-committee-to-evaluate-the-development-of-the-project\/\" \/>\n<meta property=\"og:site_name\" content=\"Fundaci\u00f3n Biodiversidad\" \/>\n<meta property=\"og:image\" content=\"https:\/\/fundacion-biodiversidad.es\/wp-content\/uploads\/2023\/01\/2487661294_35330241_720x405.png\" \/>\n\t<meta property=\"og:image:width\" content=\"720\" \/>\n\t<meta property=\"og:image:height\" content=\"405\" \/>\n\t<meta property=\"og:image:type\" content=\"image\/png\" \/>\n<meta name=\"twitter:card\" content=\"summary_large_image\" \/>\n<meta name=\"twitter:label1\" content=\"Est. reading time\" \/>\n\t<meta name=\"twitter:data1\" content=\"2 minutes\" \/>\n<script type=\"application\/ld+json\" class=\"yoast-schema-graph\">{\"@context\":\"https:\/\/schema.org\",\"@graph\":[{\"@type\":\"WebPage\",\"@id\":\"https:\/\/fundacion-biodiversidad.es\/en\/actualidad_home\/life-desmania-management-committee-to-evaluate-the-development-of-the-project\/\",\"url\":\"https:\/\/fundacion-biodiversidad.es\/en\/actualidad_home\/life-desmania-management-committee-to-evaluate-the-development-of-the-project\/\",\"name\":\"LIFE+ Desmania Management Committee to evaluate the development of the project - Fundaci\u00f3n Biodiversidad\",\"isPartOf\":{\"@id\":\"https:\/\/fundacion-biodiversidad.es\/en\/#website\"},\"primaryImageOfPage\":{\"@id\":\"https:\/\/fundacion-biodiversidad.es\/en\/actualidad_home\/life-desmania-management-committee-to-evaluate-the-development-of-the-project\/#primaryimage\"},\"image\":{\"@id\":\"https:\/\/fundacion-biodiversidad.es\/en\/actualidad_home\/life-desmania-management-committee-to-evaluate-the-development-of-the-project\/#primaryimage\"},\"thumbnailUrl\":\"https:\/\/fundacion-biodiversidad.es\/wp-content\/uploads\/2014\/12\/comite_gestion_desman_iberico-scaled.jpg\",\"datePublished\":\"2014-12-04T08:05:35+00:00\",\"breadcrumb\":{\"@id\":\"https:\/\/fundacion-biodiversidad.es\/en\/actualidad_home\/life-desmania-management-committee-to-evaluate-the-development-of-the-project\/#breadcrumb\"},\"inLanguage\":\"en-US\",\"potentialAction\":[{\"@type\":\"ReadAction\",\"target\":[\"https:\/\/fundacion-biodiversidad.es\/en\/actualidad_home\/life-desmania-management-committee-to-evaluate-the-development-of-the-project\/\"]}]},{\"@type\":\"ImageObject\",\"inLanguage\":\"en-US\",\"@id\":\"https:\/\/fundacion-biodiversidad.es\/en\/actualidad_home\/life-desmania-management-committee-to-evaluate-the-development-of-the-project\/#primaryimage\",\"url\":\"https:\/\/fundacion-biodiversidad.es\/wp-content\/uploads\/2014\/12\/comite_gestion_desman_iberico-scaled.jpg\",\"contentUrl\":\"https:\/\/fundacion-biodiversidad.es\/wp-content\/uploads\/2014\/12\/comite_gestion_desman_iberico-scaled.jpg\",\"width\":2560,\"height\":1214},{\"@type\":\"BreadcrumbList\",\"@id\":\"https:\/\/fundacion-biodiversidad.es\/en\/actualidad_home\/life-desmania-management-committee-to-evaluate-the-development-of-the-project\/#breadcrumb\",\"itemListElement\":[{\"@type\":\"ListItem\",\"position\":1,\"name\":\"Portada\",\"item\":\"https:\/\/fundacion-biodiversidad.es\/en\/inicio\/\"},{\"@type\":\"ListItem\",\"position\":2,\"name\":\"Noticias de actualidad\",\"item\":\"https:\/\/fundacion-biodiversidad.es\/en\/actualidad_home\/\"},{\"@type\":\"ListItem\",\"position\":3,\"name\":\"LIFE+ Desmania Management Committee to evaluate the development of the project\"}]},{\"@type\":\"WebSite\",\"@id\":\"https:\/\/fundacion-biodiversidad.es\/en\/#website\",\"url\":\"https:\/\/fundacion-biodiversidad.es\/en\/\",\"name\":\"Fundaci\u00f3n Biodiversidad\",\"description\":\"Fundaci\u00f3n p\u00fablica adscrita al Ministerio para la Transici\u00f3n Ecol\u00f3gica\",\"potentialAction\":[{\"@type\":\"SearchAction\",\"target\":{\"@type\":\"EntryPoint\",\"urlTemplate\":\"https:\/\/fundacion-biodiversidad.es\/en\/?s={search_term_string}\"},\"query-input\":{\"@type\":\"PropertyValueSpecification\",\"valueRequired\":true,\"valueName\":\"search_term_string\"}}],\"inLanguage\":\"en-US\"}]}<\/script>\n<!-- \/ Yoast SEO plugin. -->","yoast_head_json":{"title":"LIFE+ Desmania Management Committee to evaluate the development of the project - Fundaci\u00f3n Biodiversidad","robots":{"index":"index","follow":"follow","max-snippet":"max-snippet:-1","max-image-preview":"max-image-preview:large","max-video-preview":"max-video-preview:-1"},"canonical":"https:\/\/fundacion-biodiversidad.es\/en\/actualidad_home\/life-desmania-management-committee-to-evaluate-the-development-of-the-project\/","og_locale":"en_US","og_type":"article","og_title":"LIFE+ Desmania Management Committee to evaluate the development of the project - Fundaci\u00f3n Biodiversidad","og_description":"The Management Committee of LIFE+ Desmania met today at the headquarters of the Biodiversity Foundation, in Madrid, to address issues related to the status and [&hellip;]","og_url":"https:\/\/fundacion-biodiversidad.es\/en\/actualidad_home\/life-desmania-management-committee-to-evaluate-the-development-of-the-project\/","og_site_name":"Fundaci\u00f3n Biodiversidad","og_image":[{"width":720,"height":405,"url":"https:\/\/fundacion-biodiversidad.es\/wp-content\/uploads\/2023\/01\/2487661294_35330241_720x405.png","type":"image\/png"}],"twitter_card":"summary_large_image","twitter_misc":{"Est. reading time":"2 minutes"},"schema":{"@context":"https:\/\/schema.org","@graph":[{"@type":"WebPage","@id":"https:\/\/fundacion-biodiversidad.es\/en\/actualidad_home\/life-desmania-management-committee-to-evaluate-the-development-of-the-project\/","url":"https:\/\/fundacion-biodiversidad.es\/en\/actualidad_home\/life-desmania-management-committee-to-evaluate-the-development-of-the-project\/","name":"LIFE+ Desmania Management Committee to evaluate the development of the project - Fundaci\u00f3n Biodiversidad","isPartOf":{"@id":"https:\/\/fundacion-biodiversidad.es\/en\/#website"},"primaryImageOfPage":{"@id":"https:\/\/fundacion-biodiversidad.es\/en\/actualidad_home\/life-desmania-management-committee-to-evaluate-the-development-of-the-project\/#primaryimage"},"image":{"@id":"https:\/\/fundacion-biodiversidad.es\/en\/actualidad_home\/life-desmania-management-committee-to-evaluate-the-development-of-the-project\/#primaryimage"},"thumbnailUrl":"https:\/\/fundacion-biodiversidad.es\/wp-content\/uploads\/2014\/12\/comite_gestion_desman_iberico-scaled.jpg","datePublished":"2014-12-04T08:05:35+00:00","breadcrumb":{"@id":"https:\/\/fundacion-biodiversidad.es\/en\/actualidad_home\/life-desmania-management-committee-to-evaluate-the-development-of-the-project\/#breadcrumb"},"inLanguage":"en-US","potentialAction":[{"@type":"ReadAction","target":["https:\/\/fundacion-biodiversidad.es\/en\/actualidad_home\/life-desmania-management-committee-to-evaluate-the-development-of-the-project\/"]}]},{"@type":"ImageObject","inLanguage":"en-US","@id":"https:\/\/fundacion-biodiversidad.es\/en\/actualidad_home\/life-desmania-management-committee-to-evaluate-the-development-of-the-project\/#primaryimage","url":"https:\/\/fundacion-biodiversidad.es\/wp-content\/uploads\/2014\/12\/comite_gestion_desman_iberico-scaled.jpg","contentUrl":"https:\/\/fundacion-biodiversidad.es\/wp-content\/uploads\/2014\/12\/comite_gestion_desman_iberico-scaled.jpg","width":2560,"height":1214},{"@type":"BreadcrumbList","@id":"https:\/\/fundacion-biodiversidad.es\/en\/actualidad_home\/life-desmania-management-committee-to-evaluate-the-development-of-the-project\/#breadcrumb","itemListElement":[{"@type":"ListItem","position":1,"name":"Portada","item":"https:\/\/fundacion-biodiversidad.es\/en\/inicio\/"},{"@type":"ListItem","position":2,"name":"Noticias de actualidad","item":"https:\/\/fundacion-biodiversidad.es\/en\/actualidad_home\/"},{"@type":"ListItem","position":3,"name":"LIFE+ Desmania Management Committee to evaluate the development of the project"}]},{"@type":"WebSite","@id":"https:\/\/fundacion-biodiversidad.es\/en\/#website","url":"https:\/\/fundacion-biodiversidad.es\/en\/","name":"Fundaci\u00f3n Biodiversidad","description":"Fundaci\u00f3n p\u00fablica adscrita al Ministerio para la Transici\u00f3n Ecol\u00f3gica","potentialAction":[{"@type":"SearchAction","target":{"@type":"EntryPoint","urlTemplate":"https:\/\/fundacion-biodiversidad.es\/en\/?s={search_term_string}"},"query-input":{"@type":"PropertyValueSpecification","valueRequired":true,"valueName":"search_term_string"}}],"inLanguage":"en-US"}]}},"_links":{"self":[{"href":"https:\/\/fundacion-biodiversidad.es\/en\/wp-json\/wp\/v2\/actualidad_home\/97857954","targetHints":{"allow":["GET"]}}],"collection":[{"href":"https:\/\/fundacion-biodiversidad.es\/en\/wp-json\/wp\/v2\/actualidad_home"}],"about":[{"href":"https:\/\/fundacion-biodiversidad.es\/en\/wp-json\/wp\/v2\/types\/actualidad_home"}],"author":[{"embeddable":true,"href":"https:\/\/fundacion-biodiversidad.es\/en\/wp-json\/wp\/v2\/users\/11"}],"wp:featuredmedia":[{"embeddable":true,"href":"https:\/\/fundacion-biodiversidad.es\/en\/wp-json\/wp\/v2\/media\/35512"}],"wp:attachment":[{"href":"https:\/\/fundacion-biodiversidad.es\/en\/wp-json\/wp\/v2\/media?parent=97857954"}],"wp:term":[{"taxonomy":"palabras_clave","embeddable":true,"href":"https:\/\/fundacion-biodiversidad.es\/en\/wp-json\/wp\/v2\/palabras_clave?post=97857954"}],"curies":[{"name":"wp","href":"https:\/\/api.w.org\/{rel}","templated":true}]}}