{"id":97857956,"date":"2014-12-01T12:53:40","date_gmt":"2014-12-01T11:53:40","guid":{"rendered":"https:\/\/fundacion-biodiversidad.es\/actualidad_home\/the-european-union-highlights-the-empleaverde-programme-as-a-generator-of-employment\/"},"modified":"2014-12-01T12:53:40","modified_gmt":"2014-12-01T11:53:40","slug":"the-european-union-highlights-the-empleaverde-programme-as-a-generator-of-employment","status":"publish","type":"actualidad_home","link":"https:\/\/fundacion-biodiversidad.es\/en\/actualidad_home\/the-european-union-highlights-the-empleaverde-programme-as-a-generator-of-employment\/","title":{"rendered":"The European Union highlights the Empleaverde Programme as a generator of employment"},"content":{"rendered":"<p>The <strong>Empleaverde Programme <\/strong>of the Ministry of Agriculture, Food and the Environment is the <a href=\"http:\/\/www.epresspack.net\/comision-europea-trabajando-para-ti\/\" rel=\"nofollow noopener\" target=\"_blank\"><strong>protagonist of a Public Information campaign<\/strong><\/a> launched by the European Commission and which seeks to bring citizens closer to the way in which the European institutions contribute to stimulating economic growth and job creation.<\/p>\n<p> The campaign was launched on November 29 in 6 pilot countries, including Spain, and consists of <a href=\"http:\/\/www.epresspack.net\/comision-europea-trabajando-para-ti\/videos\/\" rel=\"nofollow noopener\" target=\"_blank\"><strong>6 television spots and press ads<\/strong><\/a>. They show real examples where the EU helps to promote the development of the economy in the member countries. The tone of the campaign seeks closeness and a creative, fresh and casual touch.<\/p>\n<p> The spot highlights the <strong><a href=\"http:\/\/empleaverde.es\/\" rel=\"nofollow noopener\" target=\"_blank\">Empleaverde Program<\/a> as a flagship project in this field of the European Union<\/strong> that is developed in our country. With a <strong>budget of 42 million euros<\/strong>, this program has promoted the creation of more than <strong>2,600 green companies<\/strong> and has offered training in the field of sustainable economy to <strong>almost 60,000 employees<\/strong>.<\/p>\n<p> The remaining spots explain how the EU promotes security and ease of online shopping across borders and how technology start-ups are supported. At the same time, the www.trabajandoparati.eu web platform will be maintained with information and a list of the more than 80 local programmes that receive support from the European Union.    <br \/>\n&nbsp;<\/p>\n","protected":false},"author":11,"featured_media":35511,"template":"","meta":{"_acf_changed":false},"palabras_clave":[54,78,53,102],"class_list":["post-97857956","actualidad_home","type-actualidad_home","status-publish","has-post-thumbnail","hentry","palabras_clave-economia-verde","palabras_clave-empleaverde","palabras_clave-emprendeverde","palabras_clave-union-europea"],"acf":[],"yoast_head":"<!-- This site is optimized with the Yoast SEO plugin v26.9 - https:\/\/yoast.com\/product\/yoast-seo-wordpress\/ -->\n<title>The European Union highlights the Empleaverde Programme as a generator of employment - Fundaci\u00f3n Biodiversidad<\/title>\n<meta name=\"robots\" content=\"index, follow, max-snippet:-1, max-image-preview:large, max-video-preview:-1\" \/>\n<link rel=\"canonical\" href=\"https:\/\/fundacion-biodiversidad.es\/en\/actualidad_home\/the-european-union-highlights-the-empleaverde-programme-as-a-generator-of-employment\/\" \/>\n<meta property=\"og:locale\" content=\"en_US\" \/>\n<meta property=\"og:type\" content=\"article\" \/>\n<meta property=\"og:title\" content=\"The European Union highlights the Empleaverde Programme as a generator of employment - Fundaci\u00f3n Biodiversidad\" \/>\n<meta property=\"og:description\" content=\"The Empleaverde Programme of the Ministry of Agriculture, Food and the Environment is the protagonist of a Public Information campaign launched by the European Commission [&hellip;]\" \/>\n<meta property=\"og:url\" content=\"https:\/\/fundacion-biodiversidad.es\/en\/actualidad_home\/the-european-union-highlights-the-empleaverde-programme-as-a-generator-of-employment\/\" \/>\n<meta property=\"og:site_name\" content=\"Fundaci\u00f3n Biodiversidad\" \/>\n<meta property=\"og:image\" content=\"https:\/\/fundacion-biodiversidad.es\/wp-content\/uploads\/2023\/01\/2487661294_35330241_720x405.png\" \/>\n\t<meta property=\"og:image:width\" content=\"720\" \/>\n\t<meta property=\"og:image:height\" content=\"405\" \/>\n\t<meta property=\"og:image:type\" content=\"image\/png\" \/>\n<meta name=\"twitter:card\" content=\"summary_large_image\" \/>\n<meta name=\"twitter:label1\" content=\"Est. reading time\" \/>\n\t<meta name=\"twitter:data1\" content=\"1 minute\" \/>\n<script type=\"application\/ld+json\" class=\"yoast-schema-graph\">{\"@context\":\"https:\/\/schema.org\",\"@graph\":[{\"@type\":\"WebPage\",\"@id\":\"https:\/\/fundacion-biodiversidad.es\/en\/actualidad_home\/the-european-union-highlights-the-empleaverde-programme-as-a-generator-of-employment\/\",\"url\":\"https:\/\/fundacion-biodiversidad.es\/en\/actualidad_home\/the-european-union-highlights-the-empleaverde-programme-as-a-generator-of-employment\/\",\"name\":\"The European Union highlights the Empleaverde Programme as a generator of employment - Fundaci\u00f3n Biodiversidad\",\"isPartOf\":{\"@id\":\"https:\/\/fundacion-biodiversidad.es\/en\/#website\"},\"primaryImageOfPage\":{\"@id\":\"https:\/\/fundacion-biodiversidad.es\/en\/actualidad_home\/the-european-union-highlights-the-empleaverde-programme-as-a-generator-of-employment\/#primaryimage\"},\"image\":{\"@id\":\"https:\/\/fundacion-biodiversidad.es\/en\/actualidad_home\/the-european-union-highlights-the-empleaverde-programme-as-a-generator-of-employment\/#primaryimage\"},\"thumbnailUrl\":\"https:\/\/fundacion-biodiversidad.es\/wp-content\/uploads\/2014\/12\/ue-empleaverde-mural-empleo-verde.jpg\",\"datePublished\":\"2014-12-01T11:53:40+00:00\",\"breadcrumb\":{\"@id\":\"https:\/\/fundacion-biodiversidad.es\/en\/actualidad_home\/the-european-union-highlights-the-empleaverde-programme-as-a-generator-of-employment\/#breadcrumb\"},\"inLanguage\":\"en-US\",\"potentialAction\":[{\"@type\":\"ReadAction\",\"target\":[\"https:\/\/fundacion-biodiversidad.es\/en\/actualidad_home\/the-european-union-highlights-the-empleaverde-programme-as-a-generator-of-employment\/\"]}]},{\"@type\":\"ImageObject\",\"inLanguage\":\"en-US\",\"@id\":\"https:\/\/fundacion-biodiversidad.es\/en\/actualidad_home\/the-european-union-highlights-the-empleaverde-programme-as-a-generator-of-employment\/#primaryimage\",\"url\":\"https:\/\/fundacion-biodiversidad.es\/wp-content\/uploads\/2014\/12\/ue-empleaverde-mural-empleo-verde.jpg\",\"contentUrl\":\"https:\/\/fundacion-biodiversidad.es\/wp-content\/uploads\/2014\/12\/ue-empleaverde-mural-empleo-verde.jpg\",\"width\":800,\"height\":511},{\"@type\":\"BreadcrumbList\",\"@id\":\"https:\/\/fundacion-biodiversidad.es\/en\/actualidad_home\/the-european-union-highlights-the-empleaverde-programme-as-a-generator-of-employment\/#breadcrumb\",\"itemListElement\":[{\"@type\":\"ListItem\",\"position\":1,\"name\":\"Portada\",\"item\":\"https:\/\/fundacion-biodiversidad.es\/en\/inicio\/\"},{\"@type\":\"ListItem\",\"position\":2,\"name\":\"Noticias de actualidad\",\"item\":\"https:\/\/fundacion-biodiversidad.es\/en\/actualidad_home\/\"},{\"@type\":\"ListItem\",\"position\":3,\"name\":\"The European Union highlights the Empleaverde Programme as a generator of employment\"}]},{\"@type\":\"WebSite\",\"@id\":\"https:\/\/fundacion-biodiversidad.es\/en\/#website\",\"url\":\"https:\/\/fundacion-biodiversidad.es\/en\/\",\"name\":\"Fundaci\u00f3n Biodiversidad\",\"description\":\"Fundaci\u00f3n p\u00fablica adscrita al Ministerio para la Transici\u00f3n Ecol\u00f3gica\",\"potentialAction\":[{\"@type\":\"SearchAction\",\"target\":{\"@type\":\"EntryPoint\",\"urlTemplate\":\"https:\/\/fundacion-biodiversidad.es\/en\/?s={search_term_string}\"},\"query-input\":{\"@type\":\"PropertyValueSpecification\",\"valueRequired\":true,\"valueName\":\"search_term_string\"}}],\"inLanguage\":\"en-US\"}]}<\/script>\n<!-- \/ Yoast SEO plugin. -->","yoast_head_json":{"title":"The European Union highlights the Empleaverde Programme as a generator of employment - Fundaci\u00f3n Biodiversidad","robots":{"index":"index","follow":"follow","max-snippet":"max-snippet:-1","max-image-preview":"max-image-preview:large","max-video-preview":"max-video-preview:-1"},"canonical":"https:\/\/fundacion-biodiversidad.es\/en\/actualidad_home\/the-european-union-highlights-the-empleaverde-programme-as-a-generator-of-employment\/","og_locale":"en_US","og_type":"article","og_title":"The European Union highlights the Empleaverde Programme as a generator of employment - Fundaci\u00f3n Biodiversidad","og_description":"The Empleaverde Programme of the Ministry of Agriculture, Food and the Environment is the protagonist of a Public Information campaign launched by the European Commission [&hellip;]","og_url":"https:\/\/fundacion-biodiversidad.es\/en\/actualidad_home\/the-european-union-highlights-the-empleaverde-programme-as-a-generator-of-employment\/","og_site_name":"Fundaci\u00f3n Biodiversidad","og_image":[{"width":720,"height":405,"url":"https:\/\/fundacion-biodiversidad.es\/wp-content\/uploads\/2023\/01\/2487661294_35330241_720x405.png","type":"image\/png"}],"twitter_card":"summary_large_image","twitter_misc":{"Est. reading time":"1 minute"},"schema":{"@context":"https:\/\/schema.org","@graph":[{"@type":"WebPage","@id":"https:\/\/fundacion-biodiversidad.es\/en\/actualidad_home\/the-european-union-highlights-the-empleaverde-programme-as-a-generator-of-employment\/","url":"https:\/\/fundacion-biodiversidad.es\/en\/actualidad_home\/the-european-union-highlights-the-empleaverde-programme-as-a-generator-of-employment\/","name":"The European Union highlights the Empleaverde Programme as a generator of employment - Fundaci\u00f3n Biodiversidad","isPartOf":{"@id":"https:\/\/fundacion-biodiversidad.es\/en\/#website"},"primaryImageOfPage":{"@id":"https:\/\/fundacion-biodiversidad.es\/en\/actualidad_home\/the-european-union-highlights-the-empleaverde-programme-as-a-generator-of-employment\/#primaryimage"},"image":{"@id":"https:\/\/fundacion-biodiversidad.es\/en\/actualidad_home\/the-european-union-highlights-the-empleaverde-programme-as-a-generator-of-employment\/#primaryimage"},"thumbnailUrl":"https:\/\/fundacion-biodiversidad.es\/wp-content\/uploads\/2014\/12\/ue-empleaverde-mural-empleo-verde.jpg","datePublished":"2014-12-01T11:53:40+00:00","breadcrumb":{"@id":"https:\/\/fundacion-biodiversidad.es\/en\/actualidad_home\/the-european-union-highlights-the-empleaverde-programme-as-a-generator-of-employment\/#breadcrumb"},"inLanguage":"en-US","potentialAction":[{"@type":"ReadAction","target":["https:\/\/fundacion-biodiversidad.es\/en\/actualidad_home\/the-european-union-highlights-the-empleaverde-programme-as-a-generator-of-employment\/"]}]},{"@type":"ImageObject","inLanguage":"en-US","@id":"https:\/\/fundacion-biodiversidad.es\/en\/actualidad_home\/the-european-union-highlights-the-empleaverde-programme-as-a-generator-of-employment\/#primaryimage","url":"https:\/\/fundacion-biodiversidad.es\/wp-content\/uploads\/2014\/12\/ue-empleaverde-mural-empleo-verde.jpg","contentUrl":"https:\/\/fundacion-biodiversidad.es\/wp-content\/uploads\/2014\/12\/ue-empleaverde-mural-empleo-verde.jpg","width":800,"height":511},{"@type":"BreadcrumbList","@id":"https:\/\/fundacion-biodiversidad.es\/en\/actualidad_home\/the-european-union-highlights-the-empleaverde-programme-as-a-generator-of-employment\/#breadcrumb","itemListElement":[{"@type":"ListItem","position":1,"name":"Portada","item":"https:\/\/fundacion-biodiversidad.es\/en\/inicio\/"},{"@type":"ListItem","position":2,"name":"Noticias de actualidad","item":"https:\/\/fundacion-biodiversidad.es\/en\/actualidad_home\/"},{"@type":"ListItem","position":3,"name":"The European Union highlights the Empleaverde Programme as a generator of employment"}]},{"@type":"WebSite","@id":"https:\/\/fundacion-biodiversidad.es\/en\/#website","url":"https:\/\/fundacion-biodiversidad.es\/en\/","name":"Fundaci\u00f3n Biodiversidad","description":"Fundaci\u00f3n p\u00fablica adscrita al Ministerio para la Transici\u00f3n Ecol\u00f3gica","potentialAction":[{"@type":"SearchAction","target":{"@type":"EntryPoint","urlTemplate":"https:\/\/fundacion-biodiversidad.es\/en\/?s={search_term_string}"},"query-input":{"@type":"PropertyValueSpecification","valueRequired":true,"valueName":"search_term_string"}}],"inLanguage":"en-US"}]}},"_links":{"self":[{"href":"https:\/\/fundacion-biodiversidad.es\/en\/wp-json\/wp\/v2\/actualidad_home\/97857956","targetHints":{"allow":["GET"]}}],"collection":[{"href":"https:\/\/fundacion-biodiversidad.es\/en\/wp-json\/wp\/v2\/actualidad_home"}],"about":[{"href":"https:\/\/fundacion-biodiversidad.es\/en\/wp-json\/wp\/v2\/types\/actualidad_home"}],"author":[{"embeddable":true,"href":"https:\/\/fundacion-biodiversidad.es\/en\/wp-json\/wp\/v2\/users\/11"}],"wp:featuredmedia":[{"embeddable":true,"href":"https:\/\/fundacion-biodiversidad.es\/en\/wp-json\/wp\/v2\/media\/35511"}],"wp:attachment":[{"href":"https:\/\/fundacion-biodiversidad.es\/en\/wp-json\/wp\/v2\/media?parent=97857956"}],"wp:term":[{"taxonomy":"palabras_clave","embeddable":true,"href":"https:\/\/fundacion-biodiversidad.es\/en\/wp-json\/wp\/v2\/palabras_clave?post=97857956"}],"curies":[{"name":"wp","href":"https:\/\/api.w.org\/{rel}","templated":true}]}}