{"id":97857959,"date":"2014-12-02T07:00:00","date_gmt":"2014-12-02T06:00:00","guid":{"rendered":"https:\/\/fundacion-biodiversidad.es\/actualidad_home\/jury-at-the-european-business-awards-for-the-environment\/"},"modified":"2014-12-02T07:00:00","modified_gmt":"2014-12-02T06:00:00","slug":"jury-at-the-european-business-awards-for-the-environment","status":"publish","type":"actualidad_home","link":"https:\/\/fundacion-biodiversidad.es\/en\/actualidad_home\/jury-at-the-european-business-awards-for-the-environment\/","title":{"rendered":"Jury at the European Business Awards for the Environment"},"content":{"rendered":"<p>The Biodiversity Foundation has participated as <strong>a member of the<\/strong> Jury of the European Business Awards for the Environment, organised by the European Commission and whose award ceremony was held in Lyon (France) during the 17th European Eco-innovation Forum.<\/p>\n<p> The director of the Foundation, Sonia Casta\u00f1eda, attended the ceremony in which&nbsp;<strong>the Spanish company Red El\u00e9ctrica de Espa\u00f1a has been the winner in the Business and Biodiversity category<\/strong>.<\/p>\n<p> These awards recognise the best environmental practices of European companies. The Spanish company was nominated in the category that recognizes the best initiatives in the field of business and biodiversity.<\/p>\n<p> The Biodiversity Foundation of the Ministry of Agriculture, Food and Environment has been, since 2014, the <a href=\"http:\/\/fundacion-biodiversidad.es\/sites\/default\/files\/notas\/14.06.05_garcia_tejerina_premios_europeos_medio_ambiente_empresa_tcm7-331212_noticia.pdf\" target=\"_blank\" rel=\"noopener\"><strong>national coordinator in Spain of these European awards<\/strong><\/a> and last June the awards ceremony was held for Spanish companies.<\/p>\n<p> These awards seek <a href=\"http:\/\/fundacion-biodiversidad.es\/prensa\/actualidad\/12-empresas-espanolas-premiadas-por-su-sostenibilidad-y-comportamiento-ambiental\" target=\"_blank\" rel=\"noopener\"><strong>to recognize the best European companies that contribute to economic and social development while respecting the environment and biodiversity<\/strong><\/a>. They consist of five awards, one for each of the established categories: business and biodiversity, product, process, management and international business cooperation.<\/p>\n<p><strong>The jury, composed of a total of 24 members<\/strong>, is made up of European and national authorities, as well as experts from the green technology sector and academia. In total, for this year&#8217;s edition, <strong>152 applications have been received from 22 member states of the European Union<\/strong> and other candidate countries such as Turkey, of which 16 were finalists.<\/p>\n<p> The companies selected to compete for the awards come from 10 countries: Turkey, Estonia, the United Kingdom, Germany, Belgium, the Netherlands, Ireland, Luxembourg, France and Spain. The EBAE Awards were established on the initiative of the European Commission&#8217;s Directorate-General for the Environment in 1987. They are published for two years and seek to recognise European companies that have been an example of success by combining innovation, economic viability and environmental concern.     <br \/>\n&nbsp;<\/p>\n","protected":false},"author":11,"featured_media":35510,"template":"","meta":{"_acf_changed":false},"palabras_clave":[32,33,36,72],"class_list":["post-97857959","actualidad_home","type-actualidad_home","status-publish","has-post-thumbnail","hentry","palabras_clave-ebae","palabras_clave-empresa-y-biodiversidad","palabras_clave-medio-ambiente","palabras_clave-sostenible"],"acf":[],"yoast_head":"<!-- This site is optimized with the Yoast SEO plugin v26.9 - https:\/\/yoast.com\/product\/yoast-seo-wordpress\/ -->\n<title>Jury at the European Business Awards for the Environment - Fundaci\u00f3n Biodiversidad<\/title>\n<meta name=\"robots\" content=\"index, follow, max-snippet:-1, max-image-preview:large, max-video-preview:-1\" \/>\n<link rel=\"canonical\" href=\"https:\/\/fundacion-biodiversidad.es\/en\/actualidad_home\/jury-at-the-european-business-awards-for-the-environment\/\" \/>\n<meta property=\"og:locale\" content=\"en_US\" \/>\n<meta property=\"og:type\" content=\"article\" \/>\n<meta property=\"og:title\" content=\"Jury at the European Business Awards for the Environment - Fundaci\u00f3n Biodiversidad\" \/>\n<meta property=\"og:description\" content=\"The Biodiversity Foundation has participated as a member of the Jury of the European Business Awards for the Environment, organised by the European Commission and [&hellip;]\" \/>\n<meta property=\"og:url\" content=\"https:\/\/fundacion-biodiversidad.es\/en\/actualidad_home\/jury-at-the-european-business-awards-for-the-environment\/\" \/>\n<meta property=\"og:site_name\" content=\"Fundaci\u00f3n Biodiversidad\" \/>\n<meta property=\"og:image\" content=\"https:\/\/fundacion-biodiversidad.es\/wp-content\/uploads\/2023\/01\/2487661294_35330241_720x405.png\" \/>\n\t<meta property=\"og:image:width\" content=\"720\" \/>\n\t<meta property=\"og:image:height\" content=\"405\" \/>\n\t<meta property=\"og:image:type\" content=\"image\/png\" \/>\n<meta name=\"twitter:card\" content=\"summary_large_image\" \/>\n<meta name=\"twitter:label1\" content=\"Est. reading time\" \/>\n\t<meta name=\"twitter:data1\" content=\"2 minutes\" \/>\n<script type=\"application\/ld+json\" class=\"yoast-schema-graph\">{\"@context\":\"https:\/\/schema.org\",\"@graph\":[{\"@type\":\"WebPage\",\"@id\":\"https:\/\/fundacion-biodiversidad.es\/en\/actualidad_home\/jury-at-the-european-business-awards-for-the-environment\/\",\"url\":\"https:\/\/fundacion-biodiversidad.es\/en\/actualidad_home\/jury-at-the-european-business-awards-for-the-environment\/\",\"name\":\"Jury at the European Business Awards for the Environment - Fundaci\u00f3n Biodiversidad\",\"isPartOf\":{\"@id\":\"https:\/\/fundacion-biodiversidad.es\/en\/#website\"},\"primaryImageOfPage\":{\"@id\":\"https:\/\/fundacion-biodiversidad.es\/en\/actualidad_home\/jury-at-the-european-business-awards-for-the-environment\/#primaryimage\"},\"image\":{\"@id\":\"https:\/\/fundacion-biodiversidad.es\/en\/actualidad_home\/jury-at-the-european-business-awards-for-the-environment\/#primaryimage\"},\"thumbnailUrl\":\"https:\/\/fundacion-biodiversidad.es\/wp-content\/uploads\/2014\/12\/jurado_premios_ebae.jpg\",\"datePublished\":\"2014-12-02T06:00:00+00:00\",\"breadcrumb\":{\"@id\":\"https:\/\/fundacion-biodiversidad.es\/en\/actualidad_home\/jury-at-the-european-business-awards-for-the-environment\/#breadcrumb\"},\"inLanguage\":\"en-US\",\"potentialAction\":[{\"@type\":\"ReadAction\",\"target\":[\"https:\/\/fundacion-biodiversidad.es\/en\/actualidad_home\/jury-at-the-european-business-awards-for-the-environment\/\"]}]},{\"@type\":\"ImageObject\",\"inLanguage\":\"en-US\",\"@id\":\"https:\/\/fundacion-biodiversidad.es\/en\/actualidad_home\/jury-at-the-european-business-awards-for-the-environment\/#primaryimage\",\"url\":\"https:\/\/fundacion-biodiversidad.es\/wp-content\/uploads\/2014\/12\/jurado_premios_ebae.jpg\",\"contentUrl\":\"https:\/\/fundacion-biodiversidad.es\/wp-content\/uploads\/2014\/12\/jurado_premios_ebae.jpg\",\"width\":688,\"height\":758},{\"@type\":\"BreadcrumbList\",\"@id\":\"https:\/\/fundacion-biodiversidad.es\/en\/actualidad_home\/jury-at-the-european-business-awards-for-the-environment\/#breadcrumb\",\"itemListElement\":[{\"@type\":\"ListItem\",\"position\":1,\"name\":\"Portada\",\"item\":\"https:\/\/fundacion-biodiversidad.es\/en\/inicio\/\"},{\"@type\":\"ListItem\",\"position\":2,\"name\":\"Noticias de actualidad\",\"item\":\"https:\/\/fundacion-biodiversidad.es\/en\/actualidad_home\/\"},{\"@type\":\"ListItem\",\"position\":3,\"name\":\"Jury at the European Business Awards for the Environment\"}]},{\"@type\":\"WebSite\",\"@id\":\"https:\/\/fundacion-biodiversidad.es\/en\/#website\",\"url\":\"https:\/\/fundacion-biodiversidad.es\/en\/\",\"name\":\"Fundaci\u00f3n Biodiversidad\",\"description\":\"Fundaci\u00f3n p\u00fablica adscrita al Ministerio para la Transici\u00f3n Ecol\u00f3gica\",\"potentialAction\":[{\"@type\":\"SearchAction\",\"target\":{\"@type\":\"EntryPoint\",\"urlTemplate\":\"https:\/\/fundacion-biodiversidad.es\/en\/?s={search_term_string}\"},\"query-input\":{\"@type\":\"PropertyValueSpecification\",\"valueRequired\":true,\"valueName\":\"search_term_string\"}}],\"inLanguage\":\"en-US\"}]}<\/script>\n<!-- \/ Yoast SEO plugin. -->","yoast_head_json":{"title":"Jury at the European Business Awards for the Environment - Fundaci\u00f3n Biodiversidad","robots":{"index":"index","follow":"follow","max-snippet":"max-snippet:-1","max-image-preview":"max-image-preview:large","max-video-preview":"max-video-preview:-1"},"canonical":"https:\/\/fundacion-biodiversidad.es\/en\/actualidad_home\/jury-at-the-european-business-awards-for-the-environment\/","og_locale":"en_US","og_type":"article","og_title":"Jury at the European Business Awards for the Environment - Fundaci\u00f3n Biodiversidad","og_description":"The Biodiversity Foundation has participated as a member of the Jury of the European Business Awards for the Environment, organised by the European Commission and [&hellip;]","og_url":"https:\/\/fundacion-biodiversidad.es\/en\/actualidad_home\/jury-at-the-european-business-awards-for-the-environment\/","og_site_name":"Fundaci\u00f3n Biodiversidad","og_image":[{"width":720,"height":405,"url":"https:\/\/fundacion-biodiversidad.es\/wp-content\/uploads\/2023\/01\/2487661294_35330241_720x405.png","type":"image\/png"}],"twitter_card":"summary_large_image","twitter_misc":{"Est. reading time":"2 minutes"},"schema":{"@context":"https:\/\/schema.org","@graph":[{"@type":"WebPage","@id":"https:\/\/fundacion-biodiversidad.es\/en\/actualidad_home\/jury-at-the-european-business-awards-for-the-environment\/","url":"https:\/\/fundacion-biodiversidad.es\/en\/actualidad_home\/jury-at-the-european-business-awards-for-the-environment\/","name":"Jury at the European Business Awards for the Environment - Fundaci\u00f3n Biodiversidad","isPartOf":{"@id":"https:\/\/fundacion-biodiversidad.es\/en\/#website"},"primaryImageOfPage":{"@id":"https:\/\/fundacion-biodiversidad.es\/en\/actualidad_home\/jury-at-the-european-business-awards-for-the-environment\/#primaryimage"},"image":{"@id":"https:\/\/fundacion-biodiversidad.es\/en\/actualidad_home\/jury-at-the-european-business-awards-for-the-environment\/#primaryimage"},"thumbnailUrl":"https:\/\/fundacion-biodiversidad.es\/wp-content\/uploads\/2014\/12\/jurado_premios_ebae.jpg","datePublished":"2014-12-02T06:00:00+00:00","breadcrumb":{"@id":"https:\/\/fundacion-biodiversidad.es\/en\/actualidad_home\/jury-at-the-european-business-awards-for-the-environment\/#breadcrumb"},"inLanguage":"en-US","potentialAction":[{"@type":"ReadAction","target":["https:\/\/fundacion-biodiversidad.es\/en\/actualidad_home\/jury-at-the-european-business-awards-for-the-environment\/"]}]},{"@type":"ImageObject","inLanguage":"en-US","@id":"https:\/\/fundacion-biodiversidad.es\/en\/actualidad_home\/jury-at-the-european-business-awards-for-the-environment\/#primaryimage","url":"https:\/\/fundacion-biodiversidad.es\/wp-content\/uploads\/2014\/12\/jurado_premios_ebae.jpg","contentUrl":"https:\/\/fundacion-biodiversidad.es\/wp-content\/uploads\/2014\/12\/jurado_premios_ebae.jpg","width":688,"height":758},{"@type":"BreadcrumbList","@id":"https:\/\/fundacion-biodiversidad.es\/en\/actualidad_home\/jury-at-the-european-business-awards-for-the-environment\/#breadcrumb","itemListElement":[{"@type":"ListItem","position":1,"name":"Portada","item":"https:\/\/fundacion-biodiversidad.es\/en\/inicio\/"},{"@type":"ListItem","position":2,"name":"Noticias de actualidad","item":"https:\/\/fundacion-biodiversidad.es\/en\/actualidad_home\/"},{"@type":"ListItem","position":3,"name":"Jury at the European Business Awards for the Environment"}]},{"@type":"WebSite","@id":"https:\/\/fundacion-biodiversidad.es\/en\/#website","url":"https:\/\/fundacion-biodiversidad.es\/en\/","name":"Fundaci\u00f3n Biodiversidad","description":"Fundaci\u00f3n p\u00fablica adscrita al Ministerio para la Transici\u00f3n Ecol\u00f3gica","potentialAction":[{"@type":"SearchAction","target":{"@type":"EntryPoint","urlTemplate":"https:\/\/fundacion-biodiversidad.es\/en\/?s={search_term_string}"},"query-input":{"@type":"PropertyValueSpecification","valueRequired":true,"valueName":"search_term_string"}}],"inLanguage":"en-US"}]}},"_links":{"self":[{"href":"https:\/\/fundacion-biodiversidad.es\/en\/wp-json\/wp\/v2\/actualidad_home\/97857959","targetHints":{"allow":["GET"]}}],"collection":[{"href":"https:\/\/fundacion-biodiversidad.es\/en\/wp-json\/wp\/v2\/actualidad_home"}],"about":[{"href":"https:\/\/fundacion-biodiversidad.es\/en\/wp-json\/wp\/v2\/types\/actualidad_home"}],"author":[{"embeddable":true,"href":"https:\/\/fundacion-biodiversidad.es\/en\/wp-json\/wp\/v2\/users\/11"}],"wp:featuredmedia":[{"embeddable":true,"href":"https:\/\/fundacion-biodiversidad.es\/en\/wp-json\/wp\/v2\/media\/35510"}],"wp:attachment":[{"href":"https:\/\/fundacion-biodiversidad.es\/en\/wp-json\/wp\/v2\/media?parent=97857959"}],"wp:term":[{"taxonomy":"palabras_clave","embeddable":true,"href":"https:\/\/fundacion-biodiversidad.es\/en\/wp-json\/wp\/v2\/palabras_clave?post=97857959"}],"curies":[{"name":"wp","href":"https:\/\/api.w.org\/{rel}","templated":true}]}}