{"id":97857964,"date":"2014-10-29T16:44:29","date_gmt":"2014-10-29T15:44:29","guid":{"rendered":"https:\/\/fundacion-biodiversidad.es\/actualidad_home\/ii-congress-of-energy-and-environment-at-the-complutense-university\/"},"modified":"2014-10-29T16:44:29","modified_gmt":"2014-10-29T15:44:29","slug":"ii-congress-of-energy-and-environment-at-the-complutense-university","status":"publish","type":"actualidad_home","link":"https:\/\/fundacion-biodiversidad.es\/en\/actualidad_home\/ii-congress-of-energy-and-environment-at-the-complutense-university\/","title":{"rendered":"II Congress of Energy and Environment at the Complutense University"},"content":{"rendered":"<p>The director of the Biodiversity Foundation of the Ministry of Agriculture, Food and the Environment, Sonia Casta\u00f1eda, has participated in the opening session of the II Juan Antonio Rubio Memorial <strong>Energy and Environment Congress<\/strong> , entitled <strong>&#8220;The challenge of communication in the face of climate change&#8221;,<\/strong> which will be held on October 29 and 30 at the Faculty of Information Sciences of the <strong>Complutense University of Madrid<\/strong> (UCM).<\/p>\n<p> In front of a large presence of Journalism students, Sonia Casta\u00f1eda highlighted the complexity of &#8220;communicating the challenge of climate change&#8221;. In addition, he stressed that it is necessary <strong>to &#8220;value environmental communication&#8221;.<\/strong> According to the director of the Biodiversity Foundation, information in this area must combine scientific rigour and a message &#8220;that reaches people&#8221;. Something that is not an easy task and that, for this reason, requires the communication professional to be able to &#8220;face the challenge of communicating well day by day&#8221;.   <\/p>\n<p>  He also stressed that every day there are a large number of developments in the field of legislation and institutions that environmental journalists should be aware of. In this sense, Sonia Casta\u00f1eda has given as an example the <a href=\"http:\/\/fundacion-biodiversidad.es\/cambio-climatico-calidad-ambiental\/proyectos-propios\" target=\"_blank\" rel=\"noopener\"><strong>projects for monitoring and adaptation to climate change<\/strong><\/a> supported and managed by the Biodiversity Foundation. <\/p>\n<p>  For their part, the Dean of the Faculty of Information Sciences of the UCM, Carmen P\u00e9rez de Armi\u00f1an Gracia-Fresca and the Director of the Department of Journalism II, Carmen Salgado Santamar\u00eda, have stressed the importance of specialization in environmental journalism, an area that today constitutes an opportunity for job placement.<\/p>\n<p>  The opening ceremony was also attended by the Director of the CIEMAT Energy Department, Ram\u00f3n Gavela, to delve into the mechanisms available to address climate change, such as efficiency, energy saving and alternative energies.<br \/>\n&nbsp;<\/p>\n","protected":false},"author":11,"featured_media":35493,"template":"","meta":{"_acf_changed":false},"palabras_clave":[],"class_list":["post-97857964","actualidad_home","type-actualidad_home","status-publish","has-post-thumbnail","hentry"],"acf":[],"yoast_head":"<!-- This site is optimized with the Yoast SEO plugin v26.9 - https:\/\/yoast.com\/product\/yoast-seo-wordpress\/ -->\n<title>II Congress of Energy and Environment at the Complutense University - Fundaci\u00f3n Biodiversidad<\/title>\n<meta name=\"robots\" content=\"index, follow, max-snippet:-1, max-image-preview:large, max-video-preview:-1\" \/>\n<link rel=\"canonical\" href=\"https:\/\/fundacion-biodiversidad.es\/en\/actualidad_home\/ii-congress-of-energy-and-environment-at-the-complutense-university\/\" \/>\n<meta property=\"og:locale\" content=\"en_US\" \/>\n<meta property=\"og:type\" content=\"article\" \/>\n<meta property=\"og:title\" content=\"II Congress of Energy and Environment at the Complutense University - Fundaci\u00f3n Biodiversidad\" \/>\n<meta property=\"og:description\" content=\"The director of the Biodiversity Foundation of the Ministry of Agriculture, Food and the Environment, Sonia Casta\u00f1eda, has participated in the opening session of the [&hellip;]\" \/>\n<meta property=\"og:url\" content=\"https:\/\/fundacion-biodiversidad.es\/en\/actualidad_home\/ii-congress-of-energy-and-environment-at-the-complutense-university\/\" \/>\n<meta property=\"og:site_name\" content=\"Fundaci\u00f3n Biodiversidad\" \/>\n<meta property=\"og:image\" content=\"https:\/\/fundacion-biodiversidad.es\/wp-content\/uploads\/2023\/01\/2487661294_35330241_720x405.png\" \/>\n\t<meta property=\"og:image:width\" content=\"720\" \/>\n\t<meta property=\"og:image:height\" content=\"405\" \/>\n\t<meta property=\"og:image:type\" content=\"image\/png\" \/>\n<meta name=\"twitter:card\" content=\"summary_large_image\" \/>\n<meta name=\"twitter:label1\" content=\"Est. reading time\" \/>\n\t<meta name=\"twitter:data1\" content=\"1 minute\" \/>\n<script type=\"application\/ld+json\" class=\"yoast-schema-graph\">{\"@context\":\"https:\/\/schema.org\",\"@graph\":[{\"@type\":\"WebPage\",\"@id\":\"https:\/\/fundacion-biodiversidad.es\/en\/actualidad_home\/ii-congress-of-energy-and-environment-at-the-complutense-university\/\",\"url\":\"https:\/\/fundacion-biodiversidad.es\/en\/actualidad_home\/ii-congress-of-energy-and-environment-at-the-complutense-university\/\",\"name\":\"II Congress of Energy and Environment at the Complutense University - Fundaci\u00f3n Biodiversidad\",\"isPartOf\":{\"@id\":\"https:\/\/fundacion-biodiversidad.es\/en\/#website\"},\"primaryImageOfPage\":{\"@id\":\"https:\/\/fundacion-biodiversidad.es\/en\/actualidad_home\/ii-congress-of-energy-and-environment-at-the-complutense-university\/#primaryimage\"},\"image\":{\"@id\":\"https:\/\/fundacion-biodiversidad.es\/en\/actualidad_home\/ii-congress-of-energy-and-environment-at-the-complutense-university\/#primaryimage\"},\"thumbnailUrl\":\"https:\/\/fundacion-biodiversidad.es\/wp-content\/uploads\/2014\/10\/congreso_cambio_climatico_sonia_castaneda.jpg\",\"datePublished\":\"2014-10-29T15:44:29+00:00\",\"breadcrumb\":{\"@id\":\"https:\/\/fundacion-biodiversidad.es\/en\/actualidad_home\/ii-congress-of-energy-and-environment-at-the-complutense-university\/#breadcrumb\"},\"inLanguage\":\"en-US\",\"potentialAction\":[{\"@type\":\"ReadAction\",\"target\":[\"https:\/\/fundacion-biodiversidad.es\/en\/actualidad_home\/ii-congress-of-energy-and-environment-at-the-complutense-university\/\"]}]},{\"@type\":\"ImageObject\",\"inLanguage\":\"en-US\",\"@id\":\"https:\/\/fundacion-biodiversidad.es\/en\/actualidad_home\/ii-congress-of-energy-and-environment-at-the-complutense-university\/#primaryimage\",\"url\":\"https:\/\/fundacion-biodiversidad.es\/wp-content\/uploads\/2014\/10\/congreso_cambio_climatico_sonia_castaneda.jpg\",\"contentUrl\":\"https:\/\/fundacion-biodiversidad.es\/wp-content\/uploads\/2014\/10\/congreso_cambio_climatico_sonia_castaneda.jpg\",\"width\":727,\"height\":559},{\"@type\":\"BreadcrumbList\",\"@id\":\"https:\/\/fundacion-biodiversidad.es\/en\/actualidad_home\/ii-congress-of-energy-and-environment-at-the-complutense-university\/#breadcrumb\",\"itemListElement\":[{\"@type\":\"ListItem\",\"position\":1,\"name\":\"Portada\",\"item\":\"https:\/\/fundacion-biodiversidad.es\/en\/inicio\/\"},{\"@type\":\"ListItem\",\"position\":2,\"name\":\"Noticias de actualidad\",\"item\":\"https:\/\/fundacion-biodiversidad.es\/en\/actualidad_home\/\"},{\"@type\":\"ListItem\",\"position\":3,\"name\":\"II Congress of Energy and Environment at the Complutense University\"}]},{\"@type\":\"WebSite\",\"@id\":\"https:\/\/fundacion-biodiversidad.es\/en\/#website\",\"url\":\"https:\/\/fundacion-biodiversidad.es\/en\/\",\"name\":\"Fundaci\u00f3n Biodiversidad\",\"description\":\"Fundaci\u00f3n p\u00fablica adscrita al Ministerio para la Transici\u00f3n Ecol\u00f3gica\",\"potentialAction\":[{\"@type\":\"SearchAction\",\"target\":{\"@type\":\"EntryPoint\",\"urlTemplate\":\"https:\/\/fundacion-biodiversidad.es\/en\/?s={search_term_string}\"},\"query-input\":{\"@type\":\"PropertyValueSpecification\",\"valueRequired\":true,\"valueName\":\"search_term_string\"}}],\"inLanguage\":\"en-US\"}]}<\/script>\n<!-- \/ Yoast SEO plugin. -->","yoast_head_json":{"title":"II Congress of Energy and Environment at the Complutense University - Fundaci\u00f3n Biodiversidad","robots":{"index":"index","follow":"follow","max-snippet":"max-snippet:-1","max-image-preview":"max-image-preview:large","max-video-preview":"max-video-preview:-1"},"canonical":"https:\/\/fundacion-biodiversidad.es\/en\/actualidad_home\/ii-congress-of-energy-and-environment-at-the-complutense-university\/","og_locale":"en_US","og_type":"article","og_title":"II Congress of Energy and Environment at the Complutense University - Fundaci\u00f3n Biodiversidad","og_description":"The director of the Biodiversity Foundation of the Ministry of Agriculture, Food and the Environment, Sonia Casta\u00f1eda, has participated in the opening session of the [&hellip;]","og_url":"https:\/\/fundacion-biodiversidad.es\/en\/actualidad_home\/ii-congress-of-energy-and-environment-at-the-complutense-university\/","og_site_name":"Fundaci\u00f3n Biodiversidad","og_image":[{"width":720,"height":405,"url":"https:\/\/fundacion-biodiversidad.es\/wp-content\/uploads\/2023\/01\/2487661294_35330241_720x405.png","type":"image\/png"}],"twitter_card":"summary_large_image","twitter_misc":{"Est. reading time":"1 minute"},"schema":{"@context":"https:\/\/schema.org","@graph":[{"@type":"WebPage","@id":"https:\/\/fundacion-biodiversidad.es\/en\/actualidad_home\/ii-congress-of-energy-and-environment-at-the-complutense-university\/","url":"https:\/\/fundacion-biodiversidad.es\/en\/actualidad_home\/ii-congress-of-energy-and-environment-at-the-complutense-university\/","name":"II Congress of Energy and Environment at the Complutense University - Fundaci\u00f3n Biodiversidad","isPartOf":{"@id":"https:\/\/fundacion-biodiversidad.es\/en\/#website"},"primaryImageOfPage":{"@id":"https:\/\/fundacion-biodiversidad.es\/en\/actualidad_home\/ii-congress-of-energy-and-environment-at-the-complutense-university\/#primaryimage"},"image":{"@id":"https:\/\/fundacion-biodiversidad.es\/en\/actualidad_home\/ii-congress-of-energy-and-environment-at-the-complutense-university\/#primaryimage"},"thumbnailUrl":"https:\/\/fundacion-biodiversidad.es\/wp-content\/uploads\/2014\/10\/congreso_cambio_climatico_sonia_castaneda.jpg","datePublished":"2014-10-29T15:44:29+00:00","breadcrumb":{"@id":"https:\/\/fundacion-biodiversidad.es\/en\/actualidad_home\/ii-congress-of-energy-and-environment-at-the-complutense-university\/#breadcrumb"},"inLanguage":"en-US","potentialAction":[{"@type":"ReadAction","target":["https:\/\/fundacion-biodiversidad.es\/en\/actualidad_home\/ii-congress-of-energy-and-environment-at-the-complutense-university\/"]}]},{"@type":"ImageObject","inLanguage":"en-US","@id":"https:\/\/fundacion-biodiversidad.es\/en\/actualidad_home\/ii-congress-of-energy-and-environment-at-the-complutense-university\/#primaryimage","url":"https:\/\/fundacion-biodiversidad.es\/wp-content\/uploads\/2014\/10\/congreso_cambio_climatico_sonia_castaneda.jpg","contentUrl":"https:\/\/fundacion-biodiversidad.es\/wp-content\/uploads\/2014\/10\/congreso_cambio_climatico_sonia_castaneda.jpg","width":727,"height":559},{"@type":"BreadcrumbList","@id":"https:\/\/fundacion-biodiversidad.es\/en\/actualidad_home\/ii-congress-of-energy-and-environment-at-the-complutense-university\/#breadcrumb","itemListElement":[{"@type":"ListItem","position":1,"name":"Portada","item":"https:\/\/fundacion-biodiversidad.es\/en\/inicio\/"},{"@type":"ListItem","position":2,"name":"Noticias de actualidad","item":"https:\/\/fundacion-biodiversidad.es\/en\/actualidad_home\/"},{"@type":"ListItem","position":3,"name":"II Congress of Energy and Environment at the Complutense University"}]},{"@type":"WebSite","@id":"https:\/\/fundacion-biodiversidad.es\/en\/#website","url":"https:\/\/fundacion-biodiversidad.es\/en\/","name":"Fundaci\u00f3n Biodiversidad","description":"Fundaci\u00f3n p\u00fablica adscrita al Ministerio para la Transici\u00f3n Ecol\u00f3gica","potentialAction":[{"@type":"SearchAction","target":{"@type":"EntryPoint","urlTemplate":"https:\/\/fundacion-biodiversidad.es\/en\/?s={search_term_string}"},"query-input":{"@type":"PropertyValueSpecification","valueRequired":true,"valueName":"search_term_string"}}],"inLanguage":"en-US"}]}},"_links":{"self":[{"href":"https:\/\/fundacion-biodiversidad.es\/en\/wp-json\/wp\/v2\/actualidad_home\/97857964","targetHints":{"allow":["GET"]}}],"collection":[{"href":"https:\/\/fundacion-biodiversidad.es\/en\/wp-json\/wp\/v2\/actualidad_home"}],"about":[{"href":"https:\/\/fundacion-biodiversidad.es\/en\/wp-json\/wp\/v2\/types\/actualidad_home"}],"author":[{"embeddable":true,"href":"https:\/\/fundacion-biodiversidad.es\/en\/wp-json\/wp\/v2\/users\/11"}],"wp:featuredmedia":[{"embeddable":true,"href":"https:\/\/fundacion-biodiversidad.es\/en\/wp-json\/wp\/v2\/media\/35493"}],"wp:attachment":[{"href":"https:\/\/fundacion-biodiversidad.es\/en\/wp-json\/wp\/v2\/media?parent=97857964"}],"wp:term":[{"taxonomy":"palabras_clave","embeddable":true,"href":"https:\/\/fundacion-biodiversidad.es\/en\/wp-json\/wp\/v2\/palabras_clave?post=97857964"}],"curies":[{"name":"wp","href":"https:\/\/api.w.org\/{rel}","templated":true}]}}