{"id":97857968,"date":"2014-10-20T16:26:36","date_gmt":"2014-10-20T14:26:36","guid":{"rendered":"https:\/\/fundacion-biodiversidad.es\/actualidad_home\/recognition-of-good-environmental-practices-on-our-coastline\/"},"modified":"2014-10-20T16:26:36","modified_gmt":"2014-10-20T14:26:36","slug":"recognition-of-good-environmental-practices-on-our-coastline","status":"publish","type":"actualidad_home","link":"https:\/\/fundacion-biodiversidad.es\/en\/actualidad_home\/recognition-of-good-environmental-practices-on-our-coastline\/","title":{"rendered":"Recognition of good environmental practices on our coastline"},"content":{"rendered":"<p>The Ministry of Agriculture, Food and the Environment has today presented the awards of the &#8220;<a href=\"http:\/\/chiringuitosyvoluntarios.es\/premios-chiringuitos-responsables\/\" rel=\"nofollow noopener\" target=\"_blank\"><strong>III Edition of the Responsible Beach Bars Awards<\/strong><\/a>&#8220;, a program that seeks to promote, among citizens and the business sector, the dissemination of <strong>good environmental practices for the improvement and conservation of the coastline in Spain<\/strong>.&nbsp;<br \/>\n&nbsp;<br \/>  The <strong>Secretary of State for the Environment<\/strong>, Federico Ramos, presided over the awards ceremony, accompanied by the Director General of Sustainability of the Coast and the Sea, Pablo Saavedra; by the director of the Biodiversity Foundation, Sonia Casta\u00f1eda; and by Peio Arbeloa, deputy general commercial manager of <a href=\"http:\/\/fundacion-biodiversidad.com\/empresaybiodiversidad\/empresas-adheridas\/grupo-mahou-san-miguel\" rel=\"nofollow noopener\" target=\"_blank\"><strong>Mahou San Miguel<\/strong><\/a>, a company that has collaborated in this edition of the Awards.<br \/>\n&nbsp;<br \/>  Ramos explained that &#8220;the objective of the awards is to recognize the best environmental initiatives that have been developed by beachfront hospitality establishments to improve the relationship with the environment and biodiversity&#8221;. To be able to compete, they must have previously signed the <a href=\"http:\/\/chiringuitosyvoluntarios.es\/chiringuito-responsable\/\" rel=\"nofollow noopener\" target=\"_blank\"><strong>Decalogue of Good Environmental Practices for Beach Bars<\/strong><\/a>, to which 640 establishments have already adhered. <br \/>\n&nbsp;<br \/>  For this year&#8217;s edition, <strong>76 beach establishments<\/strong> have been presented, of which three have been the winners. The first prize went to the &#8220;<strong>Es Dol\u00e7<\/strong>&#8221; beach bar in Mallorca; the second in the &#8220;<strong>Bonavida<\/strong>&#8221; establishment in Alicante; and the third prize in &#8220;<strong>Il So\u00f1o<\/strong>&#8221; in C\u00e1diz. The amount of the first, second and third prizes has been <strong>3,000, 2,500 and 1,500 euros<\/strong> respectively. Among the initiatives developed by these establishments are the selective collection of waste and oils; the installation of solar panels, wind turbines and double-flush cisterns; the reuse of furniture or the promotion of recycling   <br \/>\n&nbsp;<br \/>  In addition, the <a href=\"http:\/\/fundacion-biodiversidad.es\/prensa\/actualidad\/se-reune-el-jurado-de-la-iii-edicion-de-los-premios-chiringuitos-responsables\" target=\"_blank\" rel=\"noopener\"><strong>jury of the Awards<\/strong><\/a>, which met on October 13, decided to award two special mentions to the beach bars &#8220;Cala Agulla&#8221;, in Mallorca, and &#8220;La Guingueta de l&#8217;Escrib\u00e0&#8221;, in Barcelona. The Jury, in addition to the initiatives developed, has taken into account their environmental awareness, integration into the environment, sustainable construction criteria or the promotion of the consumption of organic and local products. <\/p>\n<p><a href=\"http:\/\/fundacion-biodiversidad.es\/prensa\/recursos-multimedia\/acto-de-entrega-de-los-premios-chiringuitos-responsables-iii-edicion\">Images of the awards ceremony<\/a><br \/>\n&nbsp;<\/p>\n","protected":false},"author":11,"featured_media":35491,"template":"","meta":{"_acf_changed":false},"palabras_clave":[71,75,74,36,76],"class_list":["post-97857968","actualidad_home","type-actualidad_home","status-publish","has-post-thumbnail","hentry","palabras_clave-chiringuitos","palabras_clave-costas","palabras_clave-litoral","palabras_clave-medio-ambiente","palabras_clave-sostenibilidad"],"acf":[],"yoast_head":"<!-- This site is optimized with the Yoast SEO plugin v26.9 - https:\/\/yoast.com\/product\/yoast-seo-wordpress\/ -->\n<title>Recognition of good environmental practices on our coastline - Fundaci\u00f3n Biodiversidad<\/title>\n<meta name=\"robots\" content=\"index, follow, max-snippet:-1, max-image-preview:large, max-video-preview:-1\" \/>\n<link rel=\"canonical\" href=\"https:\/\/fundacion-biodiversidad.es\/en\/actualidad_home\/recognition-of-good-environmental-practices-on-our-coastline\/\" \/>\n<meta property=\"og:locale\" content=\"en_US\" \/>\n<meta property=\"og:type\" content=\"article\" \/>\n<meta property=\"og:title\" content=\"Recognition of good environmental practices on our coastline - Fundaci\u00f3n Biodiversidad\" \/>\n<meta property=\"og:description\" content=\"The Ministry of Agriculture, Food and the Environment has today presented the awards of the &#8220;III Edition of the Responsible Beach Bars Awards&#8220;, a program [&hellip;]\" \/>\n<meta property=\"og:url\" content=\"https:\/\/fundacion-biodiversidad.es\/en\/actualidad_home\/recognition-of-good-environmental-practices-on-our-coastline\/\" \/>\n<meta property=\"og:site_name\" content=\"Fundaci\u00f3n Biodiversidad\" \/>\n<meta property=\"og:image\" content=\"https:\/\/fundacion-biodiversidad.es\/wp-content\/uploads\/2023\/01\/2487661294_35330241_720x405.png\" \/>\n\t<meta property=\"og:image:width\" content=\"720\" \/>\n\t<meta property=\"og:image:height\" content=\"405\" \/>\n\t<meta property=\"og:image:type\" content=\"image\/png\" \/>\n<meta name=\"twitter:card\" content=\"summary_large_image\" \/>\n<meta name=\"twitter:label1\" content=\"Est. reading time\" \/>\n\t<meta name=\"twitter:data1\" content=\"2 minutes\" \/>\n<script type=\"application\/ld+json\" class=\"yoast-schema-graph\">{\"@context\":\"https:\/\/schema.org\",\"@graph\":[{\"@type\":\"WebPage\",\"@id\":\"https:\/\/fundacion-biodiversidad.es\/en\/actualidad_home\/recognition-of-good-environmental-practices-on-our-coastline\/\",\"url\":\"https:\/\/fundacion-biodiversidad.es\/en\/actualidad_home\/recognition-of-good-environmental-practices-on-our-coastline\/\",\"name\":\"Recognition of good environmental practices on our coastline - Fundaci\u00f3n Biodiversidad\",\"isPartOf\":{\"@id\":\"https:\/\/fundacion-biodiversidad.es\/en\/#website\"},\"primaryImageOfPage\":{\"@id\":\"https:\/\/fundacion-biodiversidad.es\/en\/actualidad_home\/recognition-of-good-environmental-practices-on-our-coastline\/#primaryimage\"},\"image\":{\"@id\":\"https:\/\/fundacion-biodiversidad.es\/en\/actualidad_home\/recognition-of-good-environmental-practices-on-our-coastline\/#primaryimage\"},\"thumbnailUrl\":\"https:\/\/fundacion-biodiversidad.es\/wp-content\/uploads\/2014\/10\/federico_ramos_premios_chiringuitos_responsables-scaled.jpg\",\"datePublished\":\"2014-10-20T14:26:36+00:00\",\"breadcrumb\":{\"@id\":\"https:\/\/fundacion-biodiversidad.es\/en\/actualidad_home\/recognition-of-good-environmental-practices-on-our-coastline\/#breadcrumb\"},\"inLanguage\":\"en-US\",\"potentialAction\":[{\"@type\":\"ReadAction\",\"target\":[\"https:\/\/fundacion-biodiversidad.es\/en\/actualidad_home\/recognition-of-good-environmental-practices-on-our-coastline\/\"]}]},{\"@type\":\"ImageObject\",\"inLanguage\":\"en-US\",\"@id\":\"https:\/\/fundacion-biodiversidad.es\/en\/actualidad_home\/recognition-of-good-environmental-practices-on-our-coastline\/#primaryimage\",\"url\":\"https:\/\/fundacion-biodiversidad.es\/wp-content\/uploads\/2014\/10\/federico_ramos_premios_chiringuitos_responsables-scaled.jpg\",\"contentUrl\":\"https:\/\/fundacion-biodiversidad.es\/wp-content\/uploads\/2014\/10\/federico_ramos_premios_chiringuitos_responsables-scaled.jpg\",\"width\":2560,\"height\":1524},{\"@type\":\"BreadcrumbList\",\"@id\":\"https:\/\/fundacion-biodiversidad.es\/en\/actualidad_home\/recognition-of-good-environmental-practices-on-our-coastline\/#breadcrumb\",\"itemListElement\":[{\"@type\":\"ListItem\",\"position\":1,\"name\":\"Portada\",\"item\":\"https:\/\/fundacion-biodiversidad.es\/en\/inicio\/\"},{\"@type\":\"ListItem\",\"position\":2,\"name\":\"Noticias de actualidad\",\"item\":\"https:\/\/fundacion-biodiversidad.es\/en\/actualidad_home\/\"},{\"@type\":\"ListItem\",\"position\":3,\"name\":\"Recognition of good environmental practices on our coastline\"}]},{\"@type\":\"WebSite\",\"@id\":\"https:\/\/fundacion-biodiversidad.es\/en\/#website\",\"url\":\"https:\/\/fundacion-biodiversidad.es\/en\/\",\"name\":\"Fundaci\u00f3n Biodiversidad\",\"description\":\"Fundaci\u00f3n p\u00fablica adscrita al Ministerio para la Transici\u00f3n Ecol\u00f3gica\",\"potentialAction\":[{\"@type\":\"SearchAction\",\"target\":{\"@type\":\"EntryPoint\",\"urlTemplate\":\"https:\/\/fundacion-biodiversidad.es\/en\/?s={search_term_string}\"},\"query-input\":{\"@type\":\"PropertyValueSpecification\",\"valueRequired\":true,\"valueName\":\"search_term_string\"}}],\"inLanguage\":\"en-US\"}]}<\/script>\n<!-- \/ Yoast SEO plugin. -->","yoast_head_json":{"title":"Recognition of good environmental practices on our coastline - Fundaci\u00f3n Biodiversidad","robots":{"index":"index","follow":"follow","max-snippet":"max-snippet:-1","max-image-preview":"max-image-preview:large","max-video-preview":"max-video-preview:-1"},"canonical":"https:\/\/fundacion-biodiversidad.es\/en\/actualidad_home\/recognition-of-good-environmental-practices-on-our-coastline\/","og_locale":"en_US","og_type":"article","og_title":"Recognition of good environmental practices on our coastline - Fundaci\u00f3n Biodiversidad","og_description":"The Ministry of Agriculture, Food and the Environment has today presented the awards of the &#8220;III Edition of the Responsible Beach Bars Awards&#8220;, a program [&hellip;]","og_url":"https:\/\/fundacion-biodiversidad.es\/en\/actualidad_home\/recognition-of-good-environmental-practices-on-our-coastline\/","og_site_name":"Fundaci\u00f3n Biodiversidad","og_image":[{"width":720,"height":405,"url":"https:\/\/fundacion-biodiversidad.es\/wp-content\/uploads\/2023\/01\/2487661294_35330241_720x405.png","type":"image\/png"}],"twitter_card":"summary_large_image","twitter_misc":{"Est. reading time":"2 minutes"},"schema":{"@context":"https:\/\/schema.org","@graph":[{"@type":"WebPage","@id":"https:\/\/fundacion-biodiversidad.es\/en\/actualidad_home\/recognition-of-good-environmental-practices-on-our-coastline\/","url":"https:\/\/fundacion-biodiversidad.es\/en\/actualidad_home\/recognition-of-good-environmental-practices-on-our-coastline\/","name":"Recognition of good environmental practices on our coastline - Fundaci\u00f3n Biodiversidad","isPartOf":{"@id":"https:\/\/fundacion-biodiversidad.es\/en\/#website"},"primaryImageOfPage":{"@id":"https:\/\/fundacion-biodiversidad.es\/en\/actualidad_home\/recognition-of-good-environmental-practices-on-our-coastline\/#primaryimage"},"image":{"@id":"https:\/\/fundacion-biodiversidad.es\/en\/actualidad_home\/recognition-of-good-environmental-practices-on-our-coastline\/#primaryimage"},"thumbnailUrl":"https:\/\/fundacion-biodiversidad.es\/wp-content\/uploads\/2014\/10\/federico_ramos_premios_chiringuitos_responsables-scaled.jpg","datePublished":"2014-10-20T14:26:36+00:00","breadcrumb":{"@id":"https:\/\/fundacion-biodiversidad.es\/en\/actualidad_home\/recognition-of-good-environmental-practices-on-our-coastline\/#breadcrumb"},"inLanguage":"en-US","potentialAction":[{"@type":"ReadAction","target":["https:\/\/fundacion-biodiversidad.es\/en\/actualidad_home\/recognition-of-good-environmental-practices-on-our-coastline\/"]}]},{"@type":"ImageObject","inLanguage":"en-US","@id":"https:\/\/fundacion-biodiversidad.es\/en\/actualidad_home\/recognition-of-good-environmental-practices-on-our-coastline\/#primaryimage","url":"https:\/\/fundacion-biodiversidad.es\/wp-content\/uploads\/2014\/10\/federico_ramos_premios_chiringuitos_responsables-scaled.jpg","contentUrl":"https:\/\/fundacion-biodiversidad.es\/wp-content\/uploads\/2014\/10\/federico_ramos_premios_chiringuitos_responsables-scaled.jpg","width":2560,"height":1524},{"@type":"BreadcrumbList","@id":"https:\/\/fundacion-biodiversidad.es\/en\/actualidad_home\/recognition-of-good-environmental-practices-on-our-coastline\/#breadcrumb","itemListElement":[{"@type":"ListItem","position":1,"name":"Portada","item":"https:\/\/fundacion-biodiversidad.es\/en\/inicio\/"},{"@type":"ListItem","position":2,"name":"Noticias de actualidad","item":"https:\/\/fundacion-biodiversidad.es\/en\/actualidad_home\/"},{"@type":"ListItem","position":3,"name":"Recognition of good environmental practices on our coastline"}]},{"@type":"WebSite","@id":"https:\/\/fundacion-biodiversidad.es\/en\/#website","url":"https:\/\/fundacion-biodiversidad.es\/en\/","name":"Fundaci\u00f3n Biodiversidad","description":"Fundaci\u00f3n p\u00fablica adscrita al Ministerio para la Transici\u00f3n Ecol\u00f3gica","potentialAction":[{"@type":"SearchAction","target":{"@type":"EntryPoint","urlTemplate":"https:\/\/fundacion-biodiversidad.es\/en\/?s={search_term_string}"},"query-input":{"@type":"PropertyValueSpecification","valueRequired":true,"valueName":"search_term_string"}}],"inLanguage":"en-US"}]}},"_links":{"self":[{"href":"https:\/\/fundacion-biodiversidad.es\/en\/wp-json\/wp\/v2\/actualidad_home\/97857968","targetHints":{"allow":["GET"]}}],"collection":[{"href":"https:\/\/fundacion-biodiversidad.es\/en\/wp-json\/wp\/v2\/actualidad_home"}],"about":[{"href":"https:\/\/fundacion-biodiversidad.es\/en\/wp-json\/wp\/v2\/types\/actualidad_home"}],"author":[{"embeddable":true,"href":"https:\/\/fundacion-biodiversidad.es\/en\/wp-json\/wp\/v2\/users\/11"}],"wp:featuredmedia":[{"embeddable":true,"href":"https:\/\/fundacion-biodiversidad.es\/en\/wp-json\/wp\/v2\/media\/35491"}],"wp:attachment":[{"href":"https:\/\/fundacion-biodiversidad.es\/en\/wp-json\/wp\/v2\/media?parent=97857968"}],"wp:term":[{"taxonomy":"palabras_clave","embeddable":true,"href":"https:\/\/fundacion-biodiversidad.es\/en\/wp-json\/wp\/v2\/palabras_clave?post=97857968"}],"curies":[{"name":"wp","href":"https:\/\/api.w.org\/{rel}","templated":true}]}}