{"id":97857971,"date":"2014-10-14T13:01:27","date_gmt":"2014-10-14T11:01:27","guid":{"rendered":"https:\/\/fundacion-biodiversidad.es\/actualidad_home\/the-advisory-council-of-the-biodiversity-foundation-analyzes-the-challenges-of-the-entity-for-2015\/"},"modified":"2014-10-14T13:01:27","modified_gmt":"2014-10-14T11:01:27","slug":"the-advisory-council-of-the-biodiversity-foundation-analyzes-the-challenges-of-the-entity-for-2015","status":"publish","type":"actualidad_home","link":"https:\/\/fundacion-biodiversidad.es\/en\/actualidad_home\/the-advisory-council-of-the-biodiversity-foundation-analyzes-the-challenges-of-the-entity-for-2015\/","title":{"rendered":"The Advisory Council of the Biodiversity Foundation analyzes the challenges of the entity for 2015"},"content":{"rendered":"<p>The Advisory Council of the Biodiversity Foundation of the Ministry of Agriculture, Food and the Environment today held its third meeting since its creation. <!--more--> The <a href=\"http:\/\/fundacion-biodiversidad.es\/conocenos\/quienes-somos\" target=\"_blank\" rel=\"noopener\"><strong>Advisory Council<\/strong><\/a> of the Biodiversity Foundation of the Ministry of Agriculture, Food and the Environment held its third meeting today &#8211; the second this year &#8211; in which the strategic actions planned for 2015 were addressed, as well as the balance and assessment of those already undertaken in 2014. At the meeting, chaired by the Secretary of State for the Environment, Federico Ramos, special emphasis was placed on the<strong> promotion of green employment<\/strong> as one of the main drivers of the Foundation&#8217;s activity for 2015. <br \/>\n&nbsp;<br \/>  The members of the Advisory Council discussed the most important issues of the Biodiversity Foundation, such as the new <strong>Empleaverde Programme 2014-2020<\/strong>; the new programmes managed thanks to Community funds, such as the European Social Fund and the European Maritime and Fisheries Fund; or the new Biodiversity and Entrepreneurship Innovation Centre, which seeks to become a benchmark in green coworking in Spain.<\/p>\n<p>  The Empleaverde Programme 2014-2020, co-financed by the European Social Fund, has been assessed by the Advisory Board, and will constitute one of the main lines of work aimed at improving employment linked to the environment.<br \/>\n&nbsp;<br \/>  The actions framed in this line of work will focus on promoting green employment among the unemployed and young people. Likewise, <strong>support for green entrepreneurship<\/strong> will be reiterated, both for the unemployed with the intention of setting up a company and for those who have already started their project. <br \/>\n&nbsp;<br \/>  In this sense, another of the initiatives that the Advisory Council has positively valued has been the launch, in 2015, of a <strong>biodiversity and entrepreneurship innovation center<\/strong>. The center will house entrepreneurs and NGOs, using the space as a coworking area and different activities and events. It will also have a hospitality business specialising in organic gastronomy and an area of 80 m2 for events, as well as three multipurpose rooms.  <\/p>\n<p>  In addition to activities for 2015, the Council also commented on the activities carried out by the Biodiversity Foundation in 2014.  &nbsp;<br \/>\n&nbsp;<br \/>  With regard to environmental conservation actions, the recent presentation to the European Commission of the Integrated LIFE project for the management of the marine Natura 2000 Network stands out. This is an initiative that would significantly increase the effectiveness and size of the Natura 2000 Network. The identification of the project has been important from a collaborative point of view since it has received 116 contributions from almost 50 scientific, fisheries, conservationist and business organizations that have improved the proposal, in addition to 27 letters of support.  <br \/>\n&nbsp;<br \/>  The celebration of the awards ceremony corresponding to the <strong>III Edition of the Responsible Beach Bars<\/strong> and the <strong>II Edition of the Emprendeverde Network Awards<\/strong>, both scheduled for October and November, respectively, has also been discussed.<br \/>\n&nbsp;<br \/>  The Advisory Council of the Biodiversity Foundation is made up of <strong>15 professionals of recognized prestige<\/strong> in the environmental, scientific, business and communication fields, who participate voluntarily and altruistically.<br \/>\n&nbsp;<br \/>  This Council is made up of Antonio Abril, Valent\u00edn Alfaya, Juan Luis Arsuaga, Carmen Bieger, Juan Luis Cano, Carlos Duarte, Jos\u00e9 Luis de Miguel, Lynda Mansson, Xavier Pastor, Luis Rivera, Achim Steiner, Alicia Torrego, Fernando Valladares, V\u00edctor Vi\u00f1uales and Jeremy Wates.<br \/>\n&nbsp;<\/p>\n","protected":false},"author":11,"featured_media":0,"template":"","meta":{"_acf_changed":false},"palabras_clave":[],"class_list":["post-97857971","actualidad_home","type-actualidad_home","status-publish","hentry"],"acf":[],"yoast_head":"<!-- This site is optimized with the Yoast SEO plugin v26.9 - https:\/\/yoast.com\/product\/yoast-seo-wordpress\/ -->\n<title>The Advisory Council of the Biodiversity Foundation analyzes the challenges of the entity for 2015 - Fundaci\u00f3n Biodiversidad<\/title>\n<meta name=\"robots\" content=\"index, follow, max-snippet:-1, max-image-preview:large, max-video-preview:-1\" \/>\n<link rel=\"canonical\" href=\"https:\/\/fundacion-biodiversidad.es\/en\/actualidad_home\/the-advisory-council-of-the-biodiversity-foundation-analyzes-the-challenges-of-the-entity-for-2015\/\" \/>\n<meta property=\"og:locale\" content=\"en_US\" \/>\n<meta property=\"og:type\" content=\"article\" \/>\n<meta property=\"og:title\" content=\"The Advisory Council of the Biodiversity Foundation analyzes the challenges of the entity for 2015 - Fundaci\u00f3n Biodiversidad\" \/>\n<meta property=\"og:description\" content=\"The Advisory Council of the Biodiversity Foundation of the Ministry of Agriculture, Food and the Environment today held its third meeting since its creation.\" \/>\n<meta property=\"og:url\" content=\"https:\/\/fundacion-biodiversidad.es\/en\/actualidad_home\/the-advisory-council-of-the-biodiversity-foundation-analyzes-the-challenges-of-the-entity-for-2015\/\" \/>\n<meta property=\"og:site_name\" content=\"Fundaci\u00f3n Biodiversidad\" \/>\n<meta property=\"og:image\" content=\"https:\/\/fundacion-biodiversidad.es\/wp-content\/uploads\/2023\/01\/2487661294_35330241_720x405.png\" \/>\n\t<meta property=\"og:image:width\" content=\"720\" \/>\n\t<meta property=\"og:image:height\" content=\"405\" \/>\n\t<meta property=\"og:image:type\" content=\"image\/png\" \/>\n<meta name=\"twitter:card\" content=\"summary_large_image\" \/>\n<meta name=\"twitter:label1\" content=\"Est. reading time\" \/>\n\t<meta name=\"twitter:data1\" content=\"3 minutes\" \/>\n<script type=\"application\/ld+json\" class=\"yoast-schema-graph\">{\"@context\":\"https:\/\/schema.org\",\"@graph\":[{\"@type\":\"WebPage\",\"@id\":\"https:\/\/fundacion-biodiversidad.es\/en\/actualidad_home\/the-advisory-council-of-the-biodiversity-foundation-analyzes-the-challenges-of-the-entity-for-2015\/\",\"url\":\"https:\/\/fundacion-biodiversidad.es\/en\/actualidad_home\/the-advisory-council-of-the-biodiversity-foundation-analyzes-the-challenges-of-the-entity-for-2015\/\",\"name\":\"The Advisory Council of the Biodiversity Foundation analyzes the challenges of the entity for 2015 - Fundaci\u00f3n Biodiversidad\",\"isPartOf\":{\"@id\":\"https:\/\/fundacion-biodiversidad.es\/en\/#website\"},\"datePublished\":\"2014-10-14T11:01:27+00:00\",\"breadcrumb\":{\"@id\":\"https:\/\/fundacion-biodiversidad.es\/en\/actualidad_home\/the-advisory-council-of-the-biodiversity-foundation-analyzes-the-challenges-of-the-entity-for-2015\/#breadcrumb\"},\"inLanguage\":\"en-US\",\"potentialAction\":[{\"@type\":\"ReadAction\",\"target\":[\"https:\/\/fundacion-biodiversidad.es\/en\/actualidad_home\/the-advisory-council-of-the-biodiversity-foundation-analyzes-the-challenges-of-the-entity-for-2015\/\"]}]},{\"@type\":\"BreadcrumbList\",\"@id\":\"https:\/\/fundacion-biodiversidad.es\/en\/actualidad_home\/the-advisory-council-of-the-biodiversity-foundation-analyzes-the-challenges-of-the-entity-for-2015\/#breadcrumb\",\"itemListElement\":[{\"@type\":\"ListItem\",\"position\":1,\"name\":\"Portada\",\"item\":\"https:\/\/fundacion-biodiversidad.es\/en\/inicio\/\"},{\"@type\":\"ListItem\",\"position\":2,\"name\":\"Noticias de actualidad\",\"item\":\"https:\/\/fundacion-biodiversidad.es\/en\/actualidad_home\/\"},{\"@type\":\"ListItem\",\"position\":3,\"name\":\"The Advisory Council of the Biodiversity Foundation analyzes the challenges of the entity for 2015\"}]},{\"@type\":\"WebSite\",\"@id\":\"https:\/\/fundacion-biodiversidad.es\/en\/#website\",\"url\":\"https:\/\/fundacion-biodiversidad.es\/en\/\",\"name\":\"Fundaci\u00f3n Biodiversidad\",\"description\":\"Fundaci\u00f3n p\u00fablica adscrita al Ministerio para la Transici\u00f3n Ecol\u00f3gica\",\"potentialAction\":[{\"@type\":\"SearchAction\",\"target\":{\"@type\":\"EntryPoint\",\"urlTemplate\":\"https:\/\/fundacion-biodiversidad.es\/en\/?s={search_term_string}\"},\"query-input\":{\"@type\":\"PropertyValueSpecification\",\"valueRequired\":true,\"valueName\":\"search_term_string\"}}],\"inLanguage\":\"en-US\"}]}<\/script>\n<!-- \/ Yoast SEO plugin. -->","yoast_head_json":{"title":"The Advisory Council of the Biodiversity Foundation analyzes the challenges of the entity for 2015 - Fundaci\u00f3n Biodiversidad","robots":{"index":"index","follow":"follow","max-snippet":"max-snippet:-1","max-image-preview":"max-image-preview:large","max-video-preview":"max-video-preview:-1"},"canonical":"https:\/\/fundacion-biodiversidad.es\/en\/actualidad_home\/the-advisory-council-of-the-biodiversity-foundation-analyzes-the-challenges-of-the-entity-for-2015\/","og_locale":"en_US","og_type":"article","og_title":"The Advisory Council of the Biodiversity Foundation analyzes the challenges of the entity for 2015 - Fundaci\u00f3n Biodiversidad","og_description":"The Advisory Council of the Biodiversity Foundation of the Ministry of Agriculture, Food and the Environment today held its third meeting since its creation.","og_url":"https:\/\/fundacion-biodiversidad.es\/en\/actualidad_home\/the-advisory-council-of-the-biodiversity-foundation-analyzes-the-challenges-of-the-entity-for-2015\/","og_site_name":"Fundaci\u00f3n Biodiversidad","og_image":[{"width":720,"height":405,"url":"https:\/\/fundacion-biodiversidad.es\/wp-content\/uploads\/2023\/01\/2487661294_35330241_720x405.png","type":"image\/png"}],"twitter_card":"summary_large_image","twitter_misc":{"Est. reading time":"3 minutes"},"schema":{"@context":"https:\/\/schema.org","@graph":[{"@type":"WebPage","@id":"https:\/\/fundacion-biodiversidad.es\/en\/actualidad_home\/the-advisory-council-of-the-biodiversity-foundation-analyzes-the-challenges-of-the-entity-for-2015\/","url":"https:\/\/fundacion-biodiversidad.es\/en\/actualidad_home\/the-advisory-council-of-the-biodiversity-foundation-analyzes-the-challenges-of-the-entity-for-2015\/","name":"The Advisory Council of the Biodiversity Foundation analyzes the challenges of the entity for 2015 - Fundaci\u00f3n Biodiversidad","isPartOf":{"@id":"https:\/\/fundacion-biodiversidad.es\/en\/#website"},"datePublished":"2014-10-14T11:01:27+00:00","breadcrumb":{"@id":"https:\/\/fundacion-biodiversidad.es\/en\/actualidad_home\/the-advisory-council-of-the-biodiversity-foundation-analyzes-the-challenges-of-the-entity-for-2015\/#breadcrumb"},"inLanguage":"en-US","potentialAction":[{"@type":"ReadAction","target":["https:\/\/fundacion-biodiversidad.es\/en\/actualidad_home\/the-advisory-council-of-the-biodiversity-foundation-analyzes-the-challenges-of-the-entity-for-2015\/"]}]},{"@type":"BreadcrumbList","@id":"https:\/\/fundacion-biodiversidad.es\/en\/actualidad_home\/the-advisory-council-of-the-biodiversity-foundation-analyzes-the-challenges-of-the-entity-for-2015\/#breadcrumb","itemListElement":[{"@type":"ListItem","position":1,"name":"Portada","item":"https:\/\/fundacion-biodiversidad.es\/en\/inicio\/"},{"@type":"ListItem","position":2,"name":"Noticias de actualidad","item":"https:\/\/fundacion-biodiversidad.es\/en\/actualidad_home\/"},{"@type":"ListItem","position":3,"name":"The Advisory Council of the Biodiversity Foundation analyzes the challenges of the entity for 2015"}]},{"@type":"WebSite","@id":"https:\/\/fundacion-biodiversidad.es\/en\/#website","url":"https:\/\/fundacion-biodiversidad.es\/en\/","name":"Fundaci\u00f3n Biodiversidad","description":"Fundaci\u00f3n p\u00fablica adscrita al Ministerio para la Transici\u00f3n Ecol\u00f3gica","potentialAction":[{"@type":"SearchAction","target":{"@type":"EntryPoint","urlTemplate":"https:\/\/fundacion-biodiversidad.es\/en\/?s={search_term_string}"},"query-input":{"@type":"PropertyValueSpecification","valueRequired":true,"valueName":"search_term_string"}}],"inLanguage":"en-US"}]}},"_links":{"self":[{"href":"https:\/\/fundacion-biodiversidad.es\/en\/wp-json\/wp\/v2\/actualidad_home\/97857971","targetHints":{"allow":["GET"]}}],"collection":[{"href":"https:\/\/fundacion-biodiversidad.es\/en\/wp-json\/wp\/v2\/actualidad_home"}],"about":[{"href":"https:\/\/fundacion-biodiversidad.es\/en\/wp-json\/wp\/v2\/types\/actualidad_home"}],"author":[{"embeddable":true,"href":"https:\/\/fundacion-biodiversidad.es\/en\/wp-json\/wp\/v2\/users\/11"}],"wp:attachment":[{"href":"https:\/\/fundacion-biodiversidad.es\/en\/wp-json\/wp\/v2\/media?parent=97857971"}],"wp:term":[{"taxonomy":"palabras_clave","embeddable":true,"href":"https:\/\/fundacion-biodiversidad.es\/en\/wp-json\/wp\/v2\/palabras_clave?post=97857971"}],"curies":[{"name":"wp","href":"https:\/\/api.w.org\/{rel}","templated":true}]}}