{"id":97857972,"date":"2014-10-13T12:13:03","date_gmt":"2014-10-13T10:13:03","guid":{"rendered":"https:\/\/fundacion-biodiversidad.es\/actualidad_home\/the-jury-of-the-iii-edition-of-the-responsible-beach-bars-awards-meets\/"},"modified":"2014-10-13T12:13:03","modified_gmt":"2014-10-13T10:13:03","slug":"the-jury-of-the-iii-edition-of-the-responsible-beach-bars-awards-meets","status":"publish","type":"actualidad_home","link":"https:\/\/fundacion-biodiversidad.es\/en\/actualidad_home\/the-jury-of-the-iii-edition-of-the-responsible-beach-bars-awards-meets\/","title":{"rendered":"The Jury of the III Edition of the Responsible Beach Bars Awards meets"},"content":{"rendered":"<p>On September 15, the deadline for submitting candidacies to participate in the <a href=\"http:\/\/chiringuitosyvoluntarios.es\/premios-chiringuitos-responsables\/\" target=\"_blank\" rel=\"noopener\"><strong>III Edition of the Responsible Beach Bars Awards<\/strong><\/a> closed. In total, this year&#8217;s edition, which has the collaboration of <a href=\"http:\/\/fundacion-biodiversidad.com\/empresaybiodiversidad\/empresas-adheridas\/grupo-mahou-san-miguel\" target=\"_blank\" rel=\"noopener\"><strong>Mahou-San Miguel<\/strong><\/a>, has had the participation of<strong> 76 beach bars that have developed more than 300 initiatives<\/strong>, which have been assessed this morning at the meeting of the Jury of these Awards, which has met at the headquarters of the Biodiversity Foundation of the Ministry of Agriculture.  Food and Environment. <br \/>\n&nbsp;<br \/>  The Jury is <strong>chaired by the director of the Biodiversity Foundation, Sonia Casta\u00f1eda<\/strong>, and has among its members Pablo Saavedra, General Director of Sustainability of the Coast and the Sea of the Ministry, Beatriz Herrera, Manager of Corporate Responsibility of Mahou-San Miguel, Esther Garc\u00eda, General Director of Local Policies of the Spanish Federation of Municipalities and Provinces,  Pablo Navajo, Director of Training and Environment of the Spanish Red Cross, Jos\u00e9 Ram\u00f3n S\u00e1nchez, President of the Association of Environmental and Consumer Education, and Ignacio Torres, Deputy Director of the Biodiversity Foundation.<br \/>\n&nbsp;<br \/>  The Awards, which will be presented on<strong> <a href=\"http:\/\/fundacion-biodiversidad.es\/node\/8839\" target=\"_blank\" rel=\"noopener\">October 21<\/a><\/strong>, have a financial endowment of 7,000 euros, divided into three categories that reward the best environmental initiatives developed in these establishments and the promotion of good environmental practices.<br \/>\n&nbsp;<\/p>\n","protected":false},"author":11,"featured_media":35490,"template":"","meta":{"_acf_changed":false},"palabras_clave":[35,71,36,73,72],"class_list":["post-97857972","actualidad_home","type-actualidad_home","status-publish","has-post-thumbnail","hentry","palabras_clave-biodiversidad","palabras_clave-chiringuitos","palabras_clave-medio-ambiente","palabras_clave-responsables","palabras_clave-sostenible"],"acf":[],"yoast_head":"<!-- This site is optimized with the Yoast SEO plugin v26.9 - https:\/\/yoast.com\/product\/yoast-seo-wordpress\/ -->\n<title>The Jury of the III Edition of the Responsible Beach Bars Awards meets - Fundaci\u00f3n Biodiversidad<\/title>\n<meta name=\"robots\" content=\"index, follow, max-snippet:-1, max-image-preview:large, max-video-preview:-1\" \/>\n<link rel=\"canonical\" href=\"https:\/\/fundacion-biodiversidad.es\/en\/actualidad_home\/the-jury-of-the-iii-edition-of-the-responsible-beach-bars-awards-meets\/\" \/>\n<meta property=\"og:locale\" content=\"en_US\" \/>\n<meta property=\"og:type\" content=\"article\" \/>\n<meta property=\"og:title\" content=\"The Jury of the III Edition of the Responsible Beach Bars Awards meets - Fundaci\u00f3n Biodiversidad\" \/>\n<meta property=\"og:description\" content=\"On September 15, the deadline for submitting candidacies to participate in the III Edition of the Responsible Beach Bars Awards closed. In total, this year&#8217;s [&hellip;]\" \/>\n<meta property=\"og:url\" content=\"https:\/\/fundacion-biodiversidad.es\/en\/actualidad_home\/the-jury-of-the-iii-edition-of-the-responsible-beach-bars-awards-meets\/\" \/>\n<meta property=\"og:site_name\" content=\"Fundaci\u00f3n Biodiversidad\" \/>\n<meta property=\"og:image\" content=\"https:\/\/fundacion-biodiversidad.es\/wp-content\/uploads\/2023\/01\/2487661294_35330241_720x405.png\" \/>\n\t<meta property=\"og:image:width\" content=\"720\" \/>\n\t<meta property=\"og:image:height\" content=\"405\" \/>\n\t<meta property=\"og:image:type\" content=\"image\/png\" \/>\n<meta name=\"twitter:card\" content=\"summary_large_image\" \/>\n<meta name=\"twitter:label1\" content=\"Est. reading time\" \/>\n\t<meta name=\"twitter:data1\" content=\"1 minute\" \/>\n<script type=\"application\/ld+json\" class=\"yoast-schema-graph\">{\"@context\":\"https:\/\/schema.org\",\"@graph\":[{\"@type\":\"WebPage\",\"@id\":\"https:\/\/fundacion-biodiversidad.es\/en\/actualidad_home\/the-jury-of-the-iii-edition-of-the-responsible-beach-bars-awards-meets\/\",\"url\":\"https:\/\/fundacion-biodiversidad.es\/en\/actualidad_home\/the-jury-of-the-iii-edition-of-the-responsible-beach-bars-awards-meets\/\",\"name\":\"The Jury of the III Edition of the Responsible Beach Bars Awards meets - Fundaci\u00f3n Biodiversidad\",\"isPartOf\":{\"@id\":\"https:\/\/fundacion-biodiversidad.es\/en\/#website\"},\"primaryImageOfPage\":{\"@id\":\"https:\/\/fundacion-biodiversidad.es\/en\/actualidad_home\/the-jury-of-the-iii-edition-of-the-responsible-beach-bars-awards-meets\/#primaryimage\"},\"image\":{\"@id\":\"https:\/\/fundacion-biodiversidad.es\/en\/actualidad_home\/the-jury-of-the-iii-edition-of-the-responsible-beach-bars-awards-meets\/#primaryimage\"},\"thumbnailUrl\":\"https:\/\/fundacion-biodiversidad.es\/wp-content\/uploads\/2014\/10\/jurado_premios_chiringuitos_responsables-scaled.jpg\",\"datePublished\":\"2014-10-13T10:13:03+00:00\",\"breadcrumb\":{\"@id\":\"https:\/\/fundacion-biodiversidad.es\/en\/actualidad_home\/the-jury-of-the-iii-edition-of-the-responsible-beach-bars-awards-meets\/#breadcrumb\"},\"inLanguage\":\"en-US\",\"potentialAction\":[{\"@type\":\"ReadAction\",\"target\":[\"https:\/\/fundacion-biodiversidad.es\/en\/actualidad_home\/the-jury-of-the-iii-edition-of-the-responsible-beach-bars-awards-meets\/\"]}]},{\"@type\":\"ImageObject\",\"inLanguage\":\"en-US\",\"@id\":\"https:\/\/fundacion-biodiversidad.es\/en\/actualidad_home\/the-jury-of-the-iii-edition-of-the-responsible-beach-bars-awards-meets\/#primaryimage\",\"url\":\"https:\/\/fundacion-biodiversidad.es\/wp-content\/uploads\/2014\/10\/jurado_premios_chiringuitos_responsables-scaled.jpg\",\"contentUrl\":\"https:\/\/fundacion-biodiversidad.es\/wp-content\/uploads\/2014\/10\/jurado_premios_chiringuitos_responsables-scaled.jpg\",\"width\":2560,\"height\":1390},{\"@type\":\"BreadcrumbList\",\"@id\":\"https:\/\/fundacion-biodiversidad.es\/en\/actualidad_home\/the-jury-of-the-iii-edition-of-the-responsible-beach-bars-awards-meets\/#breadcrumb\",\"itemListElement\":[{\"@type\":\"ListItem\",\"position\":1,\"name\":\"Portada\",\"item\":\"https:\/\/fundacion-biodiversidad.es\/en\/inicio\/\"},{\"@type\":\"ListItem\",\"position\":2,\"name\":\"Noticias de actualidad\",\"item\":\"https:\/\/fundacion-biodiversidad.es\/en\/actualidad_home\/\"},{\"@type\":\"ListItem\",\"position\":3,\"name\":\"The Jury of the III Edition of the Responsible Beach Bars Awards meets\"}]},{\"@type\":\"WebSite\",\"@id\":\"https:\/\/fundacion-biodiversidad.es\/en\/#website\",\"url\":\"https:\/\/fundacion-biodiversidad.es\/en\/\",\"name\":\"Fundaci\u00f3n Biodiversidad\",\"description\":\"Fundaci\u00f3n p\u00fablica adscrita al Ministerio para la Transici\u00f3n Ecol\u00f3gica\",\"potentialAction\":[{\"@type\":\"SearchAction\",\"target\":{\"@type\":\"EntryPoint\",\"urlTemplate\":\"https:\/\/fundacion-biodiversidad.es\/en\/?s={search_term_string}\"},\"query-input\":{\"@type\":\"PropertyValueSpecification\",\"valueRequired\":true,\"valueName\":\"search_term_string\"}}],\"inLanguage\":\"en-US\"}]}<\/script>\n<!-- \/ Yoast SEO plugin. -->","yoast_head_json":{"title":"The Jury of the III Edition of the Responsible Beach Bars Awards meets - Fundaci\u00f3n Biodiversidad","robots":{"index":"index","follow":"follow","max-snippet":"max-snippet:-1","max-image-preview":"max-image-preview:large","max-video-preview":"max-video-preview:-1"},"canonical":"https:\/\/fundacion-biodiversidad.es\/en\/actualidad_home\/the-jury-of-the-iii-edition-of-the-responsible-beach-bars-awards-meets\/","og_locale":"en_US","og_type":"article","og_title":"The Jury of the III Edition of the Responsible Beach Bars Awards meets - Fundaci\u00f3n Biodiversidad","og_description":"On September 15, the deadline for submitting candidacies to participate in the III Edition of the Responsible Beach Bars Awards closed. In total, this year&#8217;s [&hellip;]","og_url":"https:\/\/fundacion-biodiversidad.es\/en\/actualidad_home\/the-jury-of-the-iii-edition-of-the-responsible-beach-bars-awards-meets\/","og_site_name":"Fundaci\u00f3n Biodiversidad","og_image":[{"width":720,"height":405,"url":"https:\/\/fundacion-biodiversidad.es\/wp-content\/uploads\/2023\/01\/2487661294_35330241_720x405.png","type":"image\/png"}],"twitter_card":"summary_large_image","twitter_misc":{"Est. reading time":"1 minute"},"schema":{"@context":"https:\/\/schema.org","@graph":[{"@type":"WebPage","@id":"https:\/\/fundacion-biodiversidad.es\/en\/actualidad_home\/the-jury-of-the-iii-edition-of-the-responsible-beach-bars-awards-meets\/","url":"https:\/\/fundacion-biodiversidad.es\/en\/actualidad_home\/the-jury-of-the-iii-edition-of-the-responsible-beach-bars-awards-meets\/","name":"The Jury of the III Edition of the Responsible Beach Bars Awards meets - Fundaci\u00f3n Biodiversidad","isPartOf":{"@id":"https:\/\/fundacion-biodiversidad.es\/en\/#website"},"primaryImageOfPage":{"@id":"https:\/\/fundacion-biodiversidad.es\/en\/actualidad_home\/the-jury-of-the-iii-edition-of-the-responsible-beach-bars-awards-meets\/#primaryimage"},"image":{"@id":"https:\/\/fundacion-biodiversidad.es\/en\/actualidad_home\/the-jury-of-the-iii-edition-of-the-responsible-beach-bars-awards-meets\/#primaryimage"},"thumbnailUrl":"https:\/\/fundacion-biodiversidad.es\/wp-content\/uploads\/2014\/10\/jurado_premios_chiringuitos_responsables-scaled.jpg","datePublished":"2014-10-13T10:13:03+00:00","breadcrumb":{"@id":"https:\/\/fundacion-biodiversidad.es\/en\/actualidad_home\/the-jury-of-the-iii-edition-of-the-responsible-beach-bars-awards-meets\/#breadcrumb"},"inLanguage":"en-US","potentialAction":[{"@type":"ReadAction","target":["https:\/\/fundacion-biodiversidad.es\/en\/actualidad_home\/the-jury-of-the-iii-edition-of-the-responsible-beach-bars-awards-meets\/"]}]},{"@type":"ImageObject","inLanguage":"en-US","@id":"https:\/\/fundacion-biodiversidad.es\/en\/actualidad_home\/the-jury-of-the-iii-edition-of-the-responsible-beach-bars-awards-meets\/#primaryimage","url":"https:\/\/fundacion-biodiversidad.es\/wp-content\/uploads\/2014\/10\/jurado_premios_chiringuitos_responsables-scaled.jpg","contentUrl":"https:\/\/fundacion-biodiversidad.es\/wp-content\/uploads\/2014\/10\/jurado_premios_chiringuitos_responsables-scaled.jpg","width":2560,"height":1390},{"@type":"BreadcrumbList","@id":"https:\/\/fundacion-biodiversidad.es\/en\/actualidad_home\/the-jury-of-the-iii-edition-of-the-responsible-beach-bars-awards-meets\/#breadcrumb","itemListElement":[{"@type":"ListItem","position":1,"name":"Portada","item":"https:\/\/fundacion-biodiversidad.es\/en\/inicio\/"},{"@type":"ListItem","position":2,"name":"Noticias de actualidad","item":"https:\/\/fundacion-biodiversidad.es\/en\/actualidad_home\/"},{"@type":"ListItem","position":3,"name":"The Jury of the III Edition of the Responsible Beach Bars Awards meets"}]},{"@type":"WebSite","@id":"https:\/\/fundacion-biodiversidad.es\/en\/#website","url":"https:\/\/fundacion-biodiversidad.es\/en\/","name":"Fundaci\u00f3n Biodiversidad","description":"Fundaci\u00f3n p\u00fablica adscrita al Ministerio para la Transici\u00f3n Ecol\u00f3gica","potentialAction":[{"@type":"SearchAction","target":{"@type":"EntryPoint","urlTemplate":"https:\/\/fundacion-biodiversidad.es\/en\/?s={search_term_string}"},"query-input":{"@type":"PropertyValueSpecification","valueRequired":true,"valueName":"search_term_string"}}],"inLanguage":"en-US"}]}},"_links":{"self":[{"href":"https:\/\/fundacion-biodiversidad.es\/en\/wp-json\/wp\/v2\/actualidad_home\/97857972","targetHints":{"allow":["GET"]}}],"collection":[{"href":"https:\/\/fundacion-biodiversidad.es\/en\/wp-json\/wp\/v2\/actualidad_home"}],"about":[{"href":"https:\/\/fundacion-biodiversidad.es\/en\/wp-json\/wp\/v2\/types\/actualidad_home"}],"author":[{"embeddable":true,"href":"https:\/\/fundacion-biodiversidad.es\/en\/wp-json\/wp\/v2\/users\/11"}],"wp:featuredmedia":[{"embeddable":true,"href":"https:\/\/fundacion-biodiversidad.es\/en\/wp-json\/wp\/v2\/media\/35490"}],"wp:attachment":[{"href":"https:\/\/fundacion-biodiversidad.es\/en\/wp-json\/wp\/v2\/media?parent=97857972"}],"wp:term":[{"taxonomy":"palabras_clave","embeddable":true,"href":"https:\/\/fundacion-biodiversidad.es\/en\/wp-json\/wp\/v2\/palabras_clave?post=97857972"}],"curies":[{"name":"wp","href":"https:\/\/api.w.org\/{rel}","templated":true}]}}