{"id":97857974,"date":"2014-10-10T12:53:07","date_gmt":"2014-10-10T10:53:07","guid":{"rendered":"https:\/\/fundacion-biodiversidad.es\/actualidad_home\/the-biodiversity-foundation-presents-an-integrative-and-participatory-project-to-consolidate-a-network-of-natura-2000-marine-areas\/"},"modified":"2014-10-10T12:53:07","modified_gmt":"2014-10-10T10:53:07","slug":"the-biodiversity-foundation-presents-an-integrative-and-participatory-project-to-consolidate-a-network-of-natura-2000-marine-areas","status":"publish","type":"actualidad_home","link":"https:\/\/fundacion-biodiversidad.es\/en\/actualidad_home\/the-biodiversity-foundation-presents-an-integrative-and-participatory-project-to-consolidate-a-network-of-natura-2000-marine-areas\/","title":{"rendered":"The Biodiversity Foundation presents an integrative and participatory project to consolidate a network of Natura 2000 marine areas"},"content":{"rendered":"<p>The Biodiversity Foundation of the Ministry of Agriculture, Food and the Environment, has delivered to the European Commission the project <a href=\"https:\/\/fundacion-biodiversidad.es\/wp-content\/uploads\/2014\/10\/PI_Nota-Conceptual_FINAL-ESP.pdf\"><strong>&#8220;Integrated, innovative and participatory management of the Natura 2000 Network in the marine environment (LIFE IP-PAF INTEMARES)&#8221;,<\/strong><\/a> within the framework of the LIFE 2014 call. It is the result of several months of work and <strong>116 contributions from almost 50<\/strong> scientific, fisheries, conservationist and business organizations that have improved the final proposal. It has been an innovative process of contributions to the identification of a project. In addition, <strong>27 letters of support<\/strong> have been received.<\/p>\n<p> The project, whose development approach covers from 2015 to 2021, has as initial partners the <strong><a href=\"http:\/\/www.magrama.gob.es\/es\/\" target=\"_blank\" rel=\"noopener\">Ministry of Agriculture, Food and Environment<\/a>, the Spanish Institute of Oceanography and the TRAGSA group<\/strong>, although mechanisms have been planned to incorporate new partners throughout the project. In addition, a Technical-Scientific Committee and a Social Committee have been planned, with the aim of increasing the participation of third parties in the project.    <\/p>\n<p>  The project, which addresses the execution of more than <strong>80 actions<\/strong>, has the general objective of developing the <a href=\"http:\/\/www.prioridadrednatura2000.es\/\" target=\"_blank\" rel=\"noopener\"><strong>Framework of Priority Action in the Natura 2000 Network<\/strong><\/a> in the marine environment of state competence and to ensure that, by its completion in 2021, the Spanish State has a consolidated Network of Natura 2000 marine areas managed in an effective and integrated way.  with the active participation of the sectors involved, with research as a basic tool for decision-making and under the opportunity to contribute to a development model based on sustainability and innovation.<\/p>\n<p>  The actions proposed in the project address various aspects of the management of the marine environment, such as the development of management plans for designated areas, monitoring and surveillance through new technologies, governance in the marine environment, conservation and restoration of habitats and species, training and public dissemination and awareness.<\/p>\n<p>  These actions will be complemented by others financed by various European funds (European Social Fund and European Maritime Fisheries Fund), such as training for sea users, the promotion of entrepreneurship in the marine environment, the diversification of income of the various business sectors or the adaptation of fishing activities to the fulfilment of the objectives of the <a href=\"http:\/\/www.prioridadrednatura2000.es\/el-proyecto\/red-natura-2000\/\" target=\"_blank\" rel=\"noopener\"><strong>Natura 2000 Network<\/strong><\/a>.<\/p>\n<p>  From now on, the proposal will be submitted to the European Commission for evaluation and, if selected, would begin in October 2015.<br \/>\n&nbsp;<\/p>\n","protected":false},"author":11,"featured_media":35487,"template":"","meta":{"_acf_changed":false},"palabras_clave":[35,68,70,69],"class_list":["post-97857974","actualidad_home","type-actualidad_home","status-publish","has-post-thumbnail","hentry","palabras_clave-biodiversidad","palabras_clave-intemares","palabras_clave-marino","palabras_clave-proyecto-integrado"],"acf":[],"yoast_head":"<!-- This site is optimized with the Yoast SEO plugin v26.9 - https:\/\/yoast.com\/product\/yoast-seo-wordpress\/ -->\n<title>The Biodiversity Foundation presents an integrative and participatory project to consolidate a network of Natura 2000 marine areas - Fundaci\u00f3n Biodiversidad<\/title>\n<meta name=\"robots\" content=\"index, follow, max-snippet:-1, max-image-preview:large, max-video-preview:-1\" \/>\n<link rel=\"canonical\" href=\"https:\/\/fundacion-biodiversidad.es\/en\/actualidad_home\/the-biodiversity-foundation-presents-an-integrative-and-participatory-project-to-consolidate-a-network-of-natura-2000-marine-areas\/\" \/>\n<meta property=\"og:locale\" content=\"en_US\" \/>\n<meta property=\"og:type\" content=\"article\" \/>\n<meta property=\"og:title\" content=\"The Biodiversity Foundation presents an integrative and participatory project to consolidate a network of Natura 2000 marine areas - Fundaci\u00f3n Biodiversidad\" \/>\n<meta property=\"og:description\" content=\"The Biodiversity Foundation of the Ministry of Agriculture, Food and the Environment, has delivered to the European Commission the project &#8220;Integrated, innovative and participatory management [&hellip;]\" \/>\n<meta property=\"og:url\" content=\"https:\/\/fundacion-biodiversidad.es\/en\/actualidad_home\/the-biodiversity-foundation-presents-an-integrative-and-participatory-project-to-consolidate-a-network-of-natura-2000-marine-areas\/\" \/>\n<meta property=\"og:site_name\" content=\"Fundaci\u00f3n Biodiversidad\" \/>\n<meta property=\"og:image\" content=\"https:\/\/fundacion-biodiversidad.es\/wp-content\/uploads\/2023\/01\/2487661294_35330241_720x405.png\" \/>\n\t<meta property=\"og:image:width\" content=\"720\" \/>\n\t<meta property=\"og:image:height\" content=\"405\" \/>\n\t<meta property=\"og:image:type\" content=\"image\/png\" \/>\n<meta name=\"twitter:card\" content=\"summary_large_image\" \/>\n<meta name=\"twitter:label1\" content=\"Est. reading time\" \/>\n\t<meta name=\"twitter:data1\" content=\"2 minutes\" \/>\n<script type=\"application\/ld+json\" class=\"yoast-schema-graph\">{\"@context\":\"https:\/\/schema.org\",\"@graph\":[{\"@type\":\"WebPage\",\"@id\":\"https:\/\/fundacion-biodiversidad.es\/en\/actualidad_home\/the-biodiversity-foundation-presents-an-integrative-and-participatory-project-to-consolidate-a-network-of-natura-2000-marine-areas\/\",\"url\":\"https:\/\/fundacion-biodiversidad.es\/en\/actualidad_home\/the-biodiversity-foundation-presents-an-integrative-and-participatory-project-to-consolidate-a-network-of-natura-2000-marine-areas\/\",\"name\":\"The Biodiversity Foundation presents an integrative and participatory project to consolidate a network of Natura 2000 marine areas - Fundaci\u00f3n Biodiversidad\",\"isPartOf\":{\"@id\":\"https:\/\/fundacion-biodiversidad.es\/en\/#website\"},\"primaryImageOfPage\":{\"@id\":\"https:\/\/fundacion-biodiversidad.es\/en\/actualidad_home\/the-biodiversity-foundation-presents-an-integrative-and-participatory-project-to-consolidate-a-network-of-natura-2000-marine-areas\/#primaryimage\"},\"image\":{\"@id\":\"https:\/\/fundacion-biodiversidad.es\/en\/actualidad_home\/the-biodiversity-foundation-presents-an-integrative-and-participatory-project-to-consolidate-a-network-of-natura-2000-marine-areas\/#primaryimage\"},\"thumbnailUrl\":\"https:\/\/fundacion-biodiversidad.es\/wp-content\/uploads\/2014\/10\/isla_de_alboran_juanbecares_20070518_dsc_8167_.jpg\",\"datePublished\":\"2014-10-10T10:53:07+00:00\",\"breadcrumb\":{\"@id\":\"https:\/\/fundacion-biodiversidad.es\/en\/actualidad_home\/the-biodiversity-foundation-presents-an-integrative-and-participatory-project-to-consolidate-a-network-of-natura-2000-marine-areas\/#breadcrumb\"},\"inLanguage\":\"en-US\",\"potentialAction\":[{\"@type\":\"ReadAction\",\"target\":[\"https:\/\/fundacion-biodiversidad.es\/en\/actualidad_home\/the-biodiversity-foundation-presents-an-integrative-and-participatory-project-to-consolidate-a-network-of-natura-2000-marine-areas\/\"]}]},{\"@type\":\"ImageObject\",\"inLanguage\":\"en-US\",\"@id\":\"https:\/\/fundacion-biodiversidad.es\/en\/actualidad_home\/the-biodiversity-foundation-presents-an-integrative-and-participatory-project-to-consolidate-a-network-of-natura-2000-marine-areas\/#primaryimage\",\"url\":\"https:\/\/fundacion-biodiversidad.es\/wp-content\/uploads\/2014\/10\/isla_de_alboran_juanbecares_20070518_dsc_8167_.jpg\",\"contentUrl\":\"https:\/\/fundacion-biodiversidad.es\/wp-content\/uploads\/2014\/10\/isla_de_alboran_juanbecares_20070518_dsc_8167_.jpg\",\"width\":800,\"height\":532},{\"@type\":\"BreadcrumbList\",\"@id\":\"https:\/\/fundacion-biodiversidad.es\/en\/actualidad_home\/the-biodiversity-foundation-presents-an-integrative-and-participatory-project-to-consolidate-a-network-of-natura-2000-marine-areas\/#breadcrumb\",\"itemListElement\":[{\"@type\":\"ListItem\",\"position\":1,\"name\":\"Portada\",\"item\":\"https:\/\/fundacion-biodiversidad.es\/en\/inicio\/\"},{\"@type\":\"ListItem\",\"position\":2,\"name\":\"Noticias de actualidad\",\"item\":\"https:\/\/fundacion-biodiversidad.es\/en\/actualidad_home\/\"},{\"@type\":\"ListItem\",\"position\":3,\"name\":\"The Biodiversity Foundation presents an integrative and participatory project to consolidate a network of Natura 2000 marine areas\"}]},{\"@type\":\"WebSite\",\"@id\":\"https:\/\/fundacion-biodiversidad.es\/en\/#website\",\"url\":\"https:\/\/fundacion-biodiversidad.es\/en\/\",\"name\":\"Fundaci\u00f3n Biodiversidad\",\"description\":\"Fundaci\u00f3n p\u00fablica adscrita al Ministerio para la Transici\u00f3n Ecol\u00f3gica\",\"potentialAction\":[{\"@type\":\"SearchAction\",\"target\":{\"@type\":\"EntryPoint\",\"urlTemplate\":\"https:\/\/fundacion-biodiversidad.es\/en\/?s={search_term_string}\"},\"query-input\":{\"@type\":\"PropertyValueSpecification\",\"valueRequired\":true,\"valueName\":\"search_term_string\"}}],\"inLanguage\":\"en-US\"}]}<\/script>\n<!-- \/ Yoast SEO plugin. -->","yoast_head_json":{"title":"The Biodiversity Foundation presents an integrative and participatory project to consolidate a network of Natura 2000 marine areas - Fundaci\u00f3n Biodiversidad","robots":{"index":"index","follow":"follow","max-snippet":"max-snippet:-1","max-image-preview":"max-image-preview:large","max-video-preview":"max-video-preview:-1"},"canonical":"https:\/\/fundacion-biodiversidad.es\/en\/actualidad_home\/the-biodiversity-foundation-presents-an-integrative-and-participatory-project-to-consolidate-a-network-of-natura-2000-marine-areas\/","og_locale":"en_US","og_type":"article","og_title":"The Biodiversity Foundation presents an integrative and participatory project to consolidate a network of Natura 2000 marine areas - Fundaci\u00f3n Biodiversidad","og_description":"The Biodiversity Foundation of the Ministry of Agriculture, Food and the Environment, has delivered to the European Commission the project &#8220;Integrated, innovative and participatory management [&hellip;]","og_url":"https:\/\/fundacion-biodiversidad.es\/en\/actualidad_home\/the-biodiversity-foundation-presents-an-integrative-and-participatory-project-to-consolidate-a-network-of-natura-2000-marine-areas\/","og_site_name":"Fundaci\u00f3n Biodiversidad","og_image":[{"width":720,"height":405,"url":"https:\/\/fundacion-biodiversidad.es\/wp-content\/uploads\/2023\/01\/2487661294_35330241_720x405.png","type":"image\/png"}],"twitter_card":"summary_large_image","twitter_misc":{"Est. reading time":"2 minutes"},"schema":{"@context":"https:\/\/schema.org","@graph":[{"@type":"WebPage","@id":"https:\/\/fundacion-biodiversidad.es\/en\/actualidad_home\/the-biodiversity-foundation-presents-an-integrative-and-participatory-project-to-consolidate-a-network-of-natura-2000-marine-areas\/","url":"https:\/\/fundacion-biodiversidad.es\/en\/actualidad_home\/the-biodiversity-foundation-presents-an-integrative-and-participatory-project-to-consolidate-a-network-of-natura-2000-marine-areas\/","name":"The Biodiversity Foundation presents an integrative and participatory project to consolidate a network of Natura 2000 marine areas - Fundaci\u00f3n Biodiversidad","isPartOf":{"@id":"https:\/\/fundacion-biodiversidad.es\/en\/#website"},"primaryImageOfPage":{"@id":"https:\/\/fundacion-biodiversidad.es\/en\/actualidad_home\/the-biodiversity-foundation-presents-an-integrative-and-participatory-project-to-consolidate-a-network-of-natura-2000-marine-areas\/#primaryimage"},"image":{"@id":"https:\/\/fundacion-biodiversidad.es\/en\/actualidad_home\/the-biodiversity-foundation-presents-an-integrative-and-participatory-project-to-consolidate-a-network-of-natura-2000-marine-areas\/#primaryimage"},"thumbnailUrl":"https:\/\/fundacion-biodiversidad.es\/wp-content\/uploads\/2014\/10\/isla_de_alboran_juanbecares_20070518_dsc_8167_.jpg","datePublished":"2014-10-10T10:53:07+00:00","breadcrumb":{"@id":"https:\/\/fundacion-biodiversidad.es\/en\/actualidad_home\/the-biodiversity-foundation-presents-an-integrative-and-participatory-project-to-consolidate-a-network-of-natura-2000-marine-areas\/#breadcrumb"},"inLanguage":"en-US","potentialAction":[{"@type":"ReadAction","target":["https:\/\/fundacion-biodiversidad.es\/en\/actualidad_home\/the-biodiversity-foundation-presents-an-integrative-and-participatory-project-to-consolidate-a-network-of-natura-2000-marine-areas\/"]}]},{"@type":"ImageObject","inLanguage":"en-US","@id":"https:\/\/fundacion-biodiversidad.es\/en\/actualidad_home\/the-biodiversity-foundation-presents-an-integrative-and-participatory-project-to-consolidate-a-network-of-natura-2000-marine-areas\/#primaryimage","url":"https:\/\/fundacion-biodiversidad.es\/wp-content\/uploads\/2014\/10\/isla_de_alboran_juanbecares_20070518_dsc_8167_.jpg","contentUrl":"https:\/\/fundacion-biodiversidad.es\/wp-content\/uploads\/2014\/10\/isla_de_alboran_juanbecares_20070518_dsc_8167_.jpg","width":800,"height":532},{"@type":"BreadcrumbList","@id":"https:\/\/fundacion-biodiversidad.es\/en\/actualidad_home\/the-biodiversity-foundation-presents-an-integrative-and-participatory-project-to-consolidate-a-network-of-natura-2000-marine-areas\/#breadcrumb","itemListElement":[{"@type":"ListItem","position":1,"name":"Portada","item":"https:\/\/fundacion-biodiversidad.es\/en\/inicio\/"},{"@type":"ListItem","position":2,"name":"Noticias de actualidad","item":"https:\/\/fundacion-biodiversidad.es\/en\/actualidad_home\/"},{"@type":"ListItem","position":3,"name":"The Biodiversity Foundation presents an integrative and participatory project to consolidate a network of Natura 2000 marine areas"}]},{"@type":"WebSite","@id":"https:\/\/fundacion-biodiversidad.es\/en\/#website","url":"https:\/\/fundacion-biodiversidad.es\/en\/","name":"Fundaci\u00f3n Biodiversidad","description":"Fundaci\u00f3n p\u00fablica adscrita al Ministerio para la Transici\u00f3n Ecol\u00f3gica","potentialAction":[{"@type":"SearchAction","target":{"@type":"EntryPoint","urlTemplate":"https:\/\/fundacion-biodiversidad.es\/en\/?s={search_term_string}"},"query-input":{"@type":"PropertyValueSpecification","valueRequired":true,"valueName":"search_term_string"}}],"inLanguage":"en-US"}]}},"_links":{"self":[{"href":"https:\/\/fundacion-biodiversidad.es\/en\/wp-json\/wp\/v2\/actualidad_home\/97857974","targetHints":{"allow":["GET"]}}],"collection":[{"href":"https:\/\/fundacion-biodiversidad.es\/en\/wp-json\/wp\/v2\/actualidad_home"}],"about":[{"href":"https:\/\/fundacion-biodiversidad.es\/en\/wp-json\/wp\/v2\/types\/actualidad_home"}],"author":[{"embeddable":true,"href":"https:\/\/fundacion-biodiversidad.es\/en\/wp-json\/wp\/v2\/users\/11"}],"wp:featuredmedia":[{"embeddable":true,"href":"https:\/\/fundacion-biodiversidad.es\/en\/wp-json\/wp\/v2\/media\/35487"}],"wp:attachment":[{"href":"https:\/\/fundacion-biodiversidad.es\/en\/wp-json\/wp\/v2\/media?parent=97857974"}],"wp:term":[{"taxonomy":"palabras_clave","embeddable":true,"href":"https:\/\/fundacion-biodiversidad.es\/en\/wp-json\/wp\/v2\/palabras_clave?post=97857974"}],"curies":[{"name":"wp","href":"https:\/\/api.w.org\/{rel}","templated":true}]}}