{"id":97857975,"date":"2014-10-05T09:00:00","date_gmt":"2014-10-05T07:00:00","guid":{"rendered":"https:\/\/fundacion-biodiversidad.es\/actualidad_home\/the-red-emprendeverde-protagonist-in-the-south-summit\/"},"modified":"2014-10-05T09:00:00","modified_gmt":"2014-10-05T07:00:00","slug":"the-red-emprendeverde-protagonist-in-the-south-summit","status":"publish","type":"actualidad_home","link":"https:\/\/fundacion-biodiversidad.es\/en\/actualidad_home\/the-red-emprendeverde-protagonist-in-the-south-summit\/","title":{"rendered":"The Red emprendeverde protagonist in &#8220;The South Summit&#8221;"},"content":{"rendered":"<p>From October 8 to 10, <strong>&#8220;The South Summit&#8221;<\/strong> will be held in Madrid, organized by Spain Startup, the <strong>largest meeting point for startups<\/strong>, international investors and leading innovation corporations with which to reach agreements and develop business. In addition to legal advisors and entities that support entrepreneurial projects.<\/p>\n<p> The Ministry of Agriculture, Food and the Environment, through the Biodiversity Foundation, participates in the <a href=\"http:\/\/spain-startup.com\/market-place\/?lang=es\" target=\"_blank\" rel=\"noopener\"><strong>Market-place <\/strong><\/a>with a stand where an <a href=\"http:\/\/www.redemprendeverde.es\/pg\/file\/read\/56000\/agenda-actividades-en-marketplace-the-south-summit\" target=\"_blank\" rel=\"noopener\"><strong>agenda<\/strong><\/a> of activities is planned. In the morning with presentations of a selection of products from green entrepreneurs. In the afternoon with several investors from the Emprendeverde Network available to entrepreneurs to personally learn about their queries and projects.   <\/p>\n<p>  At &#8220;The South Summit&#8221; the INCYDE Foundation organizes &#8220;Startup School&#8221; with more than 20 workshops on key topics for the success of your project. The Biodiversity Foundation will give the workshop &#8220;Business opportunities in the green economy&#8221;.<\/p>\n<p> Members of the <a href=\"http:\/\/www.redemprendeverde.es\/pg\/news\/admin\/read\/56005\/quieres-asistir-a-spain-startup-the-south-summit---prximo-810-de-octubre\" target=\"_blank\" rel=\"noopener\"><strong>Emprendeverde Network<\/strong><\/a> have a <a href=\"https:\/\/tickets.spain-startup.com\/?lang=es\" target=\"_blank\" rel=\"noopener\"><strong>30% discount<\/strong><\/a> on the final price of the ticket by entering the following code: SSFBIOD30. In addition, because you are under 30 years old you can participate for free in the INCYDE Startup School and have free access to the Spain Startup. To do this, it is necessary to fill out a <a href=\"http:\/\/www.incyde.org\/startup\/start-up-school-inspiracion-habilidades-y-recursos-para-emprender\" target=\"_blank\" rel=\"noopener\"><strong>registration form<\/strong><\/a>.<\/p>\n<p> The Emprendeverde Network is an initiative of the Biodiversity Foundation to promote the creation and consolidation of companies or new lines of business in activities related to the environment and channel investment towards sustainable economic activities.   <\/p>\n<p>&nbsp;<\/p>\n","protected":false},"author":11,"featured_media":35483,"template":"","meta":{"_acf_changed":false},"palabras_clave":[35,54,53,55],"class_list":["post-97857975","actualidad_home","type-actualidad_home","status-publish","has-post-thumbnail","hentry","palabras_clave-biodiversidad","palabras_clave-economia-verde","palabras_clave-emprendeverde","palabras_clave-emprendimiento"],"acf":[],"yoast_head":"<!-- This site is optimized with the Yoast SEO plugin v26.9 - https:\/\/yoast.com\/product\/yoast-seo-wordpress\/ -->\n<title>The Red emprendeverde protagonist in &quot;The South Summit&quot; - Fundaci\u00f3n Biodiversidad<\/title>\n<meta name=\"robots\" content=\"index, follow, max-snippet:-1, max-image-preview:large, max-video-preview:-1\" \/>\n<link rel=\"canonical\" href=\"https:\/\/fundacion-biodiversidad.es\/en\/actualidad_home\/the-red-emprendeverde-protagonist-in-the-south-summit\/\" \/>\n<meta property=\"og:locale\" content=\"en_US\" \/>\n<meta property=\"og:type\" content=\"article\" \/>\n<meta property=\"og:title\" content=\"The Red emprendeverde protagonist in &quot;The South Summit&quot; - Fundaci\u00f3n Biodiversidad\" \/>\n<meta property=\"og:description\" content=\"From October 8 to 10, &#8220;The South Summit&#8221; will be held in Madrid, organized by Spain Startup, the largest meeting point for startups, international investors [&hellip;]\" \/>\n<meta property=\"og:url\" content=\"https:\/\/fundacion-biodiversidad.es\/en\/actualidad_home\/the-red-emprendeverde-protagonist-in-the-south-summit\/\" \/>\n<meta property=\"og:site_name\" content=\"Fundaci\u00f3n Biodiversidad\" \/>\n<meta property=\"og:image\" content=\"https:\/\/fundacion-biodiversidad.es\/wp-content\/uploads\/2023\/01\/2487661294_35330241_720x405.png\" \/>\n\t<meta property=\"og:image:width\" content=\"720\" \/>\n\t<meta property=\"og:image:height\" content=\"405\" \/>\n\t<meta property=\"og:image:type\" content=\"image\/png\" \/>\n<meta name=\"twitter:card\" content=\"summary_large_image\" \/>\n<meta name=\"twitter:label1\" content=\"Est. reading time\" \/>\n\t<meta name=\"twitter:data1\" content=\"1 minute\" \/>\n<script type=\"application\/ld+json\" class=\"yoast-schema-graph\">{\"@context\":\"https:\/\/schema.org\",\"@graph\":[{\"@type\":\"WebPage\",\"@id\":\"https:\/\/fundacion-biodiversidad.es\/en\/actualidad_home\/the-red-emprendeverde-protagonist-in-the-south-summit\/\",\"url\":\"https:\/\/fundacion-biodiversidad.es\/en\/actualidad_home\/the-red-emprendeverde-protagonist-in-the-south-summit\/\",\"name\":\"The Red emprendeverde protagonist in \\\"The South Summit\\\" - Fundaci\u00f3n Biodiversidad\",\"isPartOf\":{\"@id\":\"https:\/\/fundacion-biodiversidad.es\/en\/#website\"},\"primaryImageOfPage\":{\"@id\":\"https:\/\/fundacion-biodiversidad.es\/en\/actualidad_home\/the-red-emprendeverde-protagonist-in-the-south-summit\/#primaryimage\"},\"image\":{\"@id\":\"https:\/\/fundacion-biodiversidad.es\/en\/actualidad_home\/the-red-emprendeverde-protagonist-in-the-south-summit\/#primaryimage\"},\"thumbnailUrl\":\"https:\/\/fundacion-biodiversidad.es\/wp-content\/uploads\/2014\/10\/spain_startup.jpg\",\"datePublished\":\"2014-10-05T07:00:00+00:00\",\"breadcrumb\":{\"@id\":\"https:\/\/fundacion-biodiversidad.es\/en\/actualidad_home\/the-red-emprendeverde-protagonist-in-the-south-summit\/#breadcrumb\"},\"inLanguage\":\"en-US\",\"potentialAction\":[{\"@type\":\"ReadAction\",\"target\":[\"https:\/\/fundacion-biodiversidad.es\/en\/actualidad_home\/the-red-emprendeverde-protagonist-in-the-south-summit\/\"]}]},{\"@type\":\"ImageObject\",\"inLanguage\":\"en-US\",\"@id\":\"https:\/\/fundacion-biodiversidad.es\/en\/actualidad_home\/the-red-emprendeverde-protagonist-in-the-south-summit\/#primaryimage\",\"url\":\"https:\/\/fundacion-biodiversidad.es\/wp-content\/uploads\/2014\/10\/spain_startup.jpg\",\"contentUrl\":\"https:\/\/fundacion-biodiversidad.es\/wp-content\/uploads\/2014\/10\/spain_startup.jpg\",\"width\":665,\"height\":261},{\"@type\":\"BreadcrumbList\",\"@id\":\"https:\/\/fundacion-biodiversidad.es\/en\/actualidad_home\/the-red-emprendeverde-protagonist-in-the-south-summit\/#breadcrumb\",\"itemListElement\":[{\"@type\":\"ListItem\",\"position\":1,\"name\":\"Portada\",\"item\":\"https:\/\/fundacion-biodiversidad.es\/en\/inicio\/\"},{\"@type\":\"ListItem\",\"position\":2,\"name\":\"Noticias de actualidad\",\"item\":\"https:\/\/fundacion-biodiversidad.es\/en\/actualidad_home\/\"},{\"@type\":\"ListItem\",\"position\":3,\"name\":\"The Red emprendeverde protagonist in &#8220;The South Summit&#8221;\"}]},{\"@type\":\"WebSite\",\"@id\":\"https:\/\/fundacion-biodiversidad.es\/en\/#website\",\"url\":\"https:\/\/fundacion-biodiversidad.es\/en\/\",\"name\":\"Fundaci\u00f3n Biodiversidad\",\"description\":\"Fundaci\u00f3n p\u00fablica adscrita al Ministerio para la Transici\u00f3n Ecol\u00f3gica\",\"potentialAction\":[{\"@type\":\"SearchAction\",\"target\":{\"@type\":\"EntryPoint\",\"urlTemplate\":\"https:\/\/fundacion-biodiversidad.es\/en\/?s={search_term_string}\"},\"query-input\":{\"@type\":\"PropertyValueSpecification\",\"valueRequired\":true,\"valueName\":\"search_term_string\"}}],\"inLanguage\":\"en-US\"}]}<\/script>\n<!-- \/ Yoast SEO plugin. -->","yoast_head_json":{"title":"The Red emprendeverde protagonist in \"The South Summit\" - Fundaci\u00f3n Biodiversidad","robots":{"index":"index","follow":"follow","max-snippet":"max-snippet:-1","max-image-preview":"max-image-preview:large","max-video-preview":"max-video-preview:-1"},"canonical":"https:\/\/fundacion-biodiversidad.es\/en\/actualidad_home\/the-red-emprendeverde-protagonist-in-the-south-summit\/","og_locale":"en_US","og_type":"article","og_title":"The Red emprendeverde protagonist in \"The South Summit\" - Fundaci\u00f3n Biodiversidad","og_description":"From October 8 to 10, &#8220;The South Summit&#8221; will be held in Madrid, organized by Spain Startup, the largest meeting point for startups, international investors [&hellip;]","og_url":"https:\/\/fundacion-biodiversidad.es\/en\/actualidad_home\/the-red-emprendeverde-protagonist-in-the-south-summit\/","og_site_name":"Fundaci\u00f3n Biodiversidad","og_image":[{"width":720,"height":405,"url":"https:\/\/fundacion-biodiversidad.es\/wp-content\/uploads\/2023\/01\/2487661294_35330241_720x405.png","type":"image\/png"}],"twitter_card":"summary_large_image","twitter_misc":{"Est. reading time":"1 minute"},"schema":{"@context":"https:\/\/schema.org","@graph":[{"@type":"WebPage","@id":"https:\/\/fundacion-biodiversidad.es\/en\/actualidad_home\/the-red-emprendeverde-protagonist-in-the-south-summit\/","url":"https:\/\/fundacion-biodiversidad.es\/en\/actualidad_home\/the-red-emprendeverde-protagonist-in-the-south-summit\/","name":"The Red emprendeverde protagonist in \"The South Summit\" - Fundaci\u00f3n Biodiversidad","isPartOf":{"@id":"https:\/\/fundacion-biodiversidad.es\/en\/#website"},"primaryImageOfPage":{"@id":"https:\/\/fundacion-biodiversidad.es\/en\/actualidad_home\/the-red-emprendeverde-protagonist-in-the-south-summit\/#primaryimage"},"image":{"@id":"https:\/\/fundacion-biodiversidad.es\/en\/actualidad_home\/the-red-emprendeverde-protagonist-in-the-south-summit\/#primaryimage"},"thumbnailUrl":"https:\/\/fundacion-biodiversidad.es\/wp-content\/uploads\/2014\/10\/spain_startup.jpg","datePublished":"2014-10-05T07:00:00+00:00","breadcrumb":{"@id":"https:\/\/fundacion-biodiversidad.es\/en\/actualidad_home\/the-red-emprendeverde-protagonist-in-the-south-summit\/#breadcrumb"},"inLanguage":"en-US","potentialAction":[{"@type":"ReadAction","target":["https:\/\/fundacion-biodiversidad.es\/en\/actualidad_home\/the-red-emprendeverde-protagonist-in-the-south-summit\/"]}]},{"@type":"ImageObject","inLanguage":"en-US","@id":"https:\/\/fundacion-biodiversidad.es\/en\/actualidad_home\/the-red-emprendeverde-protagonist-in-the-south-summit\/#primaryimage","url":"https:\/\/fundacion-biodiversidad.es\/wp-content\/uploads\/2014\/10\/spain_startup.jpg","contentUrl":"https:\/\/fundacion-biodiversidad.es\/wp-content\/uploads\/2014\/10\/spain_startup.jpg","width":665,"height":261},{"@type":"BreadcrumbList","@id":"https:\/\/fundacion-biodiversidad.es\/en\/actualidad_home\/the-red-emprendeverde-protagonist-in-the-south-summit\/#breadcrumb","itemListElement":[{"@type":"ListItem","position":1,"name":"Portada","item":"https:\/\/fundacion-biodiversidad.es\/en\/inicio\/"},{"@type":"ListItem","position":2,"name":"Noticias de actualidad","item":"https:\/\/fundacion-biodiversidad.es\/en\/actualidad_home\/"},{"@type":"ListItem","position":3,"name":"The Red emprendeverde protagonist in &#8220;The South Summit&#8221;"}]},{"@type":"WebSite","@id":"https:\/\/fundacion-biodiversidad.es\/en\/#website","url":"https:\/\/fundacion-biodiversidad.es\/en\/","name":"Fundaci\u00f3n Biodiversidad","description":"Fundaci\u00f3n p\u00fablica adscrita al Ministerio para la Transici\u00f3n Ecol\u00f3gica","potentialAction":[{"@type":"SearchAction","target":{"@type":"EntryPoint","urlTemplate":"https:\/\/fundacion-biodiversidad.es\/en\/?s={search_term_string}"},"query-input":{"@type":"PropertyValueSpecification","valueRequired":true,"valueName":"search_term_string"}}],"inLanguage":"en-US"}]}},"_links":{"self":[{"href":"https:\/\/fundacion-biodiversidad.es\/en\/wp-json\/wp\/v2\/actualidad_home\/97857975","targetHints":{"allow":["GET"]}}],"collection":[{"href":"https:\/\/fundacion-biodiversidad.es\/en\/wp-json\/wp\/v2\/actualidad_home"}],"about":[{"href":"https:\/\/fundacion-biodiversidad.es\/en\/wp-json\/wp\/v2\/types\/actualidad_home"}],"author":[{"embeddable":true,"href":"https:\/\/fundacion-biodiversidad.es\/en\/wp-json\/wp\/v2\/users\/11"}],"wp:featuredmedia":[{"embeddable":true,"href":"https:\/\/fundacion-biodiversidad.es\/en\/wp-json\/wp\/v2\/media\/35483"}],"wp:attachment":[{"href":"https:\/\/fundacion-biodiversidad.es\/en\/wp-json\/wp\/v2\/media?parent=97857975"}],"wp:term":[{"taxonomy":"palabras_clave","embeddable":true,"href":"https:\/\/fundacion-biodiversidad.es\/en\/wp-json\/wp\/v2\/palabras_clave?post=97857975"}],"curies":[{"name":"wp","href":"https:\/\/api.w.org\/{rel}","templated":true}]}}