{"id":97857978,"date":"2014-10-09T13:49:24","date_gmt":"2014-10-09T11:49:24","guid":{"rendered":"https:\/\/fundacion-biodiversidad.es\/actualidad_home\/the-biodiversity-foundation-participates-in-the-reforestation-of-the-forest-of-yves-rocher\/"},"modified":"2014-10-09T13:49:24","modified_gmt":"2014-10-09T11:49:24","slug":"the-biodiversity-foundation-participates-in-the-reforestation-of-the-forest-of-yves-rocher","status":"publish","type":"actualidad_home","link":"https:\/\/fundacion-biodiversidad.es\/en\/actualidad_home\/the-biodiversity-foundation-participates-in-the-reforestation-of-the-forest-of-yves-rocher\/","title":{"rendered":"The Biodiversity Foundation participates in the reforestation of &#8220;The Forest of Yves Rocher&#8221;"},"content":{"rendered":"<p>The director of the Biodiversity Foundation of the Ministry of Agriculture, Food and the Environment, Sonia Casta\u00f1eda, has attended, in San Fernando de Henares, the expansion <strong>of &#8220;El Bosque de Yves Rocher<\/strong>&#8220;, a project that seeks to raise awareness among the population about the importance of conserving our biodiversity.<\/p>\n<p> The <strong><a href=\"http:\/\/fundacion-biodiversidad.com\/empresaybiodiversidad\/empresas-adheridas\/yves-rocher\" target=\"_blank\" rel=\"noopener\">Yves Rocher<\/a><\/strong> Forest was inaugurated on December 1, 2013, through a reforestation with the participation of <strong>220 volunteers<\/strong>, Yves Rocher workers and their families. On that day, approximately 500 plants of native species were planted. The forest was completed, throughout the month of December, by a professional team that carried out the planting, something that will also happen in this case. Today there have been 70 people, including bloggers and staff from Yves Rocher stores, who have been part of the activity in San Fernando de Henares. In total, an area of approximately 3.8 hectares has been reforested so far with a total of 2,800 plants.<\/p>\n<p> Yves Rocher is one of <a href=\"http:\/\/fundacion-biodiversidad.com\/empresaybiodiversidad\/adhierete\/integra-la-biodiversidad\/pacto-por-la-biodiversidad\" target=\"_blank\" rel=\"noopener\"><strong>the 18 signatory companies of the Biodiversity Pact<\/strong><\/a>, which aims to show the commitment of the company that adheres to it with the conservation and sustainable use of biodiversity. By signing this Compact, the company recognizes and supports the three objectives <a href=\"http:\/\/fundacion-biodiversidad.com\/empresaybiodiversidad\/que-es-la-iniciativa\" target=\"_blank\" rel=\"noopener\"><strong>of the United Nations Convention on Biological Diversity<\/strong><\/a>, which are to promote the conservation of biological diversity, sustainable use of its components and fair and equitable sharing of the benefits arising from the utilization of genetic resources. Yves Rocher is also the first company in the cosmetics sector to join the Spanish Business and Biodiversity Initiative.      <br \/>\n&nbsp;<\/p>\n","protected":false},"author":11,"featured_media":35485,"template":"","meta":{"_acf_changed":false},"palabras_clave":[35,33,64],"class_list":["post-97857978","actualidad_home","type-actualidad_home","status-publish","has-post-thumbnail","hentry","palabras_clave-biodiversidad","palabras_clave-empresa-y-biodiversidad","palabras_clave-iniciativa-espanola"],"acf":[],"yoast_head":"<!-- This site is optimized with the Yoast SEO plugin v26.9 - https:\/\/yoast.com\/product\/yoast-seo-wordpress\/ -->\n<title>The Biodiversity Foundation participates in the reforestation of &quot;The Forest of Yves Rocher&quot; - Fundaci\u00f3n Biodiversidad<\/title>\n<meta name=\"robots\" content=\"index, follow, max-snippet:-1, max-image-preview:large, max-video-preview:-1\" \/>\n<link rel=\"canonical\" href=\"https:\/\/fundacion-biodiversidad.es\/en\/actualidad_home\/the-biodiversity-foundation-participates-in-the-reforestation-of-the-forest-of-yves-rocher\/\" \/>\n<meta property=\"og:locale\" content=\"en_US\" \/>\n<meta property=\"og:type\" content=\"article\" \/>\n<meta property=\"og:title\" content=\"The Biodiversity Foundation participates in the reforestation of &quot;The Forest of Yves Rocher&quot; - Fundaci\u00f3n Biodiversidad\" \/>\n<meta property=\"og:description\" content=\"The director of the Biodiversity Foundation of the Ministry of Agriculture, Food and the Environment, Sonia Casta\u00f1eda, has attended, in San Fernando de Henares, the [&hellip;]\" \/>\n<meta property=\"og:url\" content=\"https:\/\/fundacion-biodiversidad.es\/en\/actualidad_home\/the-biodiversity-foundation-participates-in-the-reforestation-of-the-forest-of-yves-rocher\/\" \/>\n<meta property=\"og:site_name\" content=\"Fundaci\u00f3n Biodiversidad\" \/>\n<meta property=\"og:image\" content=\"https:\/\/fundacion-biodiversidad.es\/wp-content\/uploads\/2023\/01\/2487661294_35330241_720x405.png\" \/>\n\t<meta property=\"og:image:width\" content=\"720\" \/>\n\t<meta property=\"og:image:height\" content=\"405\" \/>\n\t<meta property=\"og:image:type\" content=\"image\/png\" \/>\n<meta name=\"twitter:card\" content=\"summary_large_image\" \/>\n<meta name=\"twitter:label1\" content=\"Est. reading time\" \/>\n\t<meta name=\"twitter:data1\" content=\"1 minute\" \/>\n<script type=\"application\/ld+json\" class=\"yoast-schema-graph\">{\"@context\":\"https:\/\/schema.org\",\"@graph\":[{\"@type\":\"WebPage\",\"@id\":\"https:\/\/fundacion-biodiversidad.es\/en\/actualidad_home\/the-biodiversity-foundation-participates-in-the-reforestation-of-the-forest-of-yves-rocher\/\",\"url\":\"https:\/\/fundacion-biodiversidad.es\/en\/actualidad_home\/the-biodiversity-foundation-participates-in-the-reforestation-of-the-forest-of-yves-rocher\/\",\"name\":\"The Biodiversity Foundation participates in the reforestation of \\\"The Forest of Yves Rocher\\\" - Fundaci\u00f3n Biodiversidad\",\"isPartOf\":{\"@id\":\"https:\/\/fundacion-biodiversidad.es\/en\/#website\"},\"primaryImageOfPage\":{\"@id\":\"https:\/\/fundacion-biodiversidad.es\/en\/actualidad_home\/the-biodiversity-foundation-participates-in-the-reforestation-of-the-forest-of-yves-rocher\/#primaryimage\"},\"image\":{\"@id\":\"https:\/\/fundacion-biodiversidad.es\/en\/actualidad_home\/the-biodiversity-foundation-participates-in-the-reforestation-of-the-forest-of-yves-rocher\/#primaryimage\"},\"thumbnailUrl\":\"https:\/\/fundacion-biodiversidad.es\/wp-content\/uploads\/2014\/10\/participacion_bosque_yves_rocher.jpg\",\"datePublished\":\"2014-10-09T11:49:24+00:00\",\"breadcrumb\":{\"@id\":\"https:\/\/fundacion-biodiversidad.es\/en\/actualidad_home\/the-biodiversity-foundation-participates-in-the-reforestation-of-the-forest-of-yves-rocher\/#breadcrumb\"},\"inLanguage\":\"en-US\",\"potentialAction\":[{\"@type\":\"ReadAction\",\"target\":[\"https:\/\/fundacion-biodiversidad.es\/en\/actualidad_home\/the-biodiversity-foundation-participates-in-the-reforestation-of-the-forest-of-yves-rocher\/\"]}]},{\"@type\":\"ImageObject\",\"inLanguage\":\"en-US\",\"@id\":\"https:\/\/fundacion-biodiversidad.es\/en\/actualidad_home\/the-biodiversity-foundation-participates-in-the-reforestation-of-the-forest-of-yves-rocher\/#primaryimage\",\"url\":\"https:\/\/fundacion-biodiversidad.es\/wp-content\/uploads\/2014\/10\/participacion_bosque_yves_rocher.jpg\",\"contentUrl\":\"https:\/\/fundacion-biodiversidad.es\/wp-content\/uploads\/2014\/10\/participacion_bosque_yves_rocher.jpg\",\"width\":800,\"height\":600},{\"@type\":\"BreadcrumbList\",\"@id\":\"https:\/\/fundacion-biodiversidad.es\/en\/actualidad_home\/the-biodiversity-foundation-participates-in-the-reforestation-of-the-forest-of-yves-rocher\/#breadcrumb\",\"itemListElement\":[{\"@type\":\"ListItem\",\"position\":1,\"name\":\"Portada\",\"item\":\"https:\/\/fundacion-biodiversidad.es\/en\/inicio\/\"},{\"@type\":\"ListItem\",\"position\":2,\"name\":\"Noticias de actualidad\",\"item\":\"https:\/\/fundacion-biodiversidad.es\/en\/actualidad_home\/\"},{\"@type\":\"ListItem\",\"position\":3,\"name\":\"The Biodiversity Foundation participates in the reforestation of &#8220;The Forest of Yves Rocher&#8221;\"}]},{\"@type\":\"WebSite\",\"@id\":\"https:\/\/fundacion-biodiversidad.es\/en\/#website\",\"url\":\"https:\/\/fundacion-biodiversidad.es\/en\/\",\"name\":\"Fundaci\u00f3n Biodiversidad\",\"description\":\"Fundaci\u00f3n p\u00fablica adscrita al Ministerio para la Transici\u00f3n Ecol\u00f3gica\",\"potentialAction\":[{\"@type\":\"SearchAction\",\"target\":{\"@type\":\"EntryPoint\",\"urlTemplate\":\"https:\/\/fundacion-biodiversidad.es\/en\/?s={search_term_string}\"},\"query-input\":{\"@type\":\"PropertyValueSpecification\",\"valueRequired\":true,\"valueName\":\"search_term_string\"}}],\"inLanguage\":\"en-US\"}]}<\/script>\n<!-- \/ Yoast SEO plugin. -->","yoast_head_json":{"title":"The Biodiversity Foundation participates in the reforestation of \"The Forest of Yves Rocher\" - Fundaci\u00f3n Biodiversidad","robots":{"index":"index","follow":"follow","max-snippet":"max-snippet:-1","max-image-preview":"max-image-preview:large","max-video-preview":"max-video-preview:-1"},"canonical":"https:\/\/fundacion-biodiversidad.es\/en\/actualidad_home\/the-biodiversity-foundation-participates-in-the-reforestation-of-the-forest-of-yves-rocher\/","og_locale":"en_US","og_type":"article","og_title":"The Biodiversity Foundation participates in the reforestation of \"The Forest of Yves Rocher\" - Fundaci\u00f3n Biodiversidad","og_description":"The director of the Biodiversity Foundation of the Ministry of Agriculture, Food and the Environment, Sonia Casta\u00f1eda, has attended, in San Fernando de Henares, the [&hellip;]","og_url":"https:\/\/fundacion-biodiversidad.es\/en\/actualidad_home\/the-biodiversity-foundation-participates-in-the-reforestation-of-the-forest-of-yves-rocher\/","og_site_name":"Fundaci\u00f3n Biodiversidad","og_image":[{"width":720,"height":405,"url":"https:\/\/fundacion-biodiversidad.es\/wp-content\/uploads\/2023\/01\/2487661294_35330241_720x405.png","type":"image\/png"}],"twitter_card":"summary_large_image","twitter_misc":{"Est. reading time":"1 minute"},"schema":{"@context":"https:\/\/schema.org","@graph":[{"@type":"WebPage","@id":"https:\/\/fundacion-biodiversidad.es\/en\/actualidad_home\/the-biodiversity-foundation-participates-in-the-reforestation-of-the-forest-of-yves-rocher\/","url":"https:\/\/fundacion-biodiversidad.es\/en\/actualidad_home\/the-biodiversity-foundation-participates-in-the-reforestation-of-the-forest-of-yves-rocher\/","name":"The Biodiversity Foundation participates in the reforestation of \"The Forest of Yves Rocher\" - Fundaci\u00f3n Biodiversidad","isPartOf":{"@id":"https:\/\/fundacion-biodiversidad.es\/en\/#website"},"primaryImageOfPage":{"@id":"https:\/\/fundacion-biodiversidad.es\/en\/actualidad_home\/the-biodiversity-foundation-participates-in-the-reforestation-of-the-forest-of-yves-rocher\/#primaryimage"},"image":{"@id":"https:\/\/fundacion-biodiversidad.es\/en\/actualidad_home\/the-biodiversity-foundation-participates-in-the-reforestation-of-the-forest-of-yves-rocher\/#primaryimage"},"thumbnailUrl":"https:\/\/fundacion-biodiversidad.es\/wp-content\/uploads\/2014\/10\/participacion_bosque_yves_rocher.jpg","datePublished":"2014-10-09T11:49:24+00:00","breadcrumb":{"@id":"https:\/\/fundacion-biodiversidad.es\/en\/actualidad_home\/the-biodiversity-foundation-participates-in-the-reforestation-of-the-forest-of-yves-rocher\/#breadcrumb"},"inLanguage":"en-US","potentialAction":[{"@type":"ReadAction","target":["https:\/\/fundacion-biodiversidad.es\/en\/actualidad_home\/the-biodiversity-foundation-participates-in-the-reforestation-of-the-forest-of-yves-rocher\/"]}]},{"@type":"ImageObject","inLanguage":"en-US","@id":"https:\/\/fundacion-biodiversidad.es\/en\/actualidad_home\/the-biodiversity-foundation-participates-in-the-reforestation-of-the-forest-of-yves-rocher\/#primaryimage","url":"https:\/\/fundacion-biodiversidad.es\/wp-content\/uploads\/2014\/10\/participacion_bosque_yves_rocher.jpg","contentUrl":"https:\/\/fundacion-biodiversidad.es\/wp-content\/uploads\/2014\/10\/participacion_bosque_yves_rocher.jpg","width":800,"height":600},{"@type":"BreadcrumbList","@id":"https:\/\/fundacion-biodiversidad.es\/en\/actualidad_home\/the-biodiversity-foundation-participates-in-the-reforestation-of-the-forest-of-yves-rocher\/#breadcrumb","itemListElement":[{"@type":"ListItem","position":1,"name":"Portada","item":"https:\/\/fundacion-biodiversidad.es\/en\/inicio\/"},{"@type":"ListItem","position":2,"name":"Noticias de actualidad","item":"https:\/\/fundacion-biodiversidad.es\/en\/actualidad_home\/"},{"@type":"ListItem","position":3,"name":"The Biodiversity Foundation participates in the reforestation of &#8220;The Forest of Yves Rocher&#8221;"}]},{"@type":"WebSite","@id":"https:\/\/fundacion-biodiversidad.es\/en\/#website","url":"https:\/\/fundacion-biodiversidad.es\/en\/","name":"Fundaci\u00f3n Biodiversidad","description":"Fundaci\u00f3n p\u00fablica adscrita al Ministerio para la Transici\u00f3n Ecol\u00f3gica","potentialAction":[{"@type":"SearchAction","target":{"@type":"EntryPoint","urlTemplate":"https:\/\/fundacion-biodiversidad.es\/en\/?s={search_term_string}"},"query-input":{"@type":"PropertyValueSpecification","valueRequired":true,"valueName":"search_term_string"}}],"inLanguage":"en-US"}]}},"_links":{"self":[{"href":"https:\/\/fundacion-biodiversidad.es\/en\/wp-json\/wp\/v2\/actualidad_home\/97857978","targetHints":{"allow":["GET"]}}],"collection":[{"href":"https:\/\/fundacion-biodiversidad.es\/en\/wp-json\/wp\/v2\/actualidad_home"}],"about":[{"href":"https:\/\/fundacion-biodiversidad.es\/en\/wp-json\/wp\/v2\/types\/actualidad_home"}],"author":[{"embeddable":true,"href":"https:\/\/fundacion-biodiversidad.es\/en\/wp-json\/wp\/v2\/users\/11"}],"wp:featuredmedia":[{"embeddable":true,"href":"https:\/\/fundacion-biodiversidad.es\/en\/wp-json\/wp\/v2\/media\/35485"}],"wp:attachment":[{"href":"https:\/\/fundacion-biodiversidad.es\/en\/wp-json\/wp\/v2\/media?parent=97857978"}],"wp:term":[{"taxonomy":"palabras_clave","embeddable":true,"href":"https:\/\/fundacion-biodiversidad.es\/en\/wp-json\/wp\/v2\/palabras_clave?post=97857978"}],"curies":[{"name":"wp","href":"https:\/\/api.w.org\/{rel}","templated":true}]}}