{"id":97857981,"date":"2014-10-01T12:02:47","date_gmt":"2014-10-01T10:02:47","guid":{"rendered":"https:\/\/fundacion-biodiversidad.es\/actualidad_home\/meeting-to-advance-the-objectives-of-the-life-cantabrian-capercaillie\/"},"modified":"2014-10-01T12:02:47","modified_gmt":"2014-10-01T10:02:47","slug":"meeting-to-advance-the-objectives-of-the-life-cantabrian-capercaillie","status":"publish","type":"actualidad_home","link":"https:\/\/fundacion-biodiversidad.es\/en\/actualidad_home\/meeting-to-advance-the-objectives-of-the-life-cantabrian-capercaillie\/","title":{"rendered":"Meeting to advance the objectives of the LIFE+ Cantabrian Capercaillie"},"content":{"rendered":"<p>The Director General of Environmental Assessment and Quality and the Natural Environment of the Ministry of Agriculture, Food and the Environment,<strong> Guillermina Yanguas<\/strong>, has attended, at the headquarters of the Biodiversity Foundation of the Ministry itself, the meeting with the General Directors of the entities and administrations that participate in the <a href=\"http:\/\/www.lifeurogallo.es\/\" rel=\"nofollow noopener\" target=\"_blank\">LIFE+ Cantabrian Capercaillie<\/a> conservation project. The objective of the meeting was to learn about the progress made and define the steps to be taken to try to stop the decline of this <strong>endangered subspecies<\/strong>. <br \/>\n&nbsp;<br \/>  This <a href=\"http:\/\/fundacion-biodiversidad.es\/prensa\/recursos-multimedia\/reunion-de-los-socios-del-proyecto-life-urogallo-cantabrico\" target=\"_blank\" rel=\"noopener\">meeting<\/a>, chaired by Sonia Casta\u00f1eda, director of the Biodiversity Foundation, was also attended by Francisco Javier Manrique, Director General of Forestry and Nature Conservation of the Government of Cantabria, Serafina \u00c1lvarez, Director General of Natural Resources of the Principality of Asturias, Jos\u00e9 \u00c1ngel Arranz, Director General of the Natural Environment of the Junta de Castilla y Le\u00f3n,  Rafael Land\u00edn, Director of the Iberdrola Foundation, and Asunci\u00f3n Ruiz, Executive Director of SEO\/BirdLife. The Project Management Committee also participated, represented by the director of the project, Ignacio Torres. <br \/>\n&nbsp;<br \/>  At the meeting, it was agreed to carry out a scientific monitoring programme of the results obtained, to evaluate the effectiveness of these measures in the medium and long term and to verify compliance with the objectives set. To this end, the guidelines established in the technical documents prepared within the framework of the project will be followed, and work will be carried out together with the Scientific Committee, where all beneficiary partners and experts from national and international scientific and academic institutions participate. <br \/>\n&nbsp;<br \/>\n<a class=\"colorbox colorbox-insert-image\" href=\"http:\/\/fundacion-biodiversidad.es\/sites\/default\/files\/noticias\/urogallos_sueltos.jpg\" rel=\"gallery-all\" title=\"Specimens of capercaillie released in the Picos de Europa Regional Park\"><img decoding=\"async\" alt=\"Specimens of capercaillie released in the Picos de Europa Regional Park\" class=\"img-derecha\" src=\"http:\/\/fundacion-biodiversidad.es\/sites\/default\/files\/noticias\/urogallos_sueltos.jpg\" style=\"height:215px; width:300px\" title=\"Three capercae hens after a week released from the pre-release park\"><\/a>On the other hand, the results of the breeding programme of the Sobrescobio centre (Redes Natural Park, Asturias) have been commented on, underlining the complexity of the breeding process and the programme of capture, marking and removal of clutches, which have also hindered the development of the reinforcement programme. The ultimate objective is to obtain specimens prepared for release into the wild environment and that can be part of the wild population, obtaining higher productivity figures and improving the results obtained in the last three years. The possibility of distributing the genetic stock among more centers has also been contemplated.  <br \/>\n&nbsp;<br \/>  Likewise, the need to carry out a census of the two populations of capercaillie in Spain &#8211; Cantabrian and Pyrenean &#8211; has been stressed, to make an estimate of the national population and evaluate its current state of conservation.  &nbsp;&nbsp;<br \/>\n&nbsp;<br \/>  The LIFE+ Cantabrian Capercaillie, coordinated by the Biodiversity Foundation of the <a href=\"http:\/\/www.magrama.gob.es\/es\/\" rel=\"nofollow noopener\" target=\"_blank\">Ministry of Agriculture, Food and the Environment<\/a>, has as its main objective to stop the decline of this subspecies exclusive to the Northwest of the Iberian Peninsula and promote its recovery. The project, 50% co-financed through the LIFE+ programme, the European Union&#8217;s financial instrument for the environment, has as partners the Autonomous Communities of Cantabria, the Principality of Asturias and Castilla y Le\u00f3n, the latter through the Natural Heritage Foundation of Castilla y Le\u00f3n; the Interregional Consortium for the Coordinated Management of the Picos de Europa National Park; Tragsa and Tragsatec, SEO\/BirdLife and with funding from the Autonomous National Parks Agency and the Iberdrola Foundation. <br \/>\n&nbsp;<\/p>\n","protected":false},"author":11,"featured_media":35480,"template":"","meta":{"_acf_changed":false},"palabras_clave":[35,51,36,50],"class_list":["post-97857981","actualidad_home","type-actualidad_home","status-publish","has-post-thumbnail","hentry","palabras_clave-biodiversidad","palabras_clave-guillermina","palabras_clave-medio-ambiente","palabras_clave-urogallo"],"acf":[],"yoast_head":"<!-- This site is optimized with the Yoast SEO plugin v26.9 - https:\/\/yoast.com\/product\/yoast-seo-wordpress\/ -->\n<title>Meeting to advance the objectives of the LIFE+ Cantabrian Capercaillie - Fundaci\u00f3n Biodiversidad<\/title>\n<meta name=\"robots\" content=\"index, follow, max-snippet:-1, max-image-preview:large, max-video-preview:-1\" \/>\n<link rel=\"canonical\" href=\"https:\/\/fundacion-biodiversidad.es\/en\/actualidad_home\/meeting-to-advance-the-objectives-of-the-life-cantabrian-capercaillie\/\" \/>\n<meta property=\"og:locale\" content=\"en_US\" \/>\n<meta property=\"og:type\" content=\"article\" \/>\n<meta property=\"og:title\" content=\"Meeting to advance the objectives of the LIFE+ Cantabrian Capercaillie - Fundaci\u00f3n Biodiversidad\" \/>\n<meta property=\"og:description\" content=\"The Director General of Environmental Assessment and Quality and the Natural Environment of the Ministry of Agriculture, Food and the Environment, Guillermina Yanguas, has attended, [&hellip;]\" \/>\n<meta property=\"og:url\" content=\"https:\/\/fundacion-biodiversidad.es\/en\/actualidad_home\/meeting-to-advance-the-objectives-of-the-life-cantabrian-capercaillie\/\" \/>\n<meta property=\"og:site_name\" content=\"Fundaci\u00f3n Biodiversidad\" \/>\n<meta property=\"og:image\" content=\"http:\/\/fundacion-biodiversidad.es\/sites\/default\/files\/noticias\/urogallos_sueltos.jpg\" \/>\n<meta name=\"twitter:card\" content=\"summary_large_image\" \/>\n<meta name=\"twitter:label1\" content=\"Est. reading time\" \/>\n\t<meta name=\"twitter:data1\" content=\"3 minutes\" \/>\n<script type=\"application\/ld+json\" class=\"yoast-schema-graph\">{\"@context\":\"https:\/\/schema.org\",\"@graph\":[{\"@type\":\"WebPage\",\"@id\":\"https:\/\/fundacion-biodiversidad.es\/en\/actualidad_home\/meeting-to-advance-the-objectives-of-the-life-cantabrian-capercaillie\/\",\"url\":\"https:\/\/fundacion-biodiversidad.es\/en\/actualidad_home\/meeting-to-advance-the-objectives-of-the-life-cantabrian-capercaillie\/\",\"name\":\"Meeting to advance the objectives of the LIFE+ Cantabrian Capercaillie - Fundaci\u00f3n Biodiversidad\",\"isPartOf\":{\"@id\":\"https:\/\/fundacion-biodiversidad.es\/en\/#website\"},\"primaryImageOfPage\":{\"@id\":\"https:\/\/fundacion-biodiversidad.es\/en\/actualidad_home\/meeting-to-advance-the-objectives-of-the-life-cantabrian-capercaillie\/#primaryimage\"},\"image\":{\"@id\":\"https:\/\/fundacion-biodiversidad.es\/en\/actualidad_home\/meeting-to-advance-the-objectives-of-the-life-cantabrian-capercaillie\/#primaryimage\"},\"thumbnailUrl\":\"https:\/\/fundacion-biodiversidad.es\/wp-content\/uploads\/2014\/10\/reunion_urogallo_comunidades_autonomas-scaled.jpg\",\"datePublished\":\"2014-10-01T10:02:47+00:00\",\"breadcrumb\":{\"@id\":\"https:\/\/fundacion-biodiversidad.es\/en\/actualidad_home\/meeting-to-advance-the-objectives-of-the-life-cantabrian-capercaillie\/#breadcrumb\"},\"inLanguage\":\"en-US\",\"potentialAction\":[{\"@type\":\"ReadAction\",\"target\":[\"https:\/\/fundacion-biodiversidad.es\/en\/actualidad_home\/meeting-to-advance-the-objectives-of-the-life-cantabrian-capercaillie\/\"]}]},{\"@type\":\"ImageObject\",\"inLanguage\":\"en-US\",\"@id\":\"https:\/\/fundacion-biodiversidad.es\/en\/actualidad_home\/meeting-to-advance-the-objectives-of-the-life-cantabrian-capercaillie\/#primaryimage\",\"url\":\"https:\/\/fundacion-biodiversidad.es\/wp-content\/uploads\/2014\/10\/reunion_urogallo_comunidades_autonomas-scaled.jpg\",\"contentUrl\":\"https:\/\/fundacion-biodiversidad.es\/wp-content\/uploads\/2014\/10\/reunion_urogallo_comunidades_autonomas-scaled.jpg\",\"width\":2560,\"height\":1602},{\"@type\":\"BreadcrumbList\",\"@id\":\"https:\/\/fundacion-biodiversidad.es\/en\/actualidad_home\/meeting-to-advance-the-objectives-of-the-life-cantabrian-capercaillie\/#breadcrumb\",\"itemListElement\":[{\"@type\":\"ListItem\",\"position\":1,\"name\":\"Portada\",\"item\":\"https:\/\/fundacion-biodiversidad.es\/en\/inicio\/\"},{\"@type\":\"ListItem\",\"position\":2,\"name\":\"Noticias de actualidad\",\"item\":\"https:\/\/fundacion-biodiversidad.es\/en\/actualidad_home\/\"},{\"@type\":\"ListItem\",\"position\":3,\"name\":\"Meeting to advance the objectives of the LIFE+ Cantabrian Capercaillie\"}]},{\"@type\":\"WebSite\",\"@id\":\"https:\/\/fundacion-biodiversidad.es\/en\/#website\",\"url\":\"https:\/\/fundacion-biodiversidad.es\/en\/\",\"name\":\"Fundaci\u00f3n Biodiversidad\",\"description\":\"Fundaci\u00f3n p\u00fablica adscrita al Ministerio para la Transici\u00f3n Ecol\u00f3gica\",\"potentialAction\":[{\"@type\":\"SearchAction\",\"target\":{\"@type\":\"EntryPoint\",\"urlTemplate\":\"https:\/\/fundacion-biodiversidad.es\/en\/?s={search_term_string}\"},\"query-input\":{\"@type\":\"PropertyValueSpecification\",\"valueRequired\":true,\"valueName\":\"search_term_string\"}}],\"inLanguage\":\"en-US\"}]}<\/script>\n<!-- \/ Yoast SEO plugin. -->","yoast_head_json":{"title":"Meeting to advance the objectives of the LIFE+ Cantabrian Capercaillie - Fundaci\u00f3n Biodiversidad","robots":{"index":"index","follow":"follow","max-snippet":"max-snippet:-1","max-image-preview":"max-image-preview:large","max-video-preview":"max-video-preview:-1"},"canonical":"https:\/\/fundacion-biodiversidad.es\/en\/actualidad_home\/meeting-to-advance-the-objectives-of-the-life-cantabrian-capercaillie\/","og_locale":"en_US","og_type":"article","og_title":"Meeting to advance the objectives of the LIFE+ Cantabrian Capercaillie - Fundaci\u00f3n Biodiversidad","og_description":"The Director General of Environmental Assessment and Quality and the Natural Environment of the Ministry of Agriculture, Food and the Environment, Guillermina Yanguas, has attended, [&hellip;]","og_url":"https:\/\/fundacion-biodiversidad.es\/en\/actualidad_home\/meeting-to-advance-the-objectives-of-the-life-cantabrian-capercaillie\/","og_site_name":"Fundaci\u00f3n Biodiversidad","og_image":[{"url":"http:\/\/fundacion-biodiversidad.es\/sites\/default\/files\/noticias\/urogallos_sueltos.jpg","type":"","width":"","height":""}],"twitter_card":"summary_large_image","twitter_misc":{"Est. reading time":"3 minutes"},"schema":{"@context":"https:\/\/schema.org","@graph":[{"@type":"WebPage","@id":"https:\/\/fundacion-biodiversidad.es\/en\/actualidad_home\/meeting-to-advance-the-objectives-of-the-life-cantabrian-capercaillie\/","url":"https:\/\/fundacion-biodiversidad.es\/en\/actualidad_home\/meeting-to-advance-the-objectives-of-the-life-cantabrian-capercaillie\/","name":"Meeting to advance the objectives of the LIFE+ Cantabrian Capercaillie - Fundaci\u00f3n Biodiversidad","isPartOf":{"@id":"https:\/\/fundacion-biodiversidad.es\/en\/#website"},"primaryImageOfPage":{"@id":"https:\/\/fundacion-biodiversidad.es\/en\/actualidad_home\/meeting-to-advance-the-objectives-of-the-life-cantabrian-capercaillie\/#primaryimage"},"image":{"@id":"https:\/\/fundacion-biodiversidad.es\/en\/actualidad_home\/meeting-to-advance-the-objectives-of-the-life-cantabrian-capercaillie\/#primaryimage"},"thumbnailUrl":"https:\/\/fundacion-biodiversidad.es\/wp-content\/uploads\/2014\/10\/reunion_urogallo_comunidades_autonomas-scaled.jpg","datePublished":"2014-10-01T10:02:47+00:00","breadcrumb":{"@id":"https:\/\/fundacion-biodiversidad.es\/en\/actualidad_home\/meeting-to-advance-the-objectives-of-the-life-cantabrian-capercaillie\/#breadcrumb"},"inLanguage":"en-US","potentialAction":[{"@type":"ReadAction","target":["https:\/\/fundacion-biodiversidad.es\/en\/actualidad_home\/meeting-to-advance-the-objectives-of-the-life-cantabrian-capercaillie\/"]}]},{"@type":"ImageObject","inLanguage":"en-US","@id":"https:\/\/fundacion-biodiversidad.es\/en\/actualidad_home\/meeting-to-advance-the-objectives-of-the-life-cantabrian-capercaillie\/#primaryimage","url":"https:\/\/fundacion-biodiversidad.es\/wp-content\/uploads\/2014\/10\/reunion_urogallo_comunidades_autonomas-scaled.jpg","contentUrl":"https:\/\/fundacion-biodiversidad.es\/wp-content\/uploads\/2014\/10\/reunion_urogallo_comunidades_autonomas-scaled.jpg","width":2560,"height":1602},{"@type":"BreadcrumbList","@id":"https:\/\/fundacion-biodiversidad.es\/en\/actualidad_home\/meeting-to-advance-the-objectives-of-the-life-cantabrian-capercaillie\/#breadcrumb","itemListElement":[{"@type":"ListItem","position":1,"name":"Portada","item":"https:\/\/fundacion-biodiversidad.es\/en\/inicio\/"},{"@type":"ListItem","position":2,"name":"Noticias de actualidad","item":"https:\/\/fundacion-biodiversidad.es\/en\/actualidad_home\/"},{"@type":"ListItem","position":3,"name":"Meeting to advance the objectives of the LIFE+ Cantabrian Capercaillie"}]},{"@type":"WebSite","@id":"https:\/\/fundacion-biodiversidad.es\/en\/#website","url":"https:\/\/fundacion-biodiversidad.es\/en\/","name":"Fundaci\u00f3n Biodiversidad","description":"Fundaci\u00f3n p\u00fablica adscrita al Ministerio para la Transici\u00f3n Ecol\u00f3gica","potentialAction":[{"@type":"SearchAction","target":{"@type":"EntryPoint","urlTemplate":"https:\/\/fundacion-biodiversidad.es\/en\/?s={search_term_string}"},"query-input":{"@type":"PropertyValueSpecification","valueRequired":true,"valueName":"search_term_string"}}],"inLanguage":"en-US"}]}},"_links":{"self":[{"href":"https:\/\/fundacion-biodiversidad.es\/en\/wp-json\/wp\/v2\/actualidad_home\/97857981","targetHints":{"allow":["GET"]}}],"collection":[{"href":"https:\/\/fundacion-biodiversidad.es\/en\/wp-json\/wp\/v2\/actualidad_home"}],"about":[{"href":"https:\/\/fundacion-biodiversidad.es\/en\/wp-json\/wp\/v2\/types\/actualidad_home"}],"author":[{"embeddable":true,"href":"https:\/\/fundacion-biodiversidad.es\/en\/wp-json\/wp\/v2\/users\/11"}],"wp:featuredmedia":[{"embeddable":true,"href":"https:\/\/fundacion-biodiversidad.es\/en\/wp-json\/wp\/v2\/media\/35480"}],"wp:attachment":[{"href":"https:\/\/fundacion-biodiversidad.es\/en\/wp-json\/wp\/v2\/media?parent=97857981"}],"wp:term":[{"taxonomy":"palabras_clave","embeddable":true,"href":"https:\/\/fundacion-biodiversidad.es\/en\/wp-json\/wp\/v2\/palabras_clave?post=97857981"}],"curies":[{"name":"wp","href":"https:\/\/api.w.org\/{rel}","templated":true}]}}