{"id":97857982,"date":"2014-10-08T10:30:32","date_gmt":"2014-10-08T08:30:32","guid":{"rendered":"https:\/\/fundacion-biodiversidad.es\/actualidad_home\/the-biodiversity-foundation-participates-in-the-largest-summit-of-entrepreneurs-and-investors-in-southern-europe\/"},"modified":"2014-10-08T10:30:32","modified_gmt":"2014-10-08T08:30:32","slug":"the-biodiversity-foundation-participates-in-the-largest-summit-of-entrepreneurs-and-investors-in-southern-europe","status":"publish","type":"actualidad_home","link":"https:\/\/fundacion-biodiversidad.es\/en\/actualidad_home\/the-biodiversity-foundation-participates-in-the-largest-summit-of-entrepreneurs-and-investors-in-southern-europe\/","title":{"rendered":"The Biodiversity Foundation participates in the largest summit of entrepreneurs and investors in Southern Europe"},"content":{"rendered":"<p>The Biodiversity Foundation of the Ministry of Agriculture, Food and the Environment, through its <a href=\"http:\/\/www.redemprendeverde.es\/\" rel=\"nofollow noopener\" target=\"_blank\">Red emprendeverde<\/a>, participates in&nbsp;<a href=\"http:\/\/spain-startup.com\/?lang=es\" rel=\"nofollow noopener\" target=\"_blank\">&#8220;The South Summit&#8221;,<\/a> the largest meeting point for startups, international investors and leading corporations in innovation. Over the course of three days, several of the Network&#8217;s entrepreneurs and investors will present their projects and initiatives at the Foundation&#8217;s stand, as well as at other side events.<\/p>\n<p> Entities like <a href=\"http:\/\/escaparate.redemprendeverde.es\/e\/metrica6\" rel=\"nofollow noopener\" target=\"_blank\">Metric 6<\/a>,&nbsp;<a href=\"http:\/\/cartonlab.com\/\" rel=\"nofollow noopener\" target=\"_blank\">Cartonlab<\/a>, <a href=\"http:\/\/www.gharnatah.es\" rel=\"nofollow noopener\" target=\"_blank\">Garnatath Beers<\/a>, <a href=\"http:\/\/www.chocolateorganiko.es\/\" rel=\"nofollow noopener\" target=\"_blank\">Organic Chocolate<\/a>,&nbsp;<a href=\"http:\/\/www.citysens.com\/\" rel=\"nofollow noopener\" target=\"_blank\">Citysens<\/a>,&nbsp;<a href=\"http:\/\/ecohortum.com\/\" rel=\"nofollow noopener\" target=\"_blank\">Ecohortum,Bluemove<\/a>,<a href=\"http:\/\/bluemove.es\/\" rel=\"nofollow noopener\" target=\"_blank\"><\/a>&nbsp;<a href=\"http:\/\/www.smileatbaby.com\/\" rel=\"nofollow noopener\" target=\"_blank\">Smileat<\/a>, <a href=\"http:\/\/aguadeniebla.com\/alisios\" rel=\"nofollow noopener\" target=\"_blank\">Trade Winds<\/a>,&nbsp;<a href=\"http:\/\/www.ecoteck.es\/\" rel=\"nofollow noopener\" target=\"_blank\">Ecoteck<\/a>,&nbsp;<a href=\"http:\/\/bluelife-battery.com\/\" rel=\"nofollow noopener\" target=\"_blank\">Bluelife Battery<\/a> or Inneon and investors such as the <a href=\"http:\/\/www.fjme.org\/\" rel=\"nofollow noopener\" target=\"_blank\">Jos\u00e9 Manuel Entrecanales Foundation<\/a>, <a href=\"http:\/\/www.aeban.es\/\" rel=\"nofollow noopener\" target=\"_blank\">AEBAN<\/a>, <a href=\"https:\/\/www.sociosinversores.es\/descuento-emprendedor\/?gclid=CP_UtpbwnMECFU7MtAodqh4AVw\" rel=\"nofollow noopener\" target=\"_blank\">Socios Inversore<\/a>s,&nbsp;<a href=\"http:\/\/www.demeter-partners.com\/es\" rel=\"nofollow noopener\" target=\"_blank\">DemeterPartners<\/a> and <a href=\"http:\/\/www.creas.org.es\/\" rel=\"nofollow noopener\" target=\"_blank\">CREAS,<\/a> will be present during this event to publicize their proposals.<\/p>\n<p>  The director of the Biodiversity Foundation, Sonia Casta\u00f1eda, has participated&nbsp;today&nbsp;in the&nbsp;Startup&nbsp;School with a presentation on &#8220;Business opportunities in the green economy&#8221; in which he stressed that &#8220;there are many experiences of successful companies within the framework of the Emprendeverde Network&#8221;, and highlighted sectors such as &#8220;energy efficiency, waste treatment or organic agriculture as sectors of great projection in the creation of this type of enterprise&#8221;.<\/p>\n<p>  The Emprendeverde Network is an initiative of the Biodiversity Foundation to promote the creation and consolidation of companies or new lines of business in activities related to the environment and channel investment towards sustainable economic activities.<\/p>\n<p>  It is the first platform aimed at entrepreneurs and investors specialized in green business. It provides a showcase for companies&#8217; products and services, organizes investment photos to channel investment towards sustainable economic activities and develops activities such as meetings and awards.<\/p>\n<p><strong>The South Summit <\/strong><br \/> The South Summit is one of Southern Europe&#8217;s leading startup conferences, where the best talent from the Mediterranean and Latin America meet the world&#8217;s leading investors and most innovative corporations. In just 2 years, Spain Startup &amp; Investor Summit has become the largest startup conference in Southern Europe.  <br \/>\n&nbsp;<br \/>  In this 2014 edition, 5,000 attendees are expected, including 2,500 entrepreneurs, 100 startups and 400 investors from 25 countries.<\/p>\n<p><a href=\"http:\/\/fundacion-biodiversidad.es\/prensa\/recursos-multimedia\/participacion-de-la-fundacion-biodiversidad-en-spain-startup-south-summit\" target=\"_blank\" rel=\"noopener\">Images of the participation of the Biodiversity Foundation.<\/a><br \/>\n&nbsp;<\/p>\n","protected":false},"author":11,"featured_media":0,"template":"","meta":{"_acf_changed":false},"palabras_clave":[35,56,57,55,36,58],"class_list":["post-97857982","actualidad_home","type-actualidad_home","status-publish","hentry","palabras_clave-biodiversidad","palabras_clave-empleo-verde","palabras_clave-emprendedor","palabras_clave-emprendimiento","palabras_clave-medio-ambiente","palabras_clave-spain-startup"],"acf":[],"yoast_head":"<!-- This site is optimized with the Yoast SEO plugin v26.9 - https:\/\/yoast.com\/product\/yoast-seo-wordpress\/ -->\n<title>The Biodiversity Foundation participates in the largest summit of entrepreneurs and investors in Southern Europe - Fundaci\u00f3n Biodiversidad<\/title>\n<meta name=\"robots\" content=\"index, follow, max-snippet:-1, max-image-preview:large, max-video-preview:-1\" \/>\n<link rel=\"canonical\" href=\"https:\/\/fundacion-biodiversidad.es\/en\/actualidad_home\/the-biodiversity-foundation-participates-in-the-largest-summit-of-entrepreneurs-and-investors-in-southern-europe\/\" \/>\n<meta property=\"og:locale\" content=\"en_US\" \/>\n<meta property=\"og:type\" content=\"article\" \/>\n<meta property=\"og:title\" content=\"The Biodiversity Foundation participates in the largest summit of entrepreneurs and investors in Southern Europe - Fundaci\u00f3n Biodiversidad\" \/>\n<meta property=\"og:description\" content=\"The Biodiversity Foundation of the Ministry of Agriculture, Food and the Environment, through its Red emprendeverde, participates in&nbsp;&#8220;The South Summit&#8221;, the largest meeting point for [&hellip;]\" \/>\n<meta property=\"og:url\" content=\"https:\/\/fundacion-biodiversidad.es\/en\/actualidad_home\/the-biodiversity-foundation-participates-in-the-largest-summit-of-entrepreneurs-and-investors-in-southern-europe\/\" \/>\n<meta property=\"og:site_name\" content=\"Fundaci\u00f3n Biodiversidad\" \/>\n<meta property=\"og:image\" content=\"https:\/\/fundacion-biodiversidad.es\/wp-content\/uploads\/2023\/01\/2487661294_35330241_720x405.png\" \/>\n\t<meta property=\"og:image:width\" content=\"720\" \/>\n\t<meta property=\"og:image:height\" content=\"405\" \/>\n\t<meta property=\"og:image:type\" content=\"image\/png\" \/>\n<meta name=\"twitter:card\" content=\"summary_large_image\" \/>\n<meta name=\"twitter:label1\" content=\"Est. reading time\" \/>\n\t<meta name=\"twitter:data1\" content=\"2 minutes\" \/>\n<script type=\"application\/ld+json\" class=\"yoast-schema-graph\">{\"@context\":\"https:\/\/schema.org\",\"@graph\":[{\"@type\":\"WebPage\",\"@id\":\"https:\/\/fundacion-biodiversidad.es\/en\/actualidad_home\/the-biodiversity-foundation-participates-in-the-largest-summit-of-entrepreneurs-and-investors-in-southern-europe\/\",\"url\":\"https:\/\/fundacion-biodiversidad.es\/en\/actualidad_home\/the-biodiversity-foundation-participates-in-the-largest-summit-of-entrepreneurs-and-investors-in-southern-europe\/\",\"name\":\"The Biodiversity Foundation participates in the largest summit of entrepreneurs and investors in Southern Europe - Fundaci\u00f3n Biodiversidad\",\"isPartOf\":{\"@id\":\"https:\/\/fundacion-biodiversidad.es\/en\/#website\"},\"datePublished\":\"2014-10-08T08:30:32+00:00\",\"breadcrumb\":{\"@id\":\"https:\/\/fundacion-biodiversidad.es\/en\/actualidad_home\/the-biodiversity-foundation-participates-in-the-largest-summit-of-entrepreneurs-and-investors-in-southern-europe\/#breadcrumb\"},\"inLanguage\":\"en-US\",\"potentialAction\":[{\"@type\":\"ReadAction\",\"target\":[\"https:\/\/fundacion-biodiversidad.es\/en\/actualidad_home\/the-biodiversity-foundation-participates-in-the-largest-summit-of-entrepreneurs-and-investors-in-southern-europe\/\"]}]},{\"@type\":\"BreadcrumbList\",\"@id\":\"https:\/\/fundacion-biodiversidad.es\/en\/actualidad_home\/the-biodiversity-foundation-participates-in-the-largest-summit-of-entrepreneurs-and-investors-in-southern-europe\/#breadcrumb\",\"itemListElement\":[{\"@type\":\"ListItem\",\"position\":1,\"name\":\"Portada\",\"item\":\"https:\/\/fundacion-biodiversidad.es\/en\/inicio\/\"},{\"@type\":\"ListItem\",\"position\":2,\"name\":\"Noticias de actualidad\",\"item\":\"https:\/\/fundacion-biodiversidad.es\/en\/actualidad_home\/\"},{\"@type\":\"ListItem\",\"position\":3,\"name\":\"The Biodiversity Foundation participates in the largest summit of entrepreneurs and investors in Southern Europe\"}]},{\"@type\":\"WebSite\",\"@id\":\"https:\/\/fundacion-biodiversidad.es\/en\/#website\",\"url\":\"https:\/\/fundacion-biodiversidad.es\/en\/\",\"name\":\"Fundaci\u00f3n Biodiversidad\",\"description\":\"Fundaci\u00f3n p\u00fablica adscrita al Ministerio para la Transici\u00f3n Ecol\u00f3gica\",\"potentialAction\":[{\"@type\":\"SearchAction\",\"target\":{\"@type\":\"EntryPoint\",\"urlTemplate\":\"https:\/\/fundacion-biodiversidad.es\/en\/?s={search_term_string}\"},\"query-input\":{\"@type\":\"PropertyValueSpecification\",\"valueRequired\":true,\"valueName\":\"search_term_string\"}}],\"inLanguage\":\"en-US\"}]}<\/script>\n<!-- \/ Yoast SEO plugin. -->","yoast_head_json":{"title":"The Biodiversity Foundation participates in the largest summit of entrepreneurs and investors in Southern Europe - Fundaci\u00f3n Biodiversidad","robots":{"index":"index","follow":"follow","max-snippet":"max-snippet:-1","max-image-preview":"max-image-preview:large","max-video-preview":"max-video-preview:-1"},"canonical":"https:\/\/fundacion-biodiversidad.es\/en\/actualidad_home\/the-biodiversity-foundation-participates-in-the-largest-summit-of-entrepreneurs-and-investors-in-southern-europe\/","og_locale":"en_US","og_type":"article","og_title":"The Biodiversity Foundation participates in the largest summit of entrepreneurs and investors in Southern Europe - Fundaci\u00f3n Biodiversidad","og_description":"The Biodiversity Foundation of the Ministry of Agriculture, Food and the Environment, through its Red emprendeverde, participates in&nbsp;&#8220;The South Summit&#8221;, the largest meeting point for [&hellip;]","og_url":"https:\/\/fundacion-biodiversidad.es\/en\/actualidad_home\/the-biodiversity-foundation-participates-in-the-largest-summit-of-entrepreneurs-and-investors-in-southern-europe\/","og_site_name":"Fundaci\u00f3n Biodiversidad","og_image":[{"width":720,"height":405,"url":"https:\/\/fundacion-biodiversidad.es\/wp-content\/uploads\/2023\/01\/2487661294_35330241_720x405.png","type":"image\/png"}],"twitter_card":"summary_large_image","twitter_misc":{"Est. reading time":"2 minutes"},"schema":{"@context":"https:\/\/schema.org","@graph":[{"@type":"WebPage","@id":"https:\/\/fundacion-biodiversidad.es\/en\/actualidad_home\/the-biodiversity-foundation-participates-in-the-largest-summit-of-entrepreneurs-and-investors-in-southern-europe\/","url":"https:\/\/fundacion-biodiversidad.es\/en\/actualidad_home\/the-biodiversity-foundation-participates-in-the-largest-summit-of-entrepreneurs-and-investors-in-southern-europe\/","name":"The Biodiversity Foundation participates in the largest summit of entrepreneurs and investors in Southern Europe - Fundaci\u00f3n Biodiversidad","isPartOf":{"@id":"https:\/\/fundacion-biodiversidad.es\/en\/#website"},"datePublished":"2014-10-08T08:30:32+00:00","breadcrumb":{"@id":"https:\/\/fundacion-biodiversidad.es\/en\/actualidad_home\/the-biodiversity-foundation-participates-in-the-largest-summit-of-entrepreneurs-and-investors-in-southern-europe\/#breadcrumb"},"inLanguage":"en-US","potentialAction":[{"@type":"ReadAction","target":["https:\/\/fundacion-biodiversidad.es\/en\/actualidad_home\/the-biodiversity-foundation-participates-in-the-largest-summit-of-entrepreneurs-and-investors-in-southern-europe\/"]}]},{"@type":"BreadcrumbList","@id":"https:\/\/fundacion-biodiversidad.es\/en\/actualidad_home\/the-biodiversity-foundation-participates-in-the-largest-summit-of-entrepreneurs-and-investors-in-southern-europe\/#breadcrumb","itemListElement":[{"@type":"ListItem","position":1,"name":"Portada","item":"https:\/\/fundacion-biodiversidad.es\/en\/inicio\/"},{"@type":"ListItem","position":2,"name":"Noticias de actualidad","item":"https:\/\/fundacion-biodiversidad.es\/en\/actualidad_home\/"},{"@type":"ListItem","position":3,"name":"The Biodiversity Foundation participates in the largest summit of entrepreneurs and investors in Southern Europe"}]},{"@type":"WebSite","@id":"https:\/\/fundacion-biodiversidad.es\/en\/#website","url":"https:\/\/fundacion-biodiversidad.es\/en\/","name":"Fundaci\u00f3n Biodiversidad","description":"Fundaci\u00f3n p\u00fablica adscrita al Ministerio para la Transici\u00f3n Ecol\u00f3gica","potentialAction":[{"@type":"SearchAction","target":{"@type":"EntryPoint","urlTemplate":"https:\/\/fundacion-biodiversidad.es\/en\/?s={search_term_string}"},"query-input":{"@type":"PropertyValueSpecification","valueRequired":true,"valueName":"search_term_string"}}],"inLanguage":"en-US"}]}},"_links":{"self":[{"href":"https:\/\/fundacion-biodiversidad.es\/en\/wp-json\/wp\/v2\/actualidad_home\/97857982","targetHints":{"allow":["GET"]}}],"collection":[{"href":"https:\/\/fundacion-biodiversidad.es\/en\/wp-json\/wp\/v2\/actualidad_home"}],"about":[{"href":"https:\/\/fundacion-biodiversidad.es\/en\/wp-json\/wp\/v2\/types\/actualidad_home"}],"author":[{"embeddable":true,"href":"https:\/\/fundacion-biodiversidad.es\/en\/wp-json\/wp\/v2\/users\/11"}],"wp:attachment":[{"href":"https:\/\/fundacion-biodiversidad.es\/en\/wp-json\/wp\/v2\/media?parent=97857982"}],"wp:term":[{"taxonomy":"palabras_clave","embeddable":true,"href":"https:\/\/fundacion-biodiversidad.es\/en\/wp-json\/wp\/v2\/palabras_clave?post=97857982"}],"curies":[{"name":"wp","href":"https:\/\/api.w.org\/{rel}","templated":true}]}}