{"id":97857986,"date":"2016-04-11T08:00:00","date_gmt":"2016-04-11T06:00:00","guid":{"rendered":"https:\/\/fundacion-biodiversidad.es\/actualidad_home\/a-project-to-learn-more-about-the-killer-whales-of-the-south-of-the-peninsula\/"},"modified":"2016-04-11T08:00:00","modified_gmt":"2016-04-11T06:00:00","slug":"a-project-to-learn-more-about-the-killer-whales-of-the-south-of-the-peninsula","status":"publish","type":"actualidad_home","link":"https:\/\/fundacion-biodiversidad.es\/en\/actualidad_home\/a-project-to-learn-more-about-the-killer-whales-of-the-south-of-the-peninsula\/","title":{"rendered":"A project to learn more about the killer whales of the south of the peninsula"},"content":{"rendered":"<p>CIRCE, an entity for the Conservation, Information and Study of Cetaceans, with the support of the Biodiversity Foundation of the Ministry of Agriculture, Food and the Environment, has launched a project that focuses on the implementation of a <a href=\"http:\/\/fundacion-biodiversidad.es\/biodiversidad-marina-y-litoral\/proyectos-convocatoria-ayudas\/puesta-en-marcha-del-plan-de-conservacion-de-orcas\" target=\"_blank\" rel=\"noopener\"><strong>conservation plan for the orca in the south of the peninsula<\/strong><\/a>. The central action of the initiative is to improve knowledge about the management unit of the orcas of the Strait of Gibraltar and their natural habitat.<\/p>\n<p> The objective is to know the <strong>distribution of the orca population in the Natura 2000 Network<\/strong> during this year. To that end, they will implement seven satellite markers to track the movements of cetaceans. Another objective of the project is to <strong>update the information available on the species in the Gulf of Cadiz and the Strait of Gibraltar<\/strong> until 2015, to carry out a national identification catalogue of the killer whale and to evaluate possible exchanges of special distribution. All the information will be included in a web platform for consulting the Mediterranean cetacean identification catalogues.<\/p>\n<p> The initiative also contemplates delving into the <strong>threats faced by the species <\/strong>and determining what its possible conservation measures could be. The actions of the project will make it possible to draw maps of the distribution of orcas throughout the year and to know updated biological parameters and social structure of the species, in addition to delving into the diet of these animals. The star result of the project is the creation of a <strong>catalogue for the identification of killer whales at the national level<\/strong>, which will strengthen actions to protect the species.      <br \/>\n&nbsp;<\/p>\n","protected":false},"author":11,"featured_media":35695,"template":"","meta":{"_acf_changed":false},"palabras_clave":[397,239,99,70,396],"class_list":["post-97857986","actualidad_home","type-actualidad_home","status-publish","has-post-thumbnail","hentry","palabras_clave-catalogo","palabras_clave-especie","palabras_clave-mar","palabras_clave-marino","palabras_clave-orcas"],"acf":[],"yoast_head":"<!-- This site is optimized with the Yoast SEO plugin v26.9 - https:\/\/yoast.com\/product\/yoast-seo-wordpress\/ -->\n<title>A project to learn more about the killer whales of the south of the peninsula - Fundaci\u00f3n Biodiversidad<\/title>\n<meta name=\"robots\" content=\"index, follow, max-snippet:-1, max-image-preview:large, max-video-preview:-1\" \/>\n<link rel=\"canonical\" href=\"https:\/\/fundacion-biodiversidad.es\/en\/actualidad_home\/a-project-to-learn-more-about-the-killer-whales-of-the-south-of-the-peninsula\/\" \/>\n<meta property=\"og:locale\" content=\"en_US\" \/>\n<meta property=\"og:type\" content=\"article\" \/>\n<meta property=\"og:title\" content=\"A project to learn more about the killer whales of the south of the peninsula - Fundaci\u00f3n Biodiversidad\" \/>\n<meta property=\"og:description\" content=\"CIRCE, an entity for the Conservation, Information and Study of Cetaceans, with the support of the Biodiversity Foundation of the Ministry of Agriculture, Food and [&hellip;]\" \/>\n<meta property=\"og:url\" content=\"https:\/\/fundacion-biodiversidad.es\/en\/actualidad_home\/a-project-to-learn-more-about-the-killer-whales-of-the-south-of-the-peninsula\/\" \/>\n<meta property=\"og:site_name\" content=\"Fundaci\u00f3n Biodiversidad\" \/>\n<meta property=\"og:image\" content=\"https:\/\/fundacion-biodiversidad.es\/wp-content\/uploads\/2023\/01\/2487661294_35330241_720x405.png\" \/>\n\t<meta property=\"og:image:width\" content=\"720\" \/>\n\t<meta property=\"og:image:height\" content=\"405\" \/>\n\t<meta property=\"og:image:type\" content=\"image\/png\" \/>\n<meta name=\"twitter:card\" content=\"summary_large_image\" \/>\n<meta name=\"twitter:label1\" content=\"Est. reading time\" \/>\n\t<meta name=\"twitter:data1\" content=\"1 minute\" \/>\n<script type=\"application\/ld+json\" class=\"yoast-schema-graph\">{\"@context\":\"https:\/\/schema.org\",\"@graph\":[{\"@type\":\"WebPage\",\"@id\":\"https:\/\/fundacion-biodiversidad.es\/en\/actualidad_home\/a-project-to-learn-more-about-the-killer-whales-of-the-south-of-the-peninsula\/\",\"url\":\"https:\/\/fundacion-biodiversidad.es\/en\/actualidad_home\/a-project-to-learn-more-about-the-killer-whales-of-the-south-of-the-peninsula\/\",\"name\":\"A project to learn more about the killer whales of the south of the peninsula - Fundaci\u00f3n Biodiversidad\",\"isPartOf\":{\"@id\":\"https:\/\/fundacion-biodiversidad.es\/en\/#website\"},\"primaryImageOfPage\":{\"@id\":\"https:\/\/fundacion-biodiversidad.es\/en\/actualidad_home\/a-project-to-learn-more-about-the-killer-whales-of-the-south-of-the-peninsula\/#primaryimage\"},\"image\":{\"@id\":\"https:\/\/fundacion-biodiversidad.es\/en\/actualidad_home\/a-project-to-learn-more-about-the-killer-whales-of-the-south-of-the-peninsula\/#primaryimage\"},\"thumbnailUrl\":\"https:\/\/fundacion-biodiversidad.es\/wp-content\/uploads\/2016\/04\/orcas_estrecho_circe.jpg\",\"datePublished\":\"2016-04-11T06:00:00+00:00\",\"breadcrumb\":{\"@id\":\"https:\/\/fundacion-biodiversidad.es\/en\/actualidad_home\/a-project-to-learn-more-about-the-killer-whales-of-the-south-of-the-peninsula\/#breadcrumb\"},\"inLanguage\":\"en-US\",\"potentialAction\":[{\"@type\":\"ReadAction\",\"target\":[\"https:\/\/fundacion-biodiversidad.es\/en\/actualidad_home\/a-project-to-learn-more-about-the-killer-whales-of-the-south-of-the-peninsula\/\"]}]},{\"@type\":\"ImageObject\",\"inLanguage\":\"en-US\",\"@id\":\"https:\/\/fundacion-biodiversidad.es\/en\/actualidad_home\/a-project-to-learn-more-about-the-killer-whales-of-the-south-of-the-peninsula\/#primaryimage\",\"url\":\"https:\/\/fundacion-biodiversidad.es\/wp-content\/uploads\/2016\/04\/orcas_estrecho_circe.jpg\",\"contentUrl\":\"https:\/\/fundacion-biodiversidad.es\/wp-content\/uploads\/2016\/04\/orcas_estrecho_circe.jpg\",\"width\":1133,\"height\":755},{\"@type\":\"BreadcrumbList\",\"@id\":\"https:\/\/fundacion-biodiversidad.es\/en\/actualidad_home\/a-project-to-learn-more-about-the-killer-whales-of-the-south-of-the-peninsula\/#breadcrumb\",\"itemListElement\":[{\"@type\":\"ListItem\",\"position\":1,\"name\":\"Portada\",\"item\":\"https:\/\/fundacion-biodiversidad.es\/en\/inicio\/\"},{\"@type\":\"ListItem\",\"position\":2,\"name\":\"Noticias de actualidad\",\"item\":\"https:\/\/fundacion-biodiversidad.es\/en\/actualidad_home\/\"},{\"@type\":\"ListItem\",\"position\":3,\"name\":\"A project to learn more about the killer whales of the south of the peninsula\"}]},{\"@type\":\"WebSite\",\"@id\":\"https:\/\/fundacion-biodiversidad.es\/en\/#website\",\"url\":\"https:\/\/fundacion-biodiversidad.es\/en\/\",\"name\":\"Fundaci\u00f3n Biodiversidad\",\"description\":\"Fundaci\u00f3n p\u00fablica adscrita al Ministerio para la Transici\u00f3n Ecol\u00f3gica\",\"potentialAction\":[{\"@type\":\"SearchAction\",\"target\":{\"@type\":\"EntryPoint\",\"urlTemplate\":\"https:\/\/fundacion-biodiversidad.es\/en\/?s={search_term_string}\"},\"query-input\":{\"@type\":\"PropertyValueSpecification\",\"valueRequired\":true,\"valueName\":\"search_term_string\"}}],\"inLanguage\":\"en-US\"}]}<\/script>\n<!-- \/ Yoast SEO plugin. -->","yoast_head_json":{"title":"A project to learn more about the killer whales of the south of the peninsula - Fundaci\u00f3n Biodiversidad","robots":{"index":"index","follow":"follow","max-snippet":"max-snippet:-1","max-image-preview":"max-image-preview:large","max-video-preview":"max-video-preview:-1"},"canonical":"https:\/\/fundacion-biodiversidad.es\/en\/actualidad_home\/a-project-to-learn-more-about-the-killer-whales-of-the-south-of-the-peninsula\/","og_locale":"en_US","og_type":"article","og_title":"A project to learn more about the killer whales of the south of the peninsula - Fundaci\u00f3n Biodiversidad","og_description":"CIRCE, an entity for the Conservation, Information and Study of Cetaceans, with the support of the Biodiversity Foundation of the Ministry of Agriculture, Food and [&hellip;]","og_url":"https:\/\/fundacion-biodiversidad.es\/en\/actualidad_home\/a-project-to-learn-more-about-the-killer-whales-of-the-south-of-the-peninsula\/","og_site_name":"Fundaci\u00f3n Biodiversidad","og_image":[{"width":720,"height":405,"url":"https:\/\/fundacion-biodiversidad.es\/wp-content\/uploads\/2023\/01\/2487661294_35330241_720x405.png","type":"image\/png"}],"twitter_card":"summary_large_image","twitter_misc":{"Est. reading time":"1 minute"},"schema":{"@context":"https:\/\/schema.org","@graph":[{"@type":"WebPage","@id":"https:\/\/fundacion-biodiversidad.es\/en\/actualidad_home\/a-project-to-learn-more-about-the-killer-whales-of-the-south-of-the-peninsula\/","url":"https:\/\/fundacion-biodiversidad.es\/en\/actualidad_home\/a-project-to-learn-more-about-the-killer-whales-of-the-south-of-the-peninsula\/","name":"A project to learn more about the killer whales of the south of the peninsula - Fundaci\u00f3n Biodiversidad","isPartOf":{"@id":"https:\/\/fundacion-biodiversidad.es\/en\/#website"},"primaryImageOfPage":{"@id":"https:\/\/fundacion-biodiversidad.es\/en\/actualidad_home\/a-project-to-learn-more-about-the-killer-whales-of-the-south-of-the-peninsula\/#primaryimage"},"image":{"@id":"https:\/\/fundacion-biodiversidad.es\/en\/actualidad_home\/a-project-to-learn-more-about-the-killer-whales-of-the-south-of-the-peninsula\/#primaryimage"},"thumbnailUrl":"https:\/\/fundacion-biodiversidad.es\/wp-content\/uploads\/2016\/04\/orcas_estrecho_circe.jpg","datePublished":"2016-04-11T06:00:00+00:00","breadcrumb":{"@id":"https:\/\/fundacion-biodiversidad.es\/en\/actualidad_home\/a-project-to-learn-more-about-the-killer-whales-of-the-south-of-the-peninsula\/#breadcrumb"},"inLanguage":"en-US","potentialAction":[{"@type":"ReadAction","target":["https:\/\/fundacion-biodiversidad.es\/en\/actualidad_home\/a-project-to-learn-more-about-the-killer-whales-of-the-south-of-the-peninsula\/"]}]},{"@type":"ImageObject","inLanguage":"en-US","@id":"https:\/\/fundacion-biodiversidad.es\/en\/actualidad_home\/a-project-to-learn-more-about-the-killer-whales-of-the-south-of-the-peninsula\/#primaryimage","url":"https:\/\/fundacion-biodiversidad.es\/wp-content\/uploads\/2016\/04\/orcas_estrecho_circe.jpg","contentUrl":"https:\/\/fundacion-biodiversidad.es\/wp-content\/uploads\/2016\/04\/orcas_estrecho_circe.jpg","width":1133,"height":755},{"@type":"BreadcrumbList","@id":"https:\/\/fundacion-biodiversidad.es\/en\/actualidad_home\/a-project-to-learn-more-about-the-killer-whales-of-the-south-of-the-peninsula\/#breadcrumb","itemListElement":[{"@type":"ListItem","position":1,"name":"Portada","item":"https:\/\/fundacion-biodiversidad.es\/en\/inicio\/"},{"@type":"ListItem","position":2,"name":"Noticias de actualidad","item":"https:\/\/fundacion-biodiversidad.es\/en\/actualidad_home\/"},{"@type":"ListItem","position":3,"name":"A project to learn more about the killer whales of the south of the peninsula"}]},{"@type":"WebSite","@id":"https:\/\/fundacion-biodiversidad.es\/en\/#website","url":"https:\/\/fundacion-biodiversidad.es\/en\/","name":"Fundaci\u00f3n Biodiversidad","description":"Fundaci\u00f3n p\u00fablica adscrita al Ministerio para la Transici\u00f3n Ecol\u00f3gica","potentialAction":[{"@type":"SearchAction","target":{"@type":"EntryPoint","urlTemplate":"https:\/\/fundacion-biodiversidad.es\/en\/?s={search_term_string}"},"query-input":{"@type":"PropertyValueSpecification","valueRequired":true,"valueName":"search_term_string"}}],"inLanguage":"en-US"}]}},"_links":{"self":[{"href":"https:\/\/fundacion-biodiversidad.es\/en\/wp-json\/wp\/v2\/actualidad_home\/97857986","targetHints":{"allow":["GET"]}}],"collection":[{"href":"https:\/\/fundacion-biodiversidad.es\/en\/wp-json\/wp\/v2\/actualidad_home"}],"about":[{"href":"https:\/\/fundacion-biodiversidad.es\/en\/wp-json\/wp\/v2\/types\/actualidad_home"}],"author":[{"embeddable":true,"href":"https:\/\/fundacion-biodiversidad.es\/en\/wp-json\/wp\/v2\/users\/11"}],"wp:featuredmedia":[{"embeddable":true,"href":"https:\/\/fundacion-biodiversidad.es\/en\/wp-json\/wp\/v2\/media\/35695"}],"wp:attachment":[{"href":"https:\/\/fundacion-biodiversidad.es\/en\/wp-json\/wp\/v2\/media?parent=97857986"}],"wp:term":[{"taxonomy":"palabras_clave","embeddable":true,"href":"https:\/\/fundacion-biodiversidad.es\/en\/wp-json\/wp\/v2\/palabras_clave?post=97857986"}],"curies":[{"name":"wp","href":"https:\/\/api.w.org\/{rel}","templated":true}]}}