{"id":97857989,"date":"2016-04-21T09:26:40","date_gmt":"2016-04-21T07:26:40","guid":{"rendered":"https:\/\/fundacion-biodiversidad.es\/actualidad_home\/the-emprendeverde-network-celebrates-its-5th-anniversary-serving-more-than-7600-entrepreneurs\/"},"modified":"2016-04-21T09:26:40","modified_gmt":"2016-04-21T07:26:40","slug":"the-emprendeverde-network-celebrates-its-5th-anniversary-serving-more-than-7600-entrepreneurs","status":"publish","type":"actualidad_home","link":"https:\/\/fundacion-biodiversidad.es\/en\/actualidad_home\/the-emprendeverde-network-celebrates-its-5th-anniversary-serving-more-than-7600-entrepreneurs\/","title":{"rendered":"The Emprendeverde Network celebrates its 5th anniversary serving more than 7,600 entrepreneurs"},"content":{"rendered":"<p>The <strong><a href=\"http:\/\/www.redemprendeverde.es\/\" rel=\"nofollow noopener\" target=\"_blank\">Emprendeverde Network<\/a> <\/strong>has completed its first <strong>5 years of life<\/strong> in April, in which it has served the <strong>more than 7,600 entrepreneurs<\/strong> who currently make up this pioneering platform specialising in green business.<br \/>\n&nbsp;<br \/>  The Network, a project of the Biodiversity Foundation of the Ministry of Agriculture, Food and the Environment, <strong>was created in April 2011<\/strong> with the aim of <strong>supporting entrepreneurs interested in the green economy <\/strong>who are offered general or specialized training and free advice on issues such as the preparation of business plans, incorporation of new lines of business linked to the environment,  specific information on environmental issues, eco-innovation and sustainability and financing and investment channels.<br \/>\n&nbsp;<br \/>  Throughout these 5 years it has become the <strong>first platform specialized in green business aimed at entrepreneurs and<a href=\"http:\/\/www.redemprendeverde.es\/pg\/pages\/view\/165\/Inversi%C3%B3n\/\" rel=\"nofollow noopener\" target=\"_blank\"> investors<\/a><\/strong>. Among the free services offered by the Network to its more than 7,600 members are the &#8220;Green Investment Forums&#8221;, organized in collaboration with entities such as the <strong>Spanish Association of Business Angels <\/strong>(AEBAN), <strong>the IESE Business School <\/strong>and <strong>Keiretsu Forum<\/strong>. In the 3 Investment Forums held so far, more than 20 entrepreneurs have presented their initiatives to 70 investors.  <br \/>\n&nbsp;<br \/>  We have also held two editions <a href=\"http:\/\/fundacion-biodiversidad.es\/sites\/default\/files\/informacion-institucional\/folletoempleaverdeespanol.pdf\" target=\"_blank\" rel=\"noopener\"><strong>of the Emprendeverde Network Awards<\/strong><\/a>, to which 455 candidates applied. The 54 award-winning entrepreneurship projects represent more than 18 economic sectors linked to the environment. <br \/>\n&nbsp;<br \/>  12 Emprendeverde meetings in which nearly 600 entrepreneurs have participated, four <strong>training programs for 77 green entrepreneurs <\/strong>or two mentoring programs in which 10 green entrepreneurs have participated, carried out with the collaboration of organizations such as Emprende Capital and Spain StartUp, are some of the most outstanding free services offered by the Emprendeverde Network in these first 5 years.<br \/>\n&nbsp;<\/p>\n","protected":false},"author":11,"featured_media":35699,"template":"","meta":{"_acf_changed":false},"palabras_clave":[54,57,181,89],"class_list":["post-97857989","actualidad_home","type-actualidad_home","status-publish","has-post-thumbnail","hentry","palabras_clave-economia-verde","palabras_clave-emprendedor","palabras_clave-inversores","palabras_clave-reciclaje"],"acf":[],"yoast_head":"<!-- This site is optimized with the Yoast SEO plugin v26.9 - https:\/\/yoast.com\/product\/yoast-seo-wordpress\/ -->\n<title>The Emprendeverde Network celebrates its 5th anniversary serving more than 7,600 entrepreneurs - Fundaci\u00f3n Biodiversidad<\/title>\n<meta name=\"robots\" content=\"index, follow, max-snippet:-1, max-image-preview:large, max-video-preview:-1\" \/>\n<link rel=\"canonical\" href=\"https:\/\/fundacion-biodiversidad.es\/en\/actualidad_home\/the-emprendeverde-network-celebrates-its-5th-anniversary-serving-more-than-7600-entrepreneurs\/\" \/>\n<meta property=\"og:locale\" content=\"en_US\" \/>\n<meta property=\"og:type\" content=\"article\" \/>\n<meta property=\"og:title\" content=\"The Emprendeverde Network celebrates its 5th anniversary serving more than 7,600 entrepreneurs - Fundaci\u00f3n Biodiversidad\" \/>\n<meta property=\"og:description\" content=\"The Emprendeverde Network has completed its first 5 years of life in April, in which it has served the more than 7,600 entrepreneurs who currently [&hellip;]\" \/>\n<meta property=\"og:url\" content=\"https:\/\/fundacion-biodiversidad.es\/en\/actualidad_home\/the-emprendeverde-network-celebrates-its-5th-anniversary-serving-more-than-7600-entrepreneurs\/\" \/>\n<meta property=\"og:site_name\" content=\"Fundaci\u00f3n Biodiversidad\" \/>\n<meta property=\"og:image\" content=\"https:\/\/fundacion-biodiversidad.es\/wp-content\/uploads\/2023\/01\/2487661294_35330241_720x405.png\" \/>\n\t<meta property=\"og:image:width\" content=\"720\" \/>\n\t<meta property=\"og:image:height\" content=\"405\" \/>\n\t<meta property=\"og:image:type\" content=\"image\/png\" \/>\n<meta name=\"twitter:card\" content=\"summary_large_image\" \/>\n<meta name=\"twitter:label1\" content=\"Est. reading time\" \/>\n\t<meta name=\"twitter:data1\" content=\"1 minute\" \/>\n<script type=\"application\/ld+json\" class=\"yoast-schema-graph\">{\"@context\":\"https:\/\/schema.org\",\"@graph\":[{\"@type\":\"WebPage\",\"@id\":\"https:\/\/fundacion-biodiversidad.es\/en\/actualidad_home\/the-emprendeverde-network-celebrates-its-5th-anniversary-serving-more-than-7600-entrepreneurs\/\",\"url\":\"https:\/\/fundacion-biodiversidad.es\/en\/actualidad_home\/the-emprendeverde-network-celebrates-its-5th-anniversary-serving-more-than-7600-entrepreneurs\/\",\"name\":\"The Emprendeverde Network celebrates its 5th anniversary serving more than 7,600 entrepreneurs - Fundaci\u00f3n Biodiversidad\",\"isPartOf\":{\"@id\":\"https:\/\/fundacion-biodiversidad.es\/en\/#website\"},\"primaryImageOfPage\":{\"@id\":\"https:\/\/fundacion-biodiversidad.es\/en\/actualidad_home\/the-emprendeverde-network-celebrates-its-5th-anniversary-serving-more-than-7600-entrepreneurs\/#primaryimage\"},\"image\":{\"@id\":\"https:\/\/fundacion-biodiversidad.es\/en\/actualidad_home\/the-emprendeverde-network-celebrates-its-5th-anniversary-serving-more-than-7600-entrepreneurs\/#primaryimage\"},\"thumbnailUrl\":\"https:\/\/fundacion-biodiversidad.es\/wp-content\/uploads\/2016\/04\/infografia_rev.png\",\"datePublished\":\"2016-04-21T07:26:40+00:00\",\"breadcrumb\":{\"@id\":\"https:\/\/fundacion-biodiversidad.es\/en\/actualidad_home\/the-emprendeverde-network-celebrates-its-5th-anniversary-serving-more-than-7600-entrepreneurs\/#breadcrumb\"},\"inLanguage\":\"en-US\",\"potentialAction\":[{\"@type\":\"ReadAction\",\"target\":[\"https:\/\/fundacion-biodiversidad.es\/en\/actualidad_home\/the-emprendeverde-network-celebrates-its-5th-anniversary-serving-more-than-7600-entrepreneurs\/\"]}]},{\"@type\":\"ImageObject\",\"inLanguage\":\"en-US\",\"@id\":\"https:\/\/fundacion-biodiversidad.es\/en\/actualidad_home\/the-emprendeverde-network-celebrates-its-5th-anniversary-serving-more-than-7600-entrepreneurs\/#primaryimage\",\"url\":\"https:\/\/fundacion-biodiversidad.es\/wp-content\/uploads\/2016\/04\/infografia_rev.png\",\"contentUrl\":\"https:\/\/fundacion-biodiversidad.es\/wp-content\/uploads\/2016\/04\/infografia_rev.png\",\"width\":1000,\"height\":280},{\"@type\":\"BreadcrumbList\",\"@id\":\"https:\/\/fundacion-biodiversidad.es\/en\/actualidad_home\/the-emprendeverde-network-celebrates-its-5th-anniversary-serving-more-than-7600-entrepreneurs\/#breadcrumb\",\"itemListElement\":[{\"@type\":\"ListItem\",\"position\":1,\"name\":\"Portada\",\"item\":\"https:\/\/fundacion-biodiversidad.es\/en\/inicio\/\"},{\"@type\":\"ListItem\",\"position\":2,\"name\":\"Noticias de actualidad\",\"item\":\"https:\/\/fundacion-biodiversidad.es\/en\/actualidad_home\/\"},{\"@type\":\"ListItem\",\"position\":3,\"name\":\"The Emprendeverde Network celebrates its 5th anniversary serving more than 7,600 entrepreneurs\"}]},{\"@type\":\"WebSite\",\"@id\":\"https:\/\/fundacion-biodiversidad.es\/en\/#website\",\"url\":\"https:\/\/fundacion-biodiversidad.es\/en\/\",\"name\":\"Fundaci\u00f3n Biodiversidad\",\"description\":\"Fundaci\u00f3n p\u00fablica adscrita al Ministerio para la Transici\u00f3n Ecol\u00f3gica\",\"potentialAction\":[{\"@type\":\"SearchAction\",\"target\":{\"@type\":\"EntryPoint\",\"urlTemplate\":\"https:\/\/fundacion-biodiversidad.es\/en\/?s={search_term_string}\"},\"query-input\":{\"@type\":\"PropertyValueSpecification\",\"valueRequired\":true,\"valueName\":\"search_term_string\"}}],\"inLanguage\":\"en-US\"}]}<\/script>\n<!-- \/ Yoast SEO plugin. -->","yoast_head_json":{"title":"The Emprendeverde Network celebrates its 5th anniversary serving more than 7,600 entrepreneurs - Fundaci\u00f3n Biodiversidad","robots":{"index":"index","follow":"follow","max-snippet":"max-snippet:-1","max-image-preview":"max-image-preview:large","max-video-preview":"max-video-preview:-1"},"canonical":"https:\/\/fundacion-biodiversidad.es\/en\/actualidad_home\/the-emprendeverde-network-celebrates-its-5th-anniversary-serving-more-than-7600-entrepreneurs\/","og_locale":"en_US","og_type":"article","og_title":"The Emprendeverde Network celebrates its 5th anniversary serving more than 7,600 entrepreneurs - Fundaci\u00f3n Biodiversidad","og_description":"The Emprendeverde Network has completed its first 5 years of life in April, in which it has served the more than 7,600 entrepreneurs who currently [&hellip;]","og_url":"https:\/\/fundacion-biodiversidad.es\/en\/actualidad_home\/the-emprendeverde-network-celebrates-its-5th-anniversary-serving-more-than-7600-entrepreneurs\/","og_site_name":"Fundaci\u00f3n Biodiversidad","og_image":[{"width":720,"height":405,"url":"https:\/\/fundacion-biodiversidad.es\/wp-content\/uploads\/2023\/01\/2487661294_35330241_720x405.png","type":"image\/png"}],"twitter_card":"summary_large_image","twitter_misc":{"Est. reading time":"1 minute"},"schema":{"@context":"https:\/\/schema.org","@graph":[{"@type":"WebPage","@id":"https:\/\/fundacion-biodiversidad.es\/en\/actualidad_home\/the-emprendeverde-network-celebrates-its-5th-anniversary-serving-more-than-7600-entrepreneurs\/","url":"https:\/\/fundacion-biodiversidad.es\/en\/actualidad_home\/the-emprendeverde-network-celebrates-its-5th-anniversary-serving-more-than-7600-entrepreneurs\/","name":"The Emprendeverde Network celebrates its 5th anniversary serving more than 7,600 entrepreneurs - Fundaci\u00f3n Biodiversidad","isPartOf":{"@id":"https:\/\/fundacion-biodiversidad.es\/en\/#website"},"primaryImageOfPage":{"@id":"https:\/\/fundacion-biodiversidad.es\/en\/actualidad_home\/the-emprendeverde-network-celebrates-its-5th-anniversary-serving-more-than-7600-entrepreneurs\/#primaryimage"},"image":{"@id":"https:\/\/fundacion-biodiversidad.es\/en\/actualidad_home\/the-emprendeverde-network-celebrates-its-5th-anniversary-serving-more-than-7600-entrepreneurs\/#primaryimage"},"thumbnailUrl":"https:\/\/fundacion-biodiversidad.es\/wp-content\/uploads\/2016\/04\/infografia_rev.png","datePublished":"2016-04-21T07:26:40+00:00","breadcrumb":{"@id":"https:\/\/fundacion-biodiversidad.es\/en\/actualidad_home\/the-emprendeverde-network-celebrates-its-5th-anniversary-serving-more-than-7600-entrepreneurs\/#breadcrumb"},"inLanguage":"en-US","potentialAction":[{"@type":"ReadAction","target":["https:\/\/fundacion-biodiversidad.es\/en\/actualidad_home\/the-emprendeverde-network-celebrates-its-5th-anniversary-serving-more-than-7600-entrepreneurs\/"]}]},{"@type":"ImageObject","inLanguage":"en-US","@id":"https:\/\/fundacion-biodiversidad.es\/en\/actualidad_home\/the-emprendeverde-network-celebrates-its-5th-anniversary-serving-more-than-7600-entrepreneurs\/#primaryimage","url":"https:\/\/fundacion-biodiversidad.es\/wp-content\/uploads\/2016\/04\/infografia_rev.png","contentUrl":"https:\/\/fundacion-biodiversidad.es\/wp-content\/uploads\/2016\/04\/infografia_rev.png","width":1000,"height":280},{"@type":"BreadcrumbList","@id":"https:\/\/fundacion-biodiversidad.es\/en\/actualidad_home\/the-emprendeverde-network-celebrates-its-5th-anniversary-serving-more-than-7600-entrepreneurs\/#breadcrumb","itemListElement":[{"@type":"ListItem","position":1,"name":"Portada","item":"https:\/\/fundacion-biodiversidad.es\/en\/inicio\/"},{"@type":"ListItem","position":2,"name":"Noticias de actualidad","item":"https:\/\/fundacion-biodiversidad.es\/en\/actualidad_home\/"},{"@type":"ListItem","position":3,"name":"The Emprendeverde Network celebrates its 5th anniversary serving more than 7,600 entrepreneurs"}]},{"@type":"WebSite","@id":"https:\/\/fundacion-biodiversidad.es\/en\/#website","url":"https:\/\/fundacion-biodiversidad.es\/en\/","name":"Fundaci\u00f3n Biodiversidad","description":"Fundaci\u00f3n p\u00fablica adscrita al Ministerio para la Transici\u00f3n Ecol\u00f3gica","potentialAction":[{"@type":"SearchAction","target":{"@type":"EntryPoint","urlTemplate":"https:\/\/fundacion-biodiversidad.es\/en\/?s={search_term_string}"},"query-input":{"@type":"PropertyValueSpecification","valueRequired":true,"valueName":"search_term_string"}}],"inLanguage":"en-US"}]}},"_links":{"self":[{"href":"https:\/\/fundacion-biodiversidad.es\/en\/wp-json\/wp\/v2\/actualidad_home\/97857989","targetHints":{"allow":["GET"]}}],"collection":[{"href":"https:\/\/fundacion-biodiversidad.es\/en\/wp-json\/wp\/v2\/actualidad_home"}],"about":[{"href":"https:\/\/fundacion-biodiversidad.es\/en\/wp-json\/wp\/v2\/types\/actualidad_home"}],"author":[{"embeddable":true,"href":"https:\/\/fundacion-biodiversidad.es\/en\/wp-json\/wp\/v2\/users\/11"}],"wp:featuredmedia":[{"embeddable":true,"href":"https:\/\/fundacion-biodiversidad.es\/en\/wp-json\/wp\/v2\/media\/35699"}],"wp:attachment":[{"href":"https:\/\/fundacion-biodiversidad.es\/en\/wp-json\/wp\/v2\/media?parent=97857989"}],"wp:term":[{"taxonomy":"palabras_clave","embeddable":true,"href":"https:\/\/fundacion-biodiversidad.es\/en\/wp-json\/wp\/v2\/palabras_clave?post=97857989"}],"curies":[{"name":"wp","href":"https:\/\/api.w.org\/{rel}","templated":true}]}}