{"id":97857991,"date":"2016-04-01T07:50:58","date_gmt":"2016-04-01T05:50:58","guid":{"rendered":"https:\/\/fundacion-biodiversidad.es\/actualidad_home\/new-awareness-raising-actions-within-the-framework-of-life-desmania\/"},"modified":"2016-04-01T07:50:58","modified_gmt":"2016-04-01T05:50:58","slug":"new-awareness-raising-actions-within-the-framework-of-life-desmania","status":"publish","type":"actualidad_home","link":"https:\/\/fundacion-biodiversidad.es\/en\/actualidad_home\/new-awareness-raising-actions-within-the-framework-of-life-desmania\/","title":{"rendered":"New awareness-raising actions within the framework of LIFE+ Desmania"},"content":{"rendered":"<p>The city of Plasencia has hosted various activities aimed at <a href=\"http:\/\/www.lifedesman.es\/es\/proyecto-life\/acciones\" rel=\"nofollow noopener\" target=\"_blank\"><strong>improving the knowledge of the Iberian desman in the area of Extremadura<\/strong><\/a>. Several public schools in the town have hosted an action that uses social and collaborative theatre as a tool, carried out by the students of the centres themselves. These actions have been attended by representatives of the City Council of Plasencia, the General Directorate of Environment of the Ministry of Environment and Rural, Agrarian Policies and Territory of the Junta de Extremadura, as well as the deputy director of the Biodiversity Foundation of the Ministry of Agriculture, Food and Environment, Ignacio Torres, who coordinates the project.<\/p>\n<p> During the week, work has been carried out in the area through theatre for a greater knowledge of the desman and its habitat and especially for it to be <strong>protected and recognised as a species of vital importance <\/strong>to gauge the health of river resources. All actions aimed at protecting the desman and its habitat are accompanied by awareness-raising processes for the population that lives in areas where the desman is present.   <\/p>\n<p>  With today&#8217;s performance in Plasencia by the students of the Public School of Tornavacas and the screening of the short film made by the Public School of Garganta la Olla, an action shared with the entire educational community that has been a <strong>milestone for the LIFE+ Desmania Project <\/strong>and the knowledge of the Iberian desman in Extremadura comes to an end.<\/p>\n<p> <strong><a href=\"http:\/\/www.lifedesman.es\/\" rel=\"nofollow noopener\" target=\"_blank\">LIFE+ Desmania aims to<\/a> <\/strong>conserve the Iberian desman (Galemys pyrenaicus), a small aquatic mammal that inhabits the vicinity of rivers, streams and lakes in mountainous areas and is distributed from the French side of the Pyrenees to Portugal, although it is in Spain where most of its population is found. The actions of the project aim to improve their conservation status and that of their habitat, promote environmental education and encourage awareness and participation in society. <br \/>\n&nbsp;<br \/>  This project, <strong>50% co-financed by the European Commission<\/strong>, is being developed in Natura 2000 Network areas in the provinces of Le\u00f3n, Zamora, Salamanca, \u00c1vila, Palencia and C\u00e1ceres.<br \/>\n&nbsp;<\/p>\n","protected":false},"author":11,"featured_media":35693,"template":"","meta":{"_acf_changed":false},"palabras_clave":[174,239,251],"class_list":["post-97857991","actualidad_home","type-actualidad_home","status-publish","has-post-thumbnail","hentry","palabras_clave-desman","palabras_clave-especie","palabras_clave-habitat"],"acf":[],"yoast_head":"<!-- This site is optimized with the Yoast SEO plugin v26.9 - https:\/\/yoast.com\/product\/yoast-seo-wordpress\/ -->\n<title>New awareness-raising actions within the framework of LIFE+ Desmania - Fundaci\u00f3n Biodiversidad<\/title>\n<meta name=\"robots\" content=\"index, follow, max-snippet:-1, max-image-preview:large, max-video-preview:-1\" \/>\n<link rel=\"canonical\" href=\"https:\/\/fundacion-biodiversidad.es\/en\/actualidad_home\/new-awareness-raising-actions-within-the-framework-of-life-desmania\/\" \/>\n<meta property=\"og:locale\" content=\"en_US\" \/>\n<meta property=\"og:type\" content=\"article\" \/>\n<meta property=\"og:title\" content=\"New awareness-raising actions within the framework of LIFE+ Desmania - Fundaci\u00f3n Biodiversidad\" \/>\n<meta property=\"og:description\" content=\"The city of Plasencia has hosted various activities aimed at improving the knowledge of the Iberian desman in the area of Extremadura. Several public schools [&hellip;]\" \/>\n<meta property=\"og:url\" content=\"https:\/\/fundacion-biodiversidad.es\/en\/actualidad_home\/new-awareness-raising-actions-within-the-framework-of-life-desmania\/\" \/>\n<meta property=\"og:site_name\" content=\"Fundaci\u00f3n Biodiversidad\" \/>\n<meta property=\"og:image\" content=\"https:\/\/fundacion-biodiversidad.es\/wp-content\/uploads\/2023\/01\/2487661294_35330241_720x405.png\" \/>\n\t<meta property=\"og:image:width\" content=\"720\" \/>\n\t<meta property=\"og:image:height\" content=\"405\" \/>\n\t<meta property=\"og:image:type\" content=\"image\/png\" \/>\n<meta name=\"twitter:card\" content=\"summary_large_image\" \/>\n<meta name=\"twitter:label1\" content=\"Est. reading time\" \/>\n\t<meta name=\"twitter:data1\" content=\"2 minutes\" \/>\n<script type=\"application\/ld+json\" class=\"yoast-schema-graph\">{\"@context\":\"https:\/\/schema.org\",\"@graph\":[{\"@type\":\"WebPage\",\"@id\":\"https:\/\/fundacion-biodiversidad.es\/en\/actualidad_home\/new-awareness-raising-actions-within-the-framework-of-life-desmania\/\",\"url\":\"https:\/\/fundacion-biodiversidad.es\/en\/actualidad_home\/new-awareness-raising-actions-within-the-framework-of-life-desmania\/\",\"name\":\"New awareness-raising actions within the framework of LIFE+ Desmania - Fundaci\u00f3n Biodiversidad\",\"isPartOf\":{\"@id\":\"https:\/\/fundacion-biodiversidad.es\/en\/#website\"},\"primaryImageOfPage\":{\"@id\":\"https:\/\/fundacion-biodiversidad.es\/en\/actualidad_home\/new-awareness-raising-actions-within-the-framework-of-life-desmania\/#primaryimage\"},\"image\":{\"@id\":\"https:\/\/fundacion-biodiversidad.es\/en\/actualidad_home\/new-awareness-raising-actions-within-the-framework-of-life-desmania\/#primaryimage\"},\"thumbnailUrl\":\"https:\/\/fundacion-biodiversidad.es\/wp-content\/uploads\/2016\/04\/acciones_sensibilizacion_desmania.jpg\",\"datePublished\":\"2016-04-01T05:50:58+00:00\",\"breadcrumb\":{\"@id\":\"https:\/\/fundacion-biodiversidad.es\/en\/actualidad_home\/new-awareness-raising-actions-within-the-framework-of-life-desmania\/#breadcrumb\"},\"inLanguage\":\"en-US\",\"potentialAction\":[{\"@type\":\"ReadAction\",\"target\":[\"https:\/\/fundacion-biodiversidad.es\/en\/actualidad_home\/new-awareness-raising-actions-within-the-framework-of-life-desmania\/\"]}]},{\"@type\":\"ImageObject\",\"inLanguage\":\"en-US\",\"@id\":\"https:\/\/fundacion-biodiversidad.es\/en\/actualidad_home\/new-awareness-raising-actions-within-the-framework-of-life-desmania\/#primaryimage\",\"url\":\"https:\/\/fundacion-biodiversidad.es\/wp-content\/uploads\/2016\/04\/acciones_sensibilizacion_desmania.jpg\",\"contentUrl\":\"https:\/\/fundacion-biodiversidad.es\/wp-content\/uploads\/2016\/04\/acciones_sensibilizacion_desmania.jpg\",\"width\":1530,\"height\":972},{\"@type\":\"BreadcrumbList\",\"@id\":\"https:\/\/fundacion-biodiversidad.es\/en\/actualidad_home\/new-awareness-raising-actions-within-the-framework-of-life-desmania\/#breadcrumb\",\"itemListElement\":[{\"@type\":\"ListItem\",\"position\":1,\"name\":\"Portada\",\"item\":\"https:\/\/fundacion-biodiversidad.es\/en\/inicio\/\"},{\"@type\":\"ListItem\",\"position\":2,\"name\":\"Noticias de actualidad\",\"item\":\"https:\/\/fundacion-biodiversidad.es\/en\/actualidad_home\/\"},{\"@type\":\"ListItem\",\"position\":3,\"name\":\"New awareness-raising actions within the framework of LIFE+ Desmania\"}]},{\"@type\":\"WebSite\",\"@id\":\"https:\/\/fundacion-biodiversidad.es\/en\/#website\",\"url\":\"https:\/\/fundacion-biodiversidad.es\/en\/\",\"name\":\"Fundaci\u00f3n Biodiversidad\",\"description\":\"Fundaci\u00f3n p\u00fablica adscrita al Ministerio para la Transici\u00f3n Ecol\u00f3gica\",\"potentialAction\":[{\"@type\":\"SearchAction\",\"target\":{\"@type\":\"EntryPoint\",\"urlTemplate\":\"https:\/\/fundacion-biodiversidad.es\/en\/?s={search_term_string}\"},\"query-input\":{\"@type\":\"PropertyValueSpecification\",\"valueRequired\":true,\"valueName\":\"search_term_string\"}}],\"inLanguage\":\"en-US\"}]}<\/script>\n<!-- \/ Yoast SEO plugin. -->","yoast_head_json":{"title":"New awareness-raising actions within the framework of LIFE+ Desmania - Fundaci\u00f3n Biodiversidad","robots":{"index":"index","follow":"follow","max-snippet":"max-snippet:-1","max-image-preview":"max-image-preview:large","max-video-preview":"max-video-preview:-1"},"canonical":"https:\/\/fundacion-biodiversidad.es\/en\/actualidad_home\/new-awareness-raising-actions-within-the-framework-of-life-desmania\/","og_locale":"en_US","og_type":"article","og_title":"New awareness-raising actions within the framework of LIFE+ Desmania - Fundaci\u00f3n Biodiversidad","og_description":"The city of Plasencia has hosted various activities aimed at improving the knowledge of the Iberian desman in the area of Extremadura. Several public schools [&hellip;]","og_url":"https:\/\/fundacion-biodiversidad.es\/en\/actualidad_home\/new-awareness-raising-actions-within-the-framework-of-life-desmania\/","og_site_name":"Fundaci\u00f3n Biodiversidad","og_image":[{"width":720,"height":405,"url":"https:\/\/fundacion-biodiversidad.es\/wp-content\/uploads\/2023\/01\/2487661294_35330241_720x405.png","type":"image\/png"}],"twitter_card":"summary_large_image","twitter_misc":{"Est. reading time":"2 minutes"},"schema":{"@context":"https:\/\/schema.org","@graph":[{"@type":"WebPage","@id":"https:\/\/fundacion-biodiversidad.es\/en\/actualidad_home\/new-awareness-raising-actions-within-the-framework-of-life-desmania\/","url":"https:\/\/fundacion-biodiversidad.es\/en\/actualidad_home\/new-awareness-raising-actions-within-the-framework-of-life-desmania\/","name":"New awareness-raising actions within the framework of LIFE+ Desmania - Fundaci\u00f3n Biodiversidad","isPartOf":{"@id":"https:\/\/fundacion-biodiversidad.es\/en\/#website"},"primaryImageOfPage":{"@id":"https:\/\/fundacion-biodiversidad.es\/en\/actualidad_home\/new-awareness-raising-actions-within-the-framework-of-life-desmania\/#primaryimage"},"image":{"@id":"https:\/\/fundacion-biodiversidad.es\/en\/actualidad_home\/new-awareness-raising-actions-within-the-framework-of-life-desmania\/#primaryimage"},"thumbnailUrl":"https:\/\/fundacion-biodiversidad.es\/wp-content\/uploads\/2016\/04\/acciones_sensibilizacion_desmania.jpg","datePublished":"2016-04-01T05:50:58+00:00","breadcrumb":{"@id":"https:\/\/fundacion-biodiversidad.es\/en\/actualidad_home\/new-awareness-raising-actions-within-the-framework-of-life-desmania\/#breadcrumb"},"inLanguage":"en-US","potentialAction":[{"@type":"ReadAction","target":["https:\/\/fundacion-biodiversidad.es\/en\/actualidad_home\/new-awareness-raising-actions-within-the-framework-of-life-desmania\/"]}]},{"@type":"ImageObject","inLanguage":"en-US","@id":"https:\/\/fundacion-biodiversidad.es\/en\/actualidad_home\/new-awareness-raising-actions-within-the-framework-of-life-desmania\/#primaryimage","url":"https:\/\/fundacion-biodiversidad.es\/wp-content\/uploads\/2016\/04\/acciones_sensibilizacion_desmania.jpg","contentUrl":"https:\/\/fundacion-biodiversidad.es\/wp-content\/uploads\/2016\/04\/acciones_sensibilizacion_desmania.jpg","width":1530,"height":972},{"@type":"BreadcrumbList","@id":"https:\/\/fundacion-biodiversidad.es\/en\/actualidad_home\/new-awareness-raising-actions-within-the-framework-of-life-desmania\/#breadcrumb","itemListElement":[{"@type":"ListItem","position":1,"name":"Portada","item":"https:\/\/fundacion-biodiversidad.es\/en\/inicio\/"},{"@type":"ListItem","position":2,"name":"Noticias de actualidad","item":"https:\/\/fundacion-biodiversidad.es\/en\/actualidad_home\/"},{"@type":"ListItem","position":3,"name":"New awareness-raising actions within the framework of LIFE+ Desmania"}]},{"@type":"WebSite","@id":"https:\/\/fundacion-biodiversidad.es\/en\/#website","url":"https:\/\/fundacion-biodiversidad.es\/en\/","name":"Fundaci\u00f3n Biodiversidad","description":"Fundaci\u00f3n p\u00fablica adscrita al Ministerio para la Transici\u00f3n Ecol\u00f3gica","potentialAction":[{"@type":"SearchAction","target":{"@type":"EntryPoint","urlTemplate":"https:\/\/fundacion-biodiversidad.es\/en\/?s={search_term_string}"},"query-input":{"@type":"PropertyValueSpecification","valueRequired":true,"valueName":"search_term_string"}}],"inLanguage":"en-US"}]}},"_links":{"self":[{"href":"https:\/\/fundacion-biodiversidad.es\/en\/wp-json\/wp\/v2\/actualidad_home\/97857991","targetHints":{"allow":["GET"]}}],"collection":[{"href":"https:\/\/fundacion-biodiversidad.es\/en\/wp-json\/wp\/v2\/actualidad_home"}],"about":[{"href":"https:\/\/fundacion-biodiversidad.es\/en\/wp-json\/wp\/v2\/types\/actualidad_home"}],"author":[{"embeddable":true,"href":"https:\/\/fundacion-biodiversidad.es\/en\/wp-json\/wp\/v2\/users\/11"}],"wp:featuredmedia":[{"embeddable":true,"href":"https:\/\/fundacion-biodiversidad.es\/en\/wp-json\/wp\/v2\/media\/35693"}],"wp:attachment":[{"href":"https:\/\/fundacion-biodiversidad.es\/en\/wp-json\/wp\/v2\/media?parent=97857991"}],"wp:term":[{"taxonomy":"palabras_clave","embeddable":true,"href":"https:\/\/fundacion-biodiversidad.es\/en\/wp-json\/wp\/v2\/palabras_clave?post=97857991"}],"curies":[{"name":"wp","href":"https:\/\/api.w.org\/{rel}","templated":true}]}}