{"id":97857992,"date":"2016-04-14T10:40:09","date_gmt":"2016-04-14T08:40:09","guid":{"rendered":"https:\/\/fundacion-biodiversidad.es\/actualidad_home\/we-participated-in-the-meeting-of-the-european-group-of-environmental-foundations-organized-by-the-european-foundation-center\/"},"modified":"2016-04-14T10:40:09","modified_gmt":"2016-04-14T08:40:09","slug":"we-participated-in-the-meeting-of-the-european-group-of-environmental-foundations-organized-by-the-european-foundation-center","status":"publish","type":"actualidad_home","link":"https:\/\/fundacion-biodiversidad.es\/en\/actualidad_home\/we-participated-in-the-meeting-of-the-european-group-of-environmental-foundations-organized-by-the-european-foundation-center\/","title":{"rendered":"We participated in the meeting of the European Group of Environmental Foundations organized by the European Foundation Center"},"content":{"rendered":"<p><strong>40 foundations and donors <\/strong>from different countries have met in La Bergerie (France), with the aim of discussing where to focus the efforts of their contributions. Among the attendees was the <strong>Biodiversity Foundation<\/strong>, represented by its director Sonia Casta\u00f1eda. The conference was organised by the European Centre for Foundations.  <\/p>\n<p>  Among the issues discussed were the agreements of the COP21 in Paris to reduce the impacts of climate change in the more than 190 countries represented in the negotiations last December. Also the common agrarian reform and the <strong>results of a study carried out by the European Foundation Centre and in which the Biodiversity Foundation has participated<\/strong>.<\/p>\n<p> The aim of this study was to provide a <strong>comprehensive overview of the support granted by European foundations in the field of the environment<\/strong>. These studies analyse the destination of these grants, which in previous years have been mainly dedicated to biodiversity and species conservation projects, terrestrial ecosystems and climate change prevention.  <br \/>\n&nbsp;<\/p>\n","protected":false},"author":11,"featured_media":35697,"template":"","meta":{"_acf_changed":false},"palabras_clave":[395,172],"class_list":["post-97857992","actualidad_home","type-actualidad_home","status-publish","has-post-thumbnail","hentry","palabras_clave-ayudas","palabras_clave-fundaciones"],"acf":[],"yoast_head":"<!-- This site is optimized with the Yoast SEO plugin v26.9 - https:\/\/yoast.com\/product\/yoast-seo-wordpress\/ -->\n<title>We participated in the meeting of the European Group of Environmental Foundations organized by the European Foundation Center - Fundaci\u00f3n Biodiversidad<\/title>\n<meta name=\"robots\" content=\"index, follow, max-snippet:-1, max-image-preview:large, max-video-preview:-1\" \/>\n<link rel=\"canonical\" href=\"https:\/\/fundacion-biodiversidad.es\/en\/actualidad_home\/we-participated-in-the-meeting-of-the-european-group-of-environmental-foundations-organized-by-the-european-foundation-center\/\" \/>\n<meta property=\"og:locale\" content=\"en_US\" \/>\n<meta property=\"og:type\" content=\"article\" \/>\n<meta property=\"og:title\" content=\"We participated in the meeting of the European Group of Environmental Foundations organized by the European Foundation Center - Fundaci\u00f3n Biodiversidad\" \/>\n<meta property=\"og:description\" content=\"40 foundations and donors from different countries have met in La Bergerie (France), with the aim of discussing where to focus the efforts of their [&hellip;]\" \/>\n<meta property=\"og:url\" content=\"https:\/\/fundacion-biodiversidad.es\/en\/actualidad_home\/we-participated-in-the-meeting-of-the-european-group-of-environmental-foundations-organized-by-the-european-foundation-center\/\" \/>\n<meta property=\"og:site_name\" content=\"Fundaci\u00f3n Biodiversidad\" \/>\n<meta property=\"og:image\" content=\"https:\/\/fundacion-biodiversidad.es\/wp-content\/uploads\/2023\/01\/2487661294_35330241_720x405.png\" \/>\n\t<meta property=\"og:image:width\" content=\"720\" \/>\n\t<meta property=\"og:image:height\" content=\"405\" \/>\n\t<meta property=\"og:image:type\" content=\"image\/png\" \/>\n<meta name=\"twitter:card\" content=\"summary_large_image\" \/>\n<meta name=\"twitter:label1\" content=\"Est. reading time\" \/>\n\t<meta name=\"twitter:data1\" content=\"1 minute\" \/>\n<script type=\"application\/ld+json\" class=\"yoast-schema-graph\">{\"@context\":\"https:\/\/schema.org\",\"@graph\":[{\"@type\":\"WebPage\",\"@id\":\"https:\/\/fundacion-biodiversidad.es\/en\/actualidad_home\/we-participated-in-the-meeting-of-the-european-group-of-environmental-foundations-organized-by-the-european-foundation-center\/\",\"url\":\"https:\/\/fundacion-biodiversidad.es\/en\/actualidad_home\/we-participated-in-the-meeting-of-the-european-group-of-environmental-foundations-organized-by-the-european-foundation-center\/\",\"name\":\"We participated in the meeting of the European Group of Environmental Foundations organized by the European Foundation Center - Fundaci\u00f3n Biodiversidad\",\"isPartOf\":{\"@id\":\"https:\/\/fundacion-biodiversidad.es\/en\/#website\"},\"primaryImageOfPage\":{\"@id\":\"https:\/\/fundacion-biodiversidad.es\/en\/actualidad_home\/we-participated-in-the-meeting-of-the-european-group-of-environmental-foundations-organized-by-the-european-foundation-center\/#primaryimage\"},\"image\":{\"@id\":\"https:\/\/fundacion-biodiversidad.es\/en\/actualidad_home\/we-participated-in-the-meeting-of-the-european-group-of-environmental-foundations-organized-by-the-european-foundation-center\/#primaryimage\"},\"thumbnailUrl\":\"https:\/\/fundacion-biodiversidad.es\/wp-content\/uploads\/2016\/04\/reunion_fundaciones_medio_ambiente_0-scaled.jpg\",\"datePublished\":\"2016-04-14T08:40:09+00:00\",\"breadcrumb\":{\"@id\":\"https:\/\/fundacion-biodiversidad.es\/en\/actualidad_home\/we-participated-in-the-meeting-of-the-european-group-of-environmental-foundations-organized-by-the-european-foundation-center\/#breadcrumb\"},\"inLanguage\":\"en-US\",\"potentialAction\":[{\"@type\":\"ReadAction\",\"target\":[\"https:\/\/fundacion-biodiversidad.es\/en\/actualidad_home\/we-participated-in-the-meeting-of-the-european-group-of-environmental-foundations-organized-by-the-european-foundation-center\/\"]}]},{\"@type\":\"ImageObject\",\"inLanguage\":\"en-US\",\"@id\":\"https:\/\/fundacion-biodiversidad.es\/en\/actualidad_home\/we-participated-in-the-meeting-of-the-european-group-of-environmental-foundations-organized-by-the-european-foundation-center\/#primaryimage\",\"url\":\"https:\/\/fundacion-biodiversidad.es\/wp-content\/uploads\/2016\/04\/reunion_fundaciones_medio_ambiente_0-scaled.jpg\",\"contentUrl\":\"https:\/\/fundacion-biodiversidad.es\/wp-content\/uploads\/2016\/04\/reunion_fundaciones_medio_ambiente_0-scaled.jpg\",\"width\":2560,\"height\":1707},{\"@type\":\"BreadcrumbList\",\"@id\":\"https:\/\/fundacion-biodiversidad.es\/en\/actualidad_home\/we-participated-in-the-meeting-of-the-european-group-of-environmental-foundations-organized-by-the-european-foundation-center\/#breadcrumb\",\"itemListElement\":[{\"@type\":\"ListItem\",\"position\":1,\"name\":\"Portada\",\"item\":\"https:\/\/fundacion-biodiversidad.es\/en\/inicio\/\"},{\"@type\":\"ListItem\",\"position\":2,\"name\":\"Noticias de actualidad\",\"item\":\"https:\/\/fundacion-biodiversidad.es\/en\/actualidad_home\/\"},{\"@type\":\"ListItem\",\"position\":3,\"name\":\"We participated in the meeting of the European Group of Environmental Foundations organized by the European Foundation Center\"}]},{\"@type\":\"WebSite\",\"@id\":\"https:\/\/fundacion-biodiversidad.es\/en\/#website\",\"url\":\"https:\/\/fundacion-biodiversidad.es\/en\/\",\"name\":\"Fundaci\u00f3n Biodiversidad\",\"description\":\"Fundaci\u00f3n p\u00fablica adscrita al Ministerio para la Transici\u00f3n Ecol\u00f3gica\",\"potentialAction\":[{\"@type\":\"SearchAction\",\"target\":{\"@type\":\"EntryPoint\",\"urlTemplate\":\"https:\/\/fundacion-biodiversidad.es\/en\/?s={search_term_string}\"},\"query-input\":{\"@type\":\"PropertyValueSpecification\",\"valueRequired\":true,\"valueName\":\"search_term_string\"}}],\"inLanguage\":\"en-US\"}]}<\/script>\n<!-- \/ Yoast SEO plugin. -->","yoast_head_json":{"title":"We participated in the meeting of the European Group of Environmental Foundations organized by the European Foundation Center - Fundaci\u00f3n Biodiversidad","robots":{"index":"index","follow":"follow","max-snippet":"max-snippet:-1","max-image-preview":"max-image-preview:large","max-video-preview":"max-video-preview:-1"},"canonical":"https:\/\/fundacion-biodiversidad.es\/en\/actualidad_home\/we-participated-in-the-meeting-of-the-european-group-of-environmental-foundations-organized-by-the-european-foundation-center\/","og_locale":"en_US","og_type":"article","og_title":"We participated in the meeting of the European Group of Environmental Foundations organized by the European Foundation Center - Fundaci\u00f3n Biodiversidad","og_description":"40 foundations and donors from different countries have met in La Bergerie (France), with the aim of discussing where to focus the efforts of their [&hellip;]","og_url":"https:\/\/fundacion-biodiversidad.es\/en\/actualidad_home\/we-participated-in-the-meeting-of-the-european-group-of-environmental-foundations-organized-by-the-european-foundation-center\/","og_site_name":"Fundaci\u00f3n Biodiversidad","og_image":[{"width":720,"height":405,"url":"https:\/\/fundacion-biodiversidad.es\/wp-content\/uploads\/2023\/01\/2487661294_35330241_720x405.png","type":"image\/png"}],"twitter_card":"summary_large_image","twitter_misc":{"Est. reading time":"1 minute"},"schema":{"@context":"https:\/\/schema.org","@graph":[{"@type":"WebPage","@id":"https:\/\/fundacion-biodiversidad.es\/en\/actualidad_home\/we-participated-in-the-meeting-of-the-european-group-of-environmental-foundations-organized-by-the-european-foundation-center\/","url":"https:\/\/fundacion-biodiversidad.es\/en\/actualidad_home\/we-participated-in-the-meeting-of-the-european-group-of-environmental-foundations-organized-by-the-european-foundation-center\/","name":"We participated in the meeting of the European Group of Environmental Foundations organized by the European Foundation Center - Fundaci\u00f3n Biodiversidad","isPartOf":{"@id":"https:\/\/fundacion-biodiversidad.es\/en\/#website"},"primaryImageOfPage":{"@id":"https:\/\/fundacion-biodiversidad.es\/en\/actualidad_home\/we-participated-in-the-meeting-of-the-european-group-of-environmental-foundations-organized-by-the-european-foundation-center\/#primaryimage"},"image":{"@id":"https:\/\/fundacion-biodiversidad.es\/en\/actualidad_home\/we-participated-in-the-meeting-of-the-european-group-of-environmental-foundations-organized-by-the-european-foundation-center\/#primaryimage"},"thumbnailUrl":"https:\/\/fundacion-biodiversidad.es\/wp-content\/uploads\/2016\/04\/reunion_fundaciones_medio_ambiente_0-scaled.jpg","datePublished":"2016-04-14T08:40:09+00:00","breadcrumb":{"@id":"https:\/\/fundacion-biodiversidad.es\/en\/actualidad_home\/we-participated-in-the-meeting-of-the-european-group-of-environmental-foundations-organized-by-the-european-foundation-center\/#breadcrumb"},"inLanguage":"en-US","potentialAction":[{"@type":"ReadAction","target":["https:\/\/fundacion-biodiversidad.es\/en\/actualidad_home\/we-participated-in-the-meeting-of-the-european-group-of-environmental-foundations-organized-by-the-european-foundation-center\/"]}]},{"@type":"ImageObject","inLanguage":"en-US","@id":"https:\/\/fundacion-biodiversidad.es\/en\/actualidad_home\/we-participated-in-the-meeting-of-the-european-group-of-environmental-foundations-organized-by-the-european-foundation-center\/#primaryimage","url":"https:\/\/fundacion-biodiversidad.es\/wp-content\/uploads\/2016\/04\/reunion_fundaciones_medio_ambiente_0-scaled.jpg","contentUrl":"https:\/\/fundacion-biodiversidad.es\/wp-content\/uploads\/2016\/04\/reunion_fundaciones_medio_ambiente_0-scaled.jpg","width":2560,"height":1707},{"@type":"BreadcrumbList","@id":"https:\/\/fundacion-biodiversidad.es\/en\/actualidad_home\/we-participated-in-the-meeting-of-the-european-group-of-environmental-foundations-organized-by-the-european-foundation-center\/#breadcrumb","itemListElement":[{"@type":"ListItem","position":1,"name":"Portada","item":"https:\/\/fundacion-biodiversidad.es\/en\/inicio\/"},{"@type":"ListItem","position":2,"name":"Noticias de actualidad","item":"https:\/\/fundacion-biodiversidad.es\/en\/actualidad_home\/"},{"@type":"ListItem","position":3,"name":"We participated in the meeting of the European Group of Environmental Foundations organized by the European Foundation Center"}]},{"@type":"WebSite","@id":"https:\/\/fundacion-biodiversidad.es\/en\/#website","url":"https:\/\/fundacion-biodiversidad.es\/en\/","name":"Fundaci\u00f3n Biodiversidad","description":"Fundaci\u00f3n p\u00fablica adscrita al Ministerio para la Transici\u00f3n Ecol\u00f3gica","potentialAction":[{"@type":"SearchAction","target":{"@type":"EntryPoint","urlTemplate":"https:\/\/fundacion-biodiversidad.es\/en\/?s={search_term_string}"},"query-input":{"@type":"PropertyValueSpecification","valueRequired":true,"valueName":"search_term_string"}}],"inLanguage":"en-US"}]}},"_links":{"self":[{"href":"https:\/\/fundacion-biodiversidad.es\/en\/wp-json\/wp\/v2\/actualidad_home\/97857992","targetHints":{"allow":["GET"]}}],"collection":[{"href":"https:\/\/fundacion-biodiversidad.es\/en\/wp-json\/wp\/v2\/actualidad_home"}],"about":[{"href":"https:\/\/fundacion-biodiversidad.es\/en\/wp-json\/wp\/v2\/types\/actualidad_home"}],"author":[{"embeddable":true,"href":"https:\/\/fundacion-biodiversidad.es\/en\/wp-json\/wp\/v2\/users\/11"}],"wp:featuredmedia":[{"embeddable":true,"href":"https:\/\/fundacion-biodiversidad.es\/en\/wp-json\/wp\/v2\/media\/35697"}],"wp:attachment":[{"href":"https:\/\/fundacion-biodiversidad.es\/en\/wp-json\/wp\/v2\/media?parent=97857992"}],"wp:term":[{"taxonomy":"palabras_clave","embeddable":true,"href":"https:\/\/fundacion-biodiversidad.es\/en\/wp-json\/wp\/v2\/palabras_clave?post=97857992"}],"curies":[{"name":"wp","href":"https:\/\/api.w.org\/{rel}","templated":true}]}}