{"id":97857993,"date":"2016-03-15T09:42:30","date_gmt":"2016-03-15T08:42:30","guid":{"rendered":"https:\/\/fundacion-biodiversidad.es\/actualidad_home\/europes-most-important-business-angels-meet-at-the-headquarters-of-the-biodiversity-foundation\/"},"modified":"2016-03-15T09:42:30","modified_gmt":"2016-03-15T08:42:30","slug":"europes-most-important-business-angels-meet-at-the-headquarters-of-the-biodiversity-foundation","status":"publish","type":"actualidad_home","link":"https:\/\/fundacion-biodiversidad.es\/en\/actualidad_home\/europes-most-important-business-angels-meet-at-the-headquarters-of-the-biodiversity-foundation\/","title":{"rendered":"Europe&#8217;s most important Business Angels meet at the headquarters of the Biodiversity Foundation"},"content":{"rendered":"<p>The European network for investment in eco-innovation INNEON, has organized a <strong>meeting at the headquarters of the Biodiversity Foundation<\/strong> in which some of the <strong>most important Business Angel investors in Europe<\/strong> have participated, with the aim of analyzing the <strong>opportunities of the eco-innovation sector<\/strong>, as well as improving the business plans of some of the success stories included in INNEON.  an entity with which the Biodiversity Foundation collaborates.<\/p>\n<p>  During the meeting, which was attended by <strong>representatives of<\/strong> the European Business Angels community from<strong> Belgium, Great Britain, Spain, Denmark and Romania<\/strong>, they were shown high-value investment opportunities, both from their respective countries and from others, to facilitate transnational cooperation to invest in start-ups, so that investors could invest in the share capital of a company jointly.<\/p>\n<p>  The future of the European network for investment in eco-innovation INNEON has also been analysed to open channels of collaboration for a new, more ambitious stage that will <strong>promote and consolidate eco-innovation in Europe <\/strong>as one of the most promising areas.<\/p>\n<p>  The INNEON eco-innovation investment network, supported by the European Commission, aims to boost investment in eco-innovation in European regions. To this end, its main objectives are to <strong>expand public and private sources of financing<\/strong>, as well as to provide a unique forum dedicated to the interaction between companies and investors. <br \/>\n&nbsp;<\/p>\n","protected":false},"author":11,"featured_media":35686,"template":"","meta":{"_acf_changed":false},"palabras_clave":[385,194,386],"class_list":["post-97857993","actualidad_home","type-actualidad_home","status-publish","has-post-thumbnail","hentry","palabras_clave-ecoinnovacion","palabras_clave-inversion","palabras_clave-start-up"],"acf":[],"yoast_head":"<!-- This site is optimized with the Yoast SEO plugin v26.9 - https:\/\/yoast.com\/product\/yoast-seo-wordpress\/ -->\n<title>Europe&#039;s most important Business Angels meet at the headquarters of the Biodiversity Foundation - Fundaci\u00f3n Biodiversidad<\/title>\n<meta name=\"robots\" content=\"index, follow, max-snippet:-1, max-image-preview:large, max-video-preview:-1\" \/>\n<link rel=\"canonical\" href=\"https:\/\/fundacion-biodiversidad.es\/en\/actualidad_home\/europes-most-important-business-angels-meet-at-the-headquarters-of-the-biodiversity-foundation\/\" \/>\n<meta property=\"og:locale\" content=\"en_US\" \/>\n<meta property=\"og:type\" content=\"article\" \/>\n<meta property=\"og:title\" content=\"Europe&#039;s most important Business Angels meet at the headquarters of the Biodiversity Foundation - Fundaci\u00f3n Biodiversidad\" \/>\n<meta property=\"og:description\" content=\"The European network for investment in eco-innovation INNEON, has organized a meeting at the headquarters of the Biodiversity Foundation in which some of the most [&hellip;]\" \/>\n<meta property=\"og:url\" content=\"https:\/\/fundacion-biodiversidad.es\/en\/actualidad_home\/europes-most-important-business-angels-meet-at-the-headquarters-of-the-biodiversity-foundation\/\" \/>\n<meta property=\"og:site_name\" content=\"Fundaci\u00f3n Biodiversidad\" \/>\n<meta property=\"og:image\" content=\"https:\/\/fundacion-biodiversidad.es\/wp-content\/uploads\/2023\/01\/2487661294_35330241_720x405.png\" \/>\n\t<meta property=\"og:image:width\" content=\"720\" \/>\n\t<meta property=\"og:image:height\" content=\"405\" \/>\n\t<meta property=\"og:image:type\" content=\"image\/png\" \/>\n<meta name=\"twitter:card\" content=\"summary_large_image\" \/>\n<meta name=\"twitter:label1\" content=\"Est. reading time\" \/>\n\t<meta name=\"twitter:data1\" content=\"1 minute\" \/>\n<script type=\"application\/ld+json\" class=\"yoast-schema-graph\">{\"@context\":\"https:\/\/schema.org\",\"@graph\":[{\"@type\":\"WebPage\",\"@id\":\"https:\/\/fundacion-biodiversidad.es\/en\/actualidad_home\/europes-most-important-business-angels-meet-at-the-headquarters-of-the-biodiversity-foundation\/\",\"url\":\"https:\/\/fundacion-biodiversidad.es\/en\/actualidad_home\/europes-most-important-business-angels-meet-at-the-headquarters-of-the-biodiversity-foundation\/\",\"name\":\"Europe's most important Business Angels meet at the headquarters of the Biodiversity Foundation - Fundaci\u00f3n Biodiversidad\",\"isPartOf\":{\"@id\":\"https:\/\/fundacion-biodiversidad.es\/en\/#website\"},\"primaryImageOfPage\":{\"@id\":\"https:\/\/fundacion-biodiversidad.es\/en\/actualidad_home\/europes-most-important-business-angels-meet-at-the-headquarters-of-the-biodiversity-foundation\/#primaryimage\"},\"image\":{\"@id\":\"https:\/\/fundacion-biodiversidad.es\/en\/actualidad_home\/europes-most-important-business-angels-meet-at-the-headquarters-of-the-biodiversity-foundation\/#primaryimage\"},\"thumbnailUrl\":\"https:\/\/fundacion-biodiversidad.es\/wp-content\/uploads\/2016\/03\/reunion_business_angels-scaled.jpg\",\"datePublished\":\"2016-03-15T08:42:30+00:00\",\"breadcrumb\":{\"@id\":\"https:\/\/fundacion-biodiversidad.es\/en\/actualidad_home\/europes-most-important-business-angels-meet-at-the-headquarters-of-the-biodiversity-foundation\/#breadcrumb\"},\"inLanguage\":\"en-US\",\"potentialAction\":[{\"@type\":\"ReadAction\",\"target\":[\"https:\/\/fundacion-biodiversidad.es\/en\/actualidad_home\/europes-most-important-business-angels-meet-at-the-headquarters-of-the-biodiversity-foundation\/\"]}]},{\"@type\":\"ImageObject\",\"inLanguage\":\"en-US\",\"@id\":\"https:\/\/fundacion-biodiversidad.es\/en\/actualidad_home\/europes-most-important-business-angels-meet-at-the-headquarters-of-the-biodiversity-foundation\/#primaryimage\",\"url\":\"https:\/\/fundacion-biodiversidad.es\/wp-content\/uploads\/2016\/03\/reunion_business_angels-scaled.jpg\",\"contentUrl\":\"https:\/\/fundacion-biodiversidad.es\/wp-content\/uploads\/2016\/03\/reunion_business_angels-scaled.jpg\",\"width\":2560,\"height\":1164},{\"@type\":\"BreadcrumbList\",\"@id\":\"https:\/\/fundacion-biodiversidad.es\/en\/actualidad_home\/europes-most-important-business-angels-meet-at-the-headquarters-of-the-biodiversity-foundation\/#breadcrumb\",\"itemListElement\":[{\"@type\":\"ListItem\",\"position\":1,\"name\":\"Portada\",\"item\":\"https:\/\/fundacion-biodiversidad.es\/en\/inicio\/\"},{\"@type\":\"ListItem\",\"position\":2,\"name\":\"Noticias de actualidad\",\"item\":\"https:\/\/fundacion-biodiversidad.es\/en\/actualidad_home\/\"},{\"@type\":\"ListItem\",\"position\":3,\"name\":\"Europe&#8217;s most important Business Angels meet at the headquarters of the Biodiversity Foundation\"}]},{\"@type\":\"WebSite\",\"@id\":\"https:\/\/fundacion-biodiversidad.es\/en\/#website\",\"url\":\"https:\/\/fundacion-biodiversidad.es\/en\/\",\"name\":\"Fundaci\u00f3n Biodiversidad\",\"description\":\"Fundaci\u00f3n p\u00fablica adscrita al Ministerio para la Transici\u00f3n Ecol\u00f3gica\",\"potentialAction\":[{\"@type\":\"SearchAction\",\"target\":{\"@type\":\"EntryPoint\",\"urlTemplate\":\"https:\/\/fundacion-biodiversidad.es\/en\/?s={search_term_string}\"},\"query-input\":{\"@type\":\"PropertyValueSpecification\",\"valueRequired\":true,\"valueName\":\"search_term_string\"}}],\"inLanguage\":\"en-US\"}]}<\/script>\n<!-- \/ Yoast SEO plugin. -->","yoast_head_json":{"title":"Europe's most important Business Angels meet at the headquarters of the Biodiversity Foundation - Fundaci\u00f3n Biodiversidad","robots":{"index":"index","follow":"follow","max-snippet":"max-snippet:-1","max-image-preview":"max-image-preview:large","max-video-preview":"max-video-preview:-1"},"canonical":"https:\/\/fundacion-biodiversidad.es\/en\/actualidad_home\/europes-most-important-business-angels-meet-at-the-headquarters-of-the-biodiversity-foundation\/","og_locale":"en_US","og_type":"article","og_title":"Europe's most important Business Angels meet at the headquarters of the Biodiversity Foundation - Fundaci\u00f3n Biodiversidad","og_description":"The European network for investment in eco-innovation INNEON, has organized a meeting at the headquarters of the Biodiversity Foundation in which some of the most [&hellip;]","og_url":"https:\/\/fundacion-biodiversidad.es\/en\/actualidad_home\/europes-most-important-business-angels-meet-at-the-headquarters-of-the-biodiversity-foundation\/","og_site_name":"Fundaci\u00f3n Biodiversidad","og_image":[{"width":720,"height":405,"url":"https:\/\/fundacion-biodiversidad.es\/wp-content\/uploads\/2023\/01\/2487661294_35330241_720x405.png","type":"image\/png"}],"twitter_card":"summary_large_image","twitter_misc":{"Est. reading time":"1 minute"},"schema":{"@context":"https:\/\/schema.org","@graph":[{"@type":"WebPage","@id":"https:\/\/fundacion-biodiversidad.es\/en\/actualidad_home\/europes-most-important-business-angels-meet-at-the-headquarters-of-the-biodiversity-foundation\/","url":"https:\/\/fundacion-biodiversidad.es\/en\/actualidad_home\/europes-most-important-business-angels-meet-at-the-headquarters-of-the-biodiversity-foundation\/","name":"Europe's most important Business Angels meet at the headquarters of the Biodiversity Foundation - Fundaci\u00f3n Biodiversidad","isPartOf":{"@id":"https:\/\/fundacion-biodiversidad.es\/en\/#website"},"primaryImageOfPage":{"@id":"https:\/\/fundacion-biodiversidad.es\/en\/actualidad_home\/europes-most-important-business-angels-meet-at-the-headquarters-of-the-biodiversity-foundation\/#primaryimage"},"image":{"@id":"https:\/\/fundacion-biodiversidad.es\/en\/actualidad_home\/europes-most-important-business-angels-meet-at-the-headquarters-of-the-biodiversity-foundation\/#primaryimage"},"thumbnailUrl":"https:\/\/fundacion-biodiversidad.es\/wp-content\/uploads\/2016\/03\/reunion_business_angels-scaled.jpg","datePublished":"2016-03-15T08:42:30+00:00","breadcrumb":{"@id":"https:\/\/fundacion-biodiversidad.es\/en\/actualidad_home\/europes-most-important-business-angels-meet-at-the-headquarters-of-the-biodiversity-foundation\/#breadcrumb"},"inLanguage":"en-US","potentialAction":[{"@type":"ReadAction","target":["https:\/\/fundacion-biodiversidad.es\/en\/actualidad_home\/europes-most-important-business-angels-meet-at-the-headquarters-of-the-biodiversity-foundation\/"]}]},{"@type":"ImageObject","inLanguage":"en-US","@id":"https:\/\/fundacion-biodiversidad.es\/en\/actualidad_home\/europes-most-important-business-angels-meet-at-the-headquarters-of-the-biodiversity-foundation\/#primaryimage","url":"https:\/\/fundacion-biodiversidad.es\/wp-content\/uploads\/2016\/03\/reunion_business_angels-scaled.jpg","contentUrl":"https:\/\/fundacion-biodiversidad.es\/wp-content\/uploads\/2016\/03\/reunion_business_angels-scaled.jpg","width":2560,"height":1164},{"@type":"BreadcrumbList","@id":"https:\/\/fundacion-biodiversidad.es\/en\/actualidad_home\/europes-most-important-business-angels-meet-at-the-headquarters-of-the-biodiversity-foundation\/#breadcrumb","itemListElement":[{"@type":"ListItem","position":1,"name":"Portada","item":"https:\/\/fundacion-biodiversidad.es\/en\/inicio\/"},{"@type":"ListItem","position":2,"name":"Noticias de actualidad","item":"https:\/\/fundacion-biodiversidad.es\/en\/actualidad_home\/"},{"@type":"ListItem","position":3,"name":"Europe&#8217;s most important Business Angels meet at the headquarters of the Biodiversity Foundation"}]},{"@type":"WebSite","@id":"https:\/\/fundacion-biodiversidad.es\/en\/#website","url":"https:\/\/fundacion-biodiversidad.es\/en\/","name":"Fundaci\u00f3n Biodiversidad","description":"Fundaci\u00f3n p\u00fablica adscrita al Ministerio para la Transici\u00f3n Ecol\u00f3gica","potentialAction":[{"@type":"SearchAction","target":{"@type":"EntryPoint","urlTemplate":"https:\/\/fundacion-biodiversidad.es\/en\/?s={search_term_string}"},"query-input":{"@type":"PropertyValueSpecification","valueRequired":true,"valueName":"search_term_string"}}],"inLanguage":"en-US"}]}},"_links":{"self":[{"href":"https:\/\/fundacion-biodiversidad.es\/en\/wp-json\/wp\/v2\/actualidad_home\/97857993","targetHints":{"allow":["GET"]}}],"collection":[{"href":"https:\/\/fundacion-biodiversidad.es\/en\/wp-json\/wp\/v2\/actualidad_home"}],"about":[{"href":"https:\/\/fundacion-biodiversidad.es\/en\/wp-json\/wp\/v2\/types\/actualidad_home"}],"author":[{"embeddable":true,"href":"https:\/\/fundacion-biodiversidad.es\/en\/wp-json\/wp\/v2\/users\/11"}],"wp:featuredmedia":[{"embeddable":true,"href":"https:\/\/fundacion-biodiversidad.es\/en\/wp-json\/wp\/v2\/media\/35686"}],"wp:attachment":[{"href":"https:\/\/fundacion-biodiversidad.es\/en\/wp-json\/wp\/v2\/media?parent=97857993"}],"wp:term":[{"taxonomy":"palabras_clave","embeddable":true,"href":"https:\/\/fundacion-biodiversidad.es\/en\/wp-json\/wp\/v2\/palabras_clave?post=97857993"}],"curies":[{"name":"wp","href":"https:\/\/api.w.org\/{rel}","templated":true}]}}