{"id":97857994,"date":"2016-03-10T15:06:57","date_gmt":"2016-03-10T14:06:57","guid":{"rendered":"https:\/\/fundacion-biodiversidad.es\/actualidad_home\/the-biodiversity-foundation-opens-a-channel-of-communication-and-collaboration-with-scientific-societies\/"},"modified":"2016-03-10T15:06:57","modified_gmt":"2016-03-10T14:06:57","slug":"the-biodiversity-foundation-opens-a-channel-of-communication-and-collaboration-with-scientific-societies","status":"publish","type":"actualidad_home","link":"https:\/\/fundacion-biodiversidad.es\/en\/actualidad_home\/the-biodiversity-foundation-opens-a-channel-of-communication-and-collaboration-with-scientific-societies\/","title":{"rendered":"The Biodiversity Foundation opens a channel of communication and collaboration with Scientific Societies"},"content":{"rendered":"<p>The Biodiversity Foundation of the Ministry of Agriculture, Food and the Environment held a meeting today at its headquarters in Madrid <strong>with representatives of the Scientific Societies <\/strong>related to nature conservation in Spain. With this meeting, the Foundation wants to<strong> open a channel of communication and collaboration<\/strong> for the exchange of information and knowledge. <br \/>\n&nbsp;<br \/>  The idea is to establish a formalized collaboration framework with all those scientific societies interested in<strong> working together in the conservation of biodiversity<\/strong>. Both the Foundation and the attending entities have signed a collaboration protocol by which they undertake, among other things, to hold regular meetings to <strong>promote common projects<\/strong> and exchange information on the work carried out by both sectors. <br \/>\n&nbsp;<br \/>  Among the collaborations that are proposed are advice on common lines of work, the <strong>exchange of knowledge and work methodologies<\/strong>, the possibility of collaborating in projects or the exchange of professionals on volunteering issues.<br \/>\n&nbsp;<br \/>  The director of the Biodiversity Foundation, Sonia Casta\u00f1eda, who chaired the meeting, stressed that &#8220;this collaboration will <strong>allow science to be increasingly present in conservation projects<\/strong> and will strengthen the work of the Foundation and scientific societies in our common goal of biodiversity conservation&#8221;<br \/>\n&nbsp;<br \/>  This first meeting was attended by representatives of <strong>13 scientific societies<\/strong>, although &#8220;this collaboration is open to the incorporation of many more&#8221;, said Casta\u00f1eda.<br \/>\n&nbsp;<br \/>  The scientific societies that attended this first meeting were the Spanish Ornithological Society (SEO), the Spanish Association of Terrestrial Ecology, the University Institute of Forest Management, the Spanish Society of Forest Sciences (SECF), the Iberian Association of Limnology (AIL), the Spanish Society for the Conservation and Study of Mammals (SECEM), the Spanish Society of Plant Conservation Biology (Sebicop),  the Spanish Association for the Conservation and Study of Bats, the Spanish Herpetological Association (AHE), the Spanish Society of Geobotany, the Spanish Society of Ethology and Evolutionary Ecology, the Spanish Association of Entomology and the Geological Society  &nbsp;&nbsp;of Spain (SGE).<br \/>\n&nbsp;<\/p>\n","protected":false},"author":11,"featured_media":35685,"template":"","meta":{"_acf_changed":false},"palabras_clave":[35,382,383,129,384],"class_list":["post-97857994","actualidad_home","type-actualidad_home","status-publish","has-post-thumbnail","hentry","palabras_clave-biodiversidad","palabras_clave-ciencia","palabras_clave-cientificos","palabras_clave-conservacion","palabras_clave-sociedades"],"acf":[],"yoast_head":"<!-- This site is optimized with the Yoast SEO plugin v26.9 - https:\/\/yoast.com\/product\/yoast-seo-wordpress\/ -->\n<title>The Biodiversity Foundation opens a channel of communication and collaboration with Scientific Societies - Fundaci\u00f3n Biodiversidad<\/title>\n<meta name=\"robots\" content=\"index, follow, max-snippet:-1, max-image-preview:large, max-video-preview:-1\" \/>\n<link rel=\"canonical\" href=\"https:\/\/fundacion-biodiversidad.es\/en\/actualidad_home\/the-biodiversity-foundation-opens-a-channel-of-communication-and-collaboration-with-scientific-societies\/\" \/>\n<meta property=\"og:locale\" content=\"en_US\" \/>\n<meta property=\"og:type\" content=\"article\" \/>\n<meta property=\"og:title\" content=\"The Biodiversity Foundation opens a channel of communication and collaboration with Scientific Societies - Fundaci\u00f3n Biodiversidad\" \/>\n<meta property=\"og:description\" content=\"The Biodiversity Foundation of the Ministry of Agriculture, Food and the Environment held a meeting today at its headquarters in Madrid with representatives of the [&hellip;]\" \/>\n<meta property=\"og:url\" content=\"https:\/\/fundacion-biodiversidad.es\/en\/actualidad_home\/the-biodiversity-foundation-opens-a-channel-of-communication-and-collaboration-with-scientific-societies\/\" \/>\n<meta property=\"og:site_name\" content=\"Fundaci\u00f3n Biodiversidad\" \/>\n<meta property=\"og:image\" content=\"https:\/\/fundacion-biodiversidad.es\/wp-content\/uploads\/2023\/01\/2487661294_35330241_720x405.png\" \/>\n\t<meta property=\"og:image:width\" content=\"720\" \/>\n\t<meta property=\"og:image:height\" content=\"405\" \/>\n\t<meta property=\"og:image:type\" content=\"image\/png\" \/>\n<meta name=\"twitter:card\" content=\"summary_large_image\" \/>\n<meta name=\"twitter:label1\" content=\"Est. reading time\" \/>\n\t<meta name=\"twitter:data1\" content=\"2 minutes\" \/>\n<script type=\"application\/ld+json\" class=\"yoast-schema-graph\">{\"@context\":\"https:\/\/schema.org\",\"@graph\":[{\"@type\":\"WebPage\",\"@id\":\"https:\/\/fundacion-biodiversidad.es\/en\/actualidad_home\/the-biodiversity-foundation-opens-a-channel-of-communication-and-collaboration-with-scientific-societies\/\",\"url\":\"https:\/\/fundacion-biodiversidad.es\/en\/actualidad_home\/the-biodiversity-foundation-opens-a-channel-of-communication-and-collaboration-with-scientific-societies\/\",\"name\":\"The Biodiversity Foundation opens a channel of communication and collaboration with Scientific Societies - Fundaci\u00f3n Biodiversidad\",\"isPartOf\":{\"@id\":\"https:\/\/fundacion-biodiversidad.es\/en\/#website\"},\"primaryImageOfPage\":{\"@id\":\"https:\/\/fundacion-biodiversidad.es\/en\/actualidad_home\/the-biodiversity-foundation-opens-a-channel-of-communication-and-collaboration-with-scientific-societies\/#primaryimage\"},\"image\":{\"@id\":\"https:\/\/fundacion-biodiversidad.es\/en\/actualidad_home\/the-biodiversity-foundation-opens-a-channel-of-communication-and-collaboration-with-scientific-societies\/#primaryimage\"},\"thumbnailUrl\":\"https:\/\/fundacion-biodiversidad.es\/wp-content\/uploads\/2016\/03\/foto_de_grupo_sector_cientifico-scaled.jpg\",\"datePublished\":\"2016-03-10T14:06:57+00:00\",\"breadcrumb\":{\"@id\":\"https:\/\/fundacion-biodiversidad.es\/en\/actualidad_home\/the-biodiversity-foundation-opens-a-channel-of-communication-and-collaboration-with-scientific-societies\/#breadcrumb\"},\"inLanguage\":\"en-US\",\"potentialAction\":[{\"@type\":\"ReadAction\",\"target\":[\"https:\/\/fundacion-biodiversidad.es\/en\/actualidad_home\/the-biodiversity-foundation-opens-a-channel-of-communication-and-collaboration-with-scientific-societies\/\"]}]},{\"@type\":\"ImageObject\",\"inLanguage\":\"en-US\",\"@id\":\"https:\/\/fundacion-biodiversidad.es\/en\/actualidad_home\/the-biodiversity-foundation-opens-a-channel-of-communication-and-collaboration-with-scientific-societies\/#primaryimage\",\"url\":\"https:\/\/fundacion-biodiversidad.es\/wp-content\/uploads\/2016\/03\/foto_de_grupo_sector_cientifico-scaled.jpg\",\"contentUrl\":\"https:\/\/fundacion-biodiversidad.es\/wp-content\/uploads\/2016\/03\/foto_de_grupo_sector_cientifico-scaled.jpg\",\"width\":2560,\"height\":1275},{\"@type\":\"BreadcrumbList\",\"@id\":\"https:\/\/fundacion-biodiversidad.es\/en\/actualidad_home\/the-biodiversity-foundation-opens-a-channel-of-communication-and-collaboration-with-scientific-societies\/#breadcrumb\",\"itemListElement\":[{\"@type\":\"ListItem\",\"position\":1,\"name\":\"Portada\",\"item\":\"https:\/\/fundacion-biodiversidad.es\/en\/inicio\/\"},{\"@type\":\"ListItem\",\"position\":2,\"name\":\"Noticias de actualidad\",\"item\":\"https:\/\/fundacion-biodiversidad.es\/en\/actualidad_home\/\"},{\"@type\":\"ListItem\",\"position\":3,\"name\":\"The Biodiversity Foundation opens a channel of communication and collaboration with Scientific Societies\"}]},{\"@type\":\"WebSite\",\"@id\":\"https:\/\/fundacion-biodiversidad.es\/en\/#website\",\"url\":\"https:\/\/fundacion-biodiversidad.es\/en\/\",\"name\":\"Fundaci\u00f3n Biodiversidad\",\"description\":\"Fundaci\u00f3n p\u00fablica adscrita al Ministerio para la Transici\u00f3n Ecol\u00f3gica\",\"potentialAction\":[{\"@type\":\"SearchAction\",\"target\":{\"@type\":\"EntryPoint\",\"urlTemplate\":\"https:\/\/fundacion-biodiversidad.es\/en\/?s={search_term_string}\"},\"query-input\":{\"@type\":\"PropertyValueSpecification\",\"valueRequired\":true,\"valueName\":\"search_term_string\"}}],\"inLanguage\":\"en-US\"}]}<\/script>\n<!-- \/ Yoast SEO plugin. -->","yoast_head_json":{"title":"The Biodiversity Foundation opens a channel of communication and collaboration with Scientific Societies - Fundaci\u00f3n Biodiversidad","robots":{"index":"index","follow":"follow","max-snippet":"max-snippet:-1","max-image-preview":"max-image-preview:large","max-video-preview":"max-video-preview:-1"},"canonical":"https:\/\/fundacion-biodiversidad.es\/en\/actualidad_home\/the-biodiversity-foundation-opens-a-channel-of-communication-and-collaboration-with-scientific-societies\/","og_locale":"en_US","og_type":"article","og_title":"The Biodiversity Foundation opens a channel of communication and collaboration with Scientific Societies - Fundaci\u00f3n Biodiversidad","og_description":"The Biodiversity Foundation of the Ministry of Agriculture, Food and the Environment held a meeting today at its headquarters in Madrid with representatives of the [&hellip;]","og_url":"https:\/\/fundacion-biodiversidad.es\/en\/actualidad_home\/the-biodiversity-foundation-opens-a-channel-of-communication-and-collaboration-with-scientific-societies\/","og_site_name":"Fundaci\u00f3n Biodiversidad","og_image":[{"width":720,"height":405,"url":"https:\/\/fundacion-biodiversidad.es\/wp-content\/uploads\/2023\/01\/2487661294_35330241_720x405.png","type":"image\/png"}],"twitter_card":"summary_large_image","twitter_misc":{"Est. reading time":"2 minutes"},"schema":{"@context":"https:\/\/schema.org","@graph":[{"@type":"WebPage","@id":"https:\/\/fundacion-biodiversidad.es\/en\/actualidad_home\/the-biodiversity-foundation-opens-a-channel-of-communication-and-collaboration-with-scientific-societies\/","url":"https:\/\/fundacion-biodiversidad.es\/en\/actualidad_home\/the-biodiversity-foundation-opens-a-channel-of-communication-and-collaboration-with-scientific-societies\/","name":"The Biodiversity Foundation opens a channel of communication and collaboration with Scientific Societies - Fundaci\u00f3n Biodiversidad","isPartOf":{"@id":"https:\/\/fundacion-biodiversidad.es\/en\/#website"},"primaryImageOfPage":{"@id":"https:\/\/fundacion-biodiversidad.es\/en\/actualidad_home\/the-biodiversity-foundation-opens-a-channel-of-communication-and-collaboration-with-scientific-societies\/#primaryimage"},"image":{"@id":"https:\/\/fundacion-biodiversidad.es\/en\/actualidad_home\/the-biodiversity-foundation-opens-a-channel-of-communication-and-collaboration-with-scientific-societies\/#primaryimage"},"thumbnailUrl":"https:\/\/fundacion-biodiversidad.es\/wp-content\/uploads\/2016\/03\/foto_de_grupo_sector_cientifico-scaled.jpg","datePublished":"2016-03-10T14:06:57+00:00","breadcrumb":{"@id":"https:\/\/fundacion-biodiversidad.es\/en\/actualidad_home\/the-biodiversity-foundation-opens-a-channel-of-communication-and-collaboration-with-scientific-societies\/#breadcrumb"},"inLanguage":"en-US","potentialAction":[{"@type":"ReadAction","target":["https:\/\/fundacion-biodiversidad.es\/en\/actualidad_home\/the-biodiversity-foundation-opens-a-channel-of-communication-and-collaboration-with-scientific-societies\/"]}]},{"@type":"ImageObject","inLanguage":"en-US","@id":"https:\/\/fundacion-biodiversidad.es\/en\/actualidad_home\/the-biodiversity-foundation-opens-a-channel-of-communication-and-collaboration-with-scientific-societies\/#primaryimage","url":"https:\/\/fundacion-biodiversidad.es\/wp-content\/uploads\/2016\/03\/foto_de_grupo_sector_cientifico-scaled.jpg","contentUrl":"https:\/\/fundacion-biodiversidad.es\/wp-content\/uploads\/2016\/03\/foto_de_grupo_sector_cientifico-scaled.jpg","width":2560,"height":1275},{"@type":"BreadcrumbList","@id":"https:\/\/fundacion-biodiversidad.es\/en\/actualidad_home\/the-biodiversity-foundation-opens-a-channel-of-communication-and-collaboration-with-scientific-societies\/#breadcrumb","itemListElement":[{"@type":"ListItem","position":1,"name":"Portada","item":"https:\/\/fundacion-biodiversidad.es\/en\/inicio\/"},{"@type":"ListItem","position":2,"name":"Noticias de actualidad","item":"https:\/\/fundacion-biodiversidad.es\/en\/actualidad_home\/"},{"@type":"ListItem","position":3,"name":"The Biodiversity Foundation opens a channel of communication and collaboration with Scientific Societies"}]},{"@type":"WebSite","@id":"https:\/\/fundacion-biodiversidad.es\/en\/#website","url":"https:\/\/fundacion-biodiversidad.es\/en\/","name":"Fundaci\u00f3n Biodiversidad","description":"Fundaci\u00f3n p\u00fablica adscrita al Ministerio para la Transici\u00f3n Ecol\u00f3gica","potentialAction":[{"@type":"SearchAction","target":{"@type":"EntryPoint","urlTemplate":"https:\/\/fundacion-biodiversidad.es\/en\/?s={search_term_string}"},"query-input":{"@type":"PropertyValueSpecification","valueRequired":true,"valueName":"search_term_string"}}],"inLanguage":"en-US"}]}},"_links":{"self":[{"href":"https:\/\/fundacion-biodiversidad.es\/en\/wp-json\/wp\/v2\/actualidad_home\/97857994","targetHints":{"allow":["GET"]}}],"collection":[{"href":"https:\/\/fundacion-biodiversidad.es\/en\/wp-json\/wp\/v2\/actualidad_home"}],"about":[{"href":"https:\/\/fundacion-biodiversidad.es\/en\/wp-json\/wp\/v2\/types\/actualidad_home"}],"author":[{"embeddable":true,"href":"https:\/\/fundacion-biodiversidad.es\/en\/wp-json\/wp\/v2\/users\/11"}],"wp:featuredmedia":[{"embeddable":true,"href":"https:\/\/fundacion-biodiversidad.es\/en\/wp-json\/wp\/v2\/media\/35685"}],"wp:attachment":[{"href":"https:\/\/fundacion-biodiversidad.es\/en\/wp-json\/wp\/v2\/media?parent=97857994"}],"wp:term":[{"taxonomy":"palabras_clave","embeddable":true,"href":"https:\/\/fundacion-biodiversidad.es\/en\/wp-json\/wp\/v2\/palabras_clave?post=97857994"}],"curies":[{"name":"wp","href":"https:\/\/api.w.org\/{rel}","templated":true}]}}