{"id":97858081,"date":"2015-06-11T08:43:20","date_gmt":"2015-06-11T06:43:20","guid":{"rendered":"https:\/\/fundacion-biodiversidad.es\/actualidad_home\/we-participated-in-an-international-meeting-on-the-protection-of-marine-areas-in-tunisia\/"},"modified":"2015-06-11T08:43:20","modified_gmt":"2015-06-11T06:43:20","slug":"we-participated-in-an-international-meeting-on-the-protection-of-marine-areas-in-tunisia","status":"publish","type":"actualidad_home","link":"https:\/\/fundacion-biodiversidad.es\/en\/actualidad_home\/we-participated-in-an-international-meeting-on-the-protection-of-marine-areas-in-tunisia\/","title":{"rendered":"We participated in an international meeting on the protection of marine areas in Tunisia"},"content":{"rendered":"<p>The Biodiversity Foundation of the Ministry of Agriculture, Food and Environment has participated in a meeting on the <strong>protection of marine areas of the Mediterranean and the Black Sea<\/strong> that is being held in Gammarth, Tunisia, between 9 and 12 June 2015. Representatives of the National Institute of Marine Science and Technology of Tunisia are also participating, as Tunisian partners of <a href=\"http:\/\/ecosafimed.eu\/es\" rel=\"nofollow noopener\" target=\"_blank\">ECOSAFIMED.<\/a> <\/p>\n<p>  This event brings together a large representation of experts in marine protected areas and representatives of coordination centres and organisations from Mediterranean countries, to assess the progress made so far in the protection of marine areas and to take stock of the available knowledge on Mediterranean marine areas of special interest due to their importance for <strong>the conservation of biodiversity<\/strong>.  especially in relation <strong>to critical habitats for cetaceans and the sustainability of fisheries<\/strong>.<\/p>\n<p>  During the meeting, a session was dedicated to publicize the situation and development of the ENPI-ECOSAFIMED project and to involve the associated entities present at the meeting. The National Institute of Marine Science and Technology of Tunisia presented the progress and preliminary results, including guidelines for the sustainable management of artisanal fisheries and proposals for the conservation of benthic ecosystems. <br \/>\n&nbsp;<br \/>  The meeting also includes several conferences and a workshop on the effectiveness of MPAs, including the habitats of cetaceans, which are critically endangered. The protection of marine areas has proven useful in the conservation of marine ecosystems, in the restoration of degraded habitats and in the recovery of declining species. Their role in economic and social development and in <strong>ensuring sustainable livelihoods<\/strong> is increasingly recognized.  <br \/>\n&nbsp;<br \/>  The event is jointly organized by regional organizations that promote the development and reinforcement of marine protected areas and responds to the coordination process in which they are immersed aimed at improving harmonization for the establishment of Marine Protected Areas (MPAs). These are the <a href=\"http:\/\/www.rac-spa.org\/\" rel=\"nofollow noopener\" target=\"_blank\">Regional Activity Centre for Protected Areas<\/a> (RAC\/SPA), the Secretariat of the FAO General Fisheries Commission for the Mediterranean (GFCM) and the Secretariat of the Monaco Agreement on the Conservation of Cetaceans of the Black Sea, the Mediterranean Sea and the Atlantic Contiguous Area (ACCOBAMS). MedPAN, the network of protected area managers in the Mediterranean, also participates.  &nbsp;<\/p>\n","protected":false},"author":11,"featured_media":35587,"template":"","meta":{"_acf_changed":false},"palabras_clave":[],"class_list":["post-97858081","actualidad_home","type-actualidad_home","status-publish","has-post-thumbnail","hentry"],"acf":[],"yoast_head":"<!-- This site is optimized with the Yoast SEO plugin v26.9 - https:\/\/yoast.com\/product\/yoast-seo-wordpress\/ -->\n<title>We participated in an international meeting on the protection of marine areas in Tunisia - Fundaci\u00f3n Biodiversidad<\/title>\n<meta name=\"robots\" content=\"index, follow, max-snippet:-1, max-image-preview:large, max-video-preview:-1\" \/>\n<link rel=\"canonical\" href=\"https:\/\/fundacion-biodiversidad.es\/en\/actualidad_home\/we-participated-in-an-international-meeting-on-the-protection-of-marine-areas-in-tunisia\/\" \/>\n<meta property=\"og:locale\" content=\"en_US\" \/>\n<meta property=\"og:type\" content=\"article\" \/>\n<meta property=\"og:title\" content=\"We participated in an international meeting on the protection of marine areas in Tunisia - Fundaci\u00f3n Biodiversidad\" \/>\n<meta property=\"og:description\" content=\"The Biodiversity Foundation of the Ministry of Agriculture, Food and Environment has participated in a meeting on the protection of marine areas of the Mediterranean [&hellip;]\" \/>\n<meta property=\"og:url\" content=\"https:\/\/fundacion-biodiversidad.es\/en\/actualidad_home\/we-participated-in-an-international-meeting-on-the-protection-of-marine-areas-in-tunisia\/\" \/>\n<meta property=\"og:site_name\" content=\"Fundaci\u00f3n Biodiversidad\" \/>\n<meta property=\"og:image\" content=\"https:\/\/fundacion-biodiversidad.es\/wp-content\/uploads\/2023\/01\/2487661294_35330241_720x405.png\" \/>\n\t<meta property=\"og:image:width\" content=\"720\" \/>\n\t<meta property=\"og:image:height\" content=\"405\" \/>\n\t<meta property=\"og:image:type\" content=\"image\/png\" \/>\n<meta name=\"twitter:card\" content=\"summary_large_image\" \/>\n<meta name=\"twitter:label1\" content=\"Est. reading time\" \/>\n\t<meta name=\"twitter:data1\" content=\"2 minutes\" \/>\n<script type=\"application\/ld+json\" class=\"yoast-schema-graph\">{\"@context\":\"https:\/\/schema.org\",\"@graph\":[{\"@type\":\"WebPage\",\"@id\":\"https:\/\/fundacion-biodiversidad.es\/en\/actualidad_home\/we-participated-in-an-international-meeting-on-the-protection-of-marine-areas-in-tunisia\/\",\"url\":\"https:\/\/fundacion-biodiversidad.es\/en\/actualidad_home\/we-participated-in-an-international-meeting-on-the-protection-of-marine-areas-in-tunisia\/\",\"name\":\"We participated in an international meeting on the protection of marine areas in Tunisia - Fundaci\u00f3n Biodiversidad\",\"isPartOf\":{\"@id\":\"https:\/\/fundacion-biodiversidad.es\/en\/#website\"},\"primaryImageOfPage\":{\"@id\":\"https:\/\/fundacion-biodiversidad.es\/en\/actualidad_home\/we-participated-in-an-international-meeting-on-the-protection-of-marine-areas-in-tunisia\/#primaryimage\"},\"image\":{\"@id\":\"https:\/\/fundacion-biodiversidad.es\/en\/actualidad_home\/we-participated-in-an-international-meeting-on-the-protection-of-marine-areas-in-tunisia\/#primaryimage\"},\"thumbnailUrl\":\"https:\/\/fundacion-biodiversidad.es\/wp-content\/uploads\/2015\/06\/ecosafimed_tunez.jpg\",\"datePublished\":\"2015-06-11T06:43:20+00:00\",\"breadcrumb\":{\"@id\":\"https:\/\/fundacion-biodiversidad.es\/en\/actualidad_home\/we-participated-in-an-international-meeting-on-the-protection-of-marine-areas-in-tunisia\/#breadcrumb\"},\"inLanguage\":\"en-US\",\"potentialAction\":[{\"@type\":\"ReadAction\",\"target\":[\"https:\/\/fundacion-biodiversidad.es\/en\/actualidad_home\/we-participated-in-an-international-meeting-on-the-protection-of-marine-areas-in-tunisia\/\"]}]},{\"@type\":\"ImageObject\",\"inLanguage\":\"en-US\",\"@id\":\"https:\/\/fundacion-biodiversidad.es\/en\/actualidad_home\/we-participated-in-an-international-meeting-on-the-protection-of-marine-areas-in-tunisia\/#primaryimage\",\"url\":\"https:\/\/fundacion-biodiversidad.es\/wp-content\/uploads\/2015\/06\/ecosafimed_tunez.jpg\",\"contentUrl\":\"https:\/\/fundacion-biodiversidad.es\/wp-content\/uploads\/2015\/06\/ecosafimed_tunez.jpg\",\"width\":1280,\"height\":960},{\"@type\":\"BreadcrumbList\",\"@id\":\"https:\/\/fundacion-biodiversidad.es\/en\/actualidad_home\/we-participated-in-an-international-meeting-on-the-protection-of-marine-areas-in-tunisia\/#breadcrumb\",\"itemListElement\":[{\"@type\":\"ListItem\",\"position\":1,\"name\":\"Portada\",\"item\":\"https:\/\/fundacion-biodiversidad.es\/en\/inicio\/\"},{\"@type\":\"ListItem\",\"position\":2,\"name\":\"Noticias de actualidad\",\"item\":\"https:\/\/fundacion-biodiversidad.es\/en\/actualidad_home\/\"},{\"@type\":\"ListItem\",\"position\":3,\"name\":\"We participated in an international meeting on the protection of marine areas in Tunisia\"}]},{\"@type\":\"WebSite\",\"@id\":\"https:\/\/fundacion-biodiversidad.es\/en\/#website\",\"url\":\"https:\/\/fundacion-biodiversidad.es\/en\/\",\"name\":\"Fundaci\u00f3n Biodiversidad\",\"description\":\"Fundaci\u00f3n p\u00fablica adscrita al Ministerio para la Transici\u00f3n Ecol\u00f3gica\",\"potentialAction\":[{\"@type\":\"SearchAction\",\"target\":{\"@type\":\"EntryPoint\",\"urlTemplate\":\"https:\/\/fundacion-biodiversidad.es\/en\/?s={search_term_string}\"},\"query-input\":{\"@type\":\"PropertyValueSpecification\",\"valueRequired\":true,\"valueName\":\"search_term_string\"}}],\"inLanguage\":\"en-US\"}]}<\/script>\n<!-- \/ Yoast SEO plugin. -->","yoast_head_json":{"title":"We participated in an international meeting on the protection of marine areas in Tunisia - Fundaci\u00f3n Biodiversidad","robots":{"index":"index","follow":"follow","max-snippet":"max-snippet:-1","max-image-preview":"max-image-preview:large","max-video-preview":"max-video-preview:-1"},"canonical":"https:\/\/fundacion-biodiversidad.es\/en\/actualidad_home\/we-participated-in-an-international-meeting-on-the-protection-of-marine-areas-in-tunisia\/","og_locale":"en_US","og_type":"article","og_title":"We participated in an international meeting on the protection of marine areas in Tunisia - Fundaci\u00f3n Biodiversidad","og_description":"The Biodiversity Foundation of the Ministry of Agriculture, Food and Environment has participated in a meeting on the protection of marine areas of the Mediterranean [&hellip;]","og_url":"https:\/\/fundacion-biodiversidad.es\/en\/actualidad_home\/we-participated-in-an-international-meeting-on-the-protection-of-marine-areas-in-tunisia\/","og_site_name":"Fundaci\u00f3n Biodiversidad","og_image":[{"width":720,"height":405,"url":"https:\/\/fundacion-biodiversidad.es\/wp-content\/uploads\/2023\/01\/2487661294_35330241_720x405.png","type":"image\/png"}],"twitter_card":"summary_large_image","twitter_misc":{"Est. reading time":"2 minutes"},"schema":{"@context":"https:\/\/schema.org","@graph":[{"@type":"WebPage","@id":"https:\/\/fundacion-biodiversidad.es\/en\/actualidad_home\/we-participated-in-an-international-meeting-on-the-protection-of-marine-areas-in-tunisia\/","url":"https:\/\/fundacion-biodiversidad.es\/en\/actualidad_home\/we-participated-in-an-international-meeting-on-the-protection-of-marine-areas-in-tunisia\/","name":"We participated in an international meeting on the protection of marine areas in Tunisia - Fundaci\u00f3n Biodiversidad","isPartOf":{"@id":"https:\/\/fundacion-biodiversidad.es\/en\/#website"},"primaryImageOfPage":{"@id":"https:\/\/fundacion-biodiversidad.es\/en\/actualidad_home\/we-participated-in-an-international-meeting-on-the-protection-of-marine-areas-in-tunisia\/#primaryimage"},"image":{"@id":"https:\/\/fundacion-biodiversidad.es\/en\/actualidad_home\/we-participated-in-an-international-meeting-on-the-protection-of-marine-areas-in-tunisia\/#primaryimage"},"thumbnailUrl":"https:\/\/fundacion-biodiversidad.es\/wp-content\/uploads\/2015\/06\/ecosafimed_tunez.jpg","datePublished":"2015-06-11T06:43:20+00:00","breadcrumb":{"@id":"https:\/\/fundacion-biodiversidad.es\/en\/actualidad_home\/we-participated-in-an-international-meeting-on-the-protection-of-marine-areas-in-tunisia\/#breadcrumb"},"inLanguage":"en-US","potentialAction":[{"@type":"ReadAction","target":["https:\/\/fundacion-biodiversidad.es\/en\/actualidad_home\/we-participated-in-an-international-meeting-on-the-protection-of-marine-areas-in-tunisia\/"]}]},{"@type":"ImageObject","inLanguage":"en-US","@id":"https:\/\/fundacion-biodiversidad.es\/en\/actualidad_home\/we-participated-in-an-international-meeting-on-the-protection-of-marine-areas-in-tunisia\/#primaryimage","url":"https:\/\/fundacion-biodiversidad.es\/wp-content\/uploads\/2015\/06\/ecosafimed_tunez.jpg","contentUrl":"https:\/\/fundacion-biodiversidad.es\/wp-content\/uploads\/2015\/06\/ecosafimed_tunez.jpg","width":1280,"height":960},{"@type":"BreadcrumbList","@id":"https:\/\/fundacion-biodiversidad.es\/en\/actualidad_home\/we-participated-in-an-international-meeting-on-the-protection-of-marine-areas-in-tunisia\/#breadcrumb","itemListElement":[{"@type":"ListItem","position":1,"name":"Portada","item":"https:\/\/fundacion-biodiversidad.es\/en\/inicio\/"},{"@type":"ListItem","position":2,"name":"Noticias de actualidad","item":"https:\/\/fundacion-biodiversidad.es\/en\/actualidad_home\/"},{"@type":"ListItem","position":3,"name":"We participated in an international meeting on the protection of marine areas in Tunisia"}]},{"@type":"WebSite","@id":"https:\/\/fundacion-biodiversidad.es\/en\/#website","url":"https:\/\/fundacion-biodiversidad.es\/en\/","name":"Fundaci\u00f3n Biodiversidad","description":"Fundaci\u00f3n p\u00fablica adscrita al Ministerio para la Transici\u00f3n Ecol\u00f3gica","potentialAction":[{"@type":"SearchAction","target":{"@type":"EntryPoint","urlTemplate":"https:\/\/fundacion-biodiversidad.es\/en\/?s={search_term_string}"},"query-input":{"@type":"PropertyValueSpecification","valueRequired":true,"valueName":"search_term_string"}}],"inLanguage":"en-US"}]}},"_links":{"self":[{"href":"https:\/\/fundacion-biodiversidad.es\/en\/wp-json\/wp\/v2\/actualidad_home\/97858081","targetHints":{"allow":["GET"]}}],"collection":[{"href":"https:\/\/fundacion-biodiversidad.es\/en\/wp-json\/wp\/v2\/actualidad_home"}],"about":[{"href":"https:\/\/fundacion-biodiversidad.es\/en\/wp-json\/wp\/v2\/types\/actualidad_home"}],"author":[{"embeddable":true,"href":"https:\/\/fundacion-biodiversidad.es\/en\/wp-json\/wp\/v2\/users\/11"}],"wp:featuredmedia":[{"embeddable":true,"href":"https:\/\/fundacion-biodiversidad.es\/en\/wp-json\/wp\/v2\/media\/35587"}],"wp:attachment":[{"href":"https:\/\/fundacion-biodiversidad.es\/en\/wp-json\/wp\/v2\/media?parent=97858081"}],"wp:term":[{"taxonomy":"palabras_clave","embeddable":true,"href":"https:\/\/fundacion-biodiversidad.es\/en\/wp-json\/wp\/v2\/palabras_clave?post=97858081"}],"curies":[{"name":"wp","href":"https:\/\/api.w.org\/{rel}","templated":true}]}}