{"id":97858153,"date":"2016-08-29T08:27:28","date_gmt":"2016-08-29T06:27:28","guid":{"rendered":"https:\/\/fundacion-biodiversidad.es\/actualidad_home\/nature-observation-an-opportunity-to-start-a-green-business\/"},"modified":"2016-08-29T08:27:28","modified_gmt":"2016-08-29T06:27:28","slug":"nature-observation-an-opportunity-to-start-a-green-business","status":"publish","type":"actualidad_home","link":"https:\/\/fundacion-biodiversidad.es\/en\/actualidad_home\/nature-observation-an-opportunity-to-start-a-green-business\/","title":{"rendered":"Nature observation: an opportunity to start a green business"},"content":{"rendered":"<p>The director of the Biodiversity Foundation, <strong>Sonia Casta\u00f1eda<\/strong>, chaired the <a href=\"http:\/\/www.redemprendeverde.es\/pg\/pages\/view\/59544\/encuentros-emprendeverde\" rel=\"nofollow noopener\" target=\"_blank\">14th entrepreneurship meeting<\/a> <strong>&#8220;Nature observation: an opportunity for green entrepreneurship&#8221;,<\/strong> organised within the framework of the <strong>Red emprendeverde project<\/strong> and with the participation of experts and entrepreneurs linked to this sector.  &nbsp;<\/p>\n<p>The aim of this session was to <strong>promote the exchange of experiences and knowledge in the field of ecotourism<\/strong> aimed at nature observation, raising awareness of the opportunities for green entrepreneurship in this field. During the meeting, various entrepreneurs have announced initiatives that promote ecotourism linked to the observation of nature. <\/p>\n<p>It has been possible to learn about the keys to the <strong>promotion of ecotourism and ornithological tourism<\/strong> , while contributing <strong>to rural development in areas of the Natura 2000 Network<\/strong>, a nature tourism initiative that allows travel through European wetlands following the migratory route of two species of birds or how the training, research and wildlife observation tourism carried out by Cetaceans and navigation are compatible with the conservation of the environment marine.<\/p>\n<p>After the interventions <strong>, the entrepreneurs exchanged experiences<\/strong> with the rest of the attendees and had the opportunity to consult both the speakers and the entrepreneurs of the meeting.<\/p>\n<p>This meeting is one of the activities of the <a href=\"http:\/\/www.redemprendeverde.es\" rel=\"nofollow noopener\" target=\"_blank\">Emprendeverde Network<\/a>, which is co-financed by the European Social Fund. It has been developed <strong>within the framework of the <\/strong><a href=\"http:\/\/www.madbirdfair.es\/es\/inicio\" rel=\"nofollow noopener\" target=\"_blank\">MADbird Fair<\/a> on the Paseo del Prado in Madrid. <br \/>\n&nbsp;<\/p>\n","protected":false},"author":11,"featured_media":35729,"template":"","meta":{"_acf_changed":false},"palabras_clave":[],"class_list":["post-97858153","actualidad_home","type-actualidad_home","status-publish","has-post-thumbnail","hentry"],"acf":[],"yoast_head":"<!-- This site is optimized with the Yoast SEO plugin v26.9 - https:\/\/yoast.com\/product\/yoast-seo-wordpress\/ -->\n<title>Nature observation: an opportunity to start a green business - Fundaci\u00f3n Biodiversidad<\/title>\n<meta name=\"robots\" content=\"index, follow, max-snippet:-1, max-image-preview:large, max-video-preview:-1\" \/>\n<link rel=\"canonical\" href=\"https:\/\/fundacion-biodiversidad.es\/en\/actualidad_home\/nature-observation-an-opportunity-to-start-a-green-business\/\" \/>\n<meta property=\"og:locale\" content=\"en_US\" \/>\n<meta property=\"og:type\" content=\"article\" \/>\n<meta property=\"og:title\" content=\"Nature observation: an opportunity to start a green business - Fundaci\u00f3n Biodiversidad\" \/>\n<meta property=\"og:description\" content=\"The director of the Biodiversity Foundation, Sonia Casta\u00f1eda, chaired the 14th entrepreneurship meeting &#8220;Nature observation: an opportunity for green entrepreneurship&#8221;, organised within the framework of [&hellip;]\" \/>\n<meta property=\"og:url\" content=\"https:\/\/fundacion-biodiversidad.es\/en\/actualidad_home\/nature-observation-an-opportunity-to-start-a-green-business\/\" \/>\n<meta property=\"og:site_name\" content=\"Fundaci\u00f3n Biodiversidad\" \/>\n<meta property=\"og:image\" content=\"https:\/\/fundacion-biodiversidad.es\/wp-content\/uploads\/2023\/01\/2487661294_35330241_720x405.png\" \/>\n\t<meta property=\"og:image:width\" content=\"720\" \/>\n\t<meta property=\"og:image:height\" content=\"405\" \/>\n\t<meta property=\"og:image:type\" content=\"image\/png\" \/>\n<meta name=\"twitter:card\" content=\"summary_large_image\" \/>\n<meta name=\"twitter:label1\" content=\"Est. reading time\" \/>\n\t<meta name=\"twitter:data1\" content=\"1 minute\" \/>\n<script type=\"application\/ld+json\" class=\"yoast-schema-graph\">{\"@context\":\"https:\/\/schema.org\",\"@graph\":[{\"@type\":\"WebPage\",\"@id\":\"https:\/\/fundacion-biodiversidad.es\/en\/actualidad_home\/nature-observation-an-opportunity-to-start-a-green-business\/\",\"url\":\"https:\/\/fundacion-biodiversidad.es\/en\/actualidad_home\/nature-observation-an-opportunity-to-start-a-green-business\/\",\"name\":\"Nature observation: an opportunity to start a green business - Fundaci\u00f3n Biodiversidad\",\"isPartOf\":{\"@id\":\"https:\/\/fundacion-biodiversidad.es\/en\/#website\"},\"primaryImageOfPage\":{\"@id\":\"https:\/\/fundacion-biodiversidad.es\/en\/actualidad_home\/nature-observation-an-opportunity-to-start-a-green-business\/#primaryimage\"},\"image\":{\"@id\":\"https:\/\/fundacion-biodiversidad.es\/en\/actualidad_home\/nature-observation-an-opportunity-to-start-a-green-business\/#primaryimage\"},\"thumbnailUrl\":\"https:\/\/fundacion-biodiversidad.es\/wp-content\/uploads\/2016\/08\/10-06_inaguracion_feria_madbird-scaled.jpg\",\"datePublished\":\"2016-08-29T06:27:28+00:00\",\"breadcrumb\":{\"@id\":\"https:\/\/fundacion-biodiversidad.es\/en\/actualidad_home\/nature-observation-an-opportunity-to-start-a-green-business\/#breadcrumb\"},\"inLanguage\":\"en-US\",\"potentialAction\":[{\"@type\":\"ReadAction\",\"target\":[\"https:\/\/fundacion-biodiversidad.es\/en\/actualidad_home\/nature-observation-an-opportunity-to-start-a-green-business\/\"]}]},{\"@type\":\"ImageObject\",\"inLanguage\":\"en-US\",\"@id\":\"https:\/\/fundacion-biodiversidad.es\/en\/actualidad_home\/nature-observation-an-opportunity-to-start-a-green-business\/#primaryimage\",\"url\":\"https:\/\/fundacion-biodiversidad.es\/wp-content\/uploads\/2016\/08\/10-06_inaguracion_feria_madbird-scaled.jpg\",\"contentUrl\":\"https:\/\/fundacion-biodiversidad.es\/wp-content\/uploads\/2016\/08\/10-06_inaguracion_feria_madbird-scaled.jpg\",\"width\":2560,\"height\":1696},{\"@type\":\"BreadcrumbList\",\"@id\":\"https:\/\/fundacion-biodiversidad.es\/en\/actualidad_home\/nature-observation-an-opportunity-to-start-a-green-business\/#breadcrumb\",\"itemListElement\":[{\"@type\":\"ListItem\",\"position\":1,\"name\":\"Portada\",\"item\":\"https:\/\/fundacion-biodiversidad.es\/en\/inicio\/\"},{\"@type\":\"ListItem\",\"position\":2,\"name\":\"Noticias de actualidad\",\"item\":\"https:\/\/fundacion-biodiversidad.es\/en\/actualidad_home\/\"},{\"@type\":\"ListItem\",\"position\":3,\"name\":\"Nature observation: an opportunity to start a green business\"}]},{\"@type\":\"WebSite\",\"@id\":\"https:\/\/fundacion-biodiversidad.es\/en\/#website\",\"url\":\"https:\/\/fundacion-biodiversidad.es\/en\/\",\"name\":\"Fundaci\u00f3n Biodiversidad\",\"description\":\"Fundaci\u00f3n p\u00fablica adscrita al Ministerio para la Transici\u00f3n Ecol\u00f3gica\",\"potentialAction\":[{\"@type\":\"SearchAction\",\"target\":{\"@type\":\"EntryPoint\",\"urlTemplate\":\"https:\/\/fundacion-biodiversidad.es\/en\/?s={search_term_string}\"},\"query-input\":{\"@type\":\"PropertyValueSpecification\",\"valueRequired\":true,\"valueName\":\"search_term_string\"}}],\"inLanguage\":\"en-US\"}]}<\/script>\n<!-- \/ Yoast SEO plugin. -->","yoast_head_json":{"title":"Nature observation: an opportunity to start a green business - Fundaci\u00f3n Biodiversidad","robots":{"index":"index","follow":"follow","max-snippet":"max-snippet:-1","max-image-preview":"max-image-preview:large","max-video-preview":"max-video-preview:-1"},"canonical":"https:\/\/fundacion-biodiversidad.es\/en\/actualidad_home\/nature-observation-an-opportunity-to-start-a-green-business\/","og_locale":"en_US","og_type":"article","og_title":"Nature observation: an opportunity to start a green business - Fundaci\u00f3n Biodiversidad","og_description":"The director of the Biodiversity Foundation, Sonia Casta\u00f1eda, chaired the 14th entrepreneurship meeting &#8220;Nature observation: an opportunity for green entrepreneurship&#8221;, organised within the framework of [&hellip;]","og_url":"https:\/\/fundacion-biodiversidad.es\/en\/actualidad_home\/nature-observation-an-opportunity-to-start-a-green-business\/","og_site_name":"Fundaci\u00f3n Biodiversidad","og_image":[{"width":720,"height":405,"url":"https:\/\/fundacion-biodiversidad.es\/wp-content\/uploads\/2023\/01\/2487661294_35330241_720x405.png","type":"image\/png"}],"twitter_card":"summary_large_image","twitter_misc":{"Est. reading time":"1 minute"},"schema":{"@context":"https:\/\/schema.org","@graph":[{"@type":"WebPage","@id":"https:\/\/fundacion-biodiversidad.es\/en\/actualidad_home\/nature-observation-an-opportunity-to-start-a-green-business\/","url":"https:\/\/fundacion-biodiversidad.es\/en\/actualidad_home\/nature-observation-an-opportunity-to-start-a-green-business\/","name":"Nature observation: an opportunity to start a green business - Fundaci\u00f3n Biodiversidad","isPartOf":{"@id":"https:\/\/fundacion-biodiversidad.es\/en\/#website"},"primaryImageOfPage":{"@id":"https:\/\/fundacion-biodiversidad.es\/en\/actualidad_home\/nature-observation-an-opportunity-to-start-a-green-business\/#primaryimage"},"image":{"@id":"https:\/\/fundacion-biodiversidad.es\/en\/actualidad_home\/nature-observation-an-opportunity-to-start-a-green-business\/#primaryimage"},"thumbnailUrl":"https:\/\/fundacion-biodiversidad.es\/wp-content\/uploads\/2016\/08\/10-06_inaguracion_feria_madbird-scaled.jpg","datePublished":"2016-08-29T06:27:28+00:00","breadcrumb":{"@id":"https:\/\/fundacion-biodiversidad.es\/en\/actualidad_home\/nature-observation-an-opportunity-to-start-a-green-business\/#breadcrumb"},"inLanguage":"en-US","potentialAction":[{"@type":"ReadAction","target":["https:\/\/fundacion-biodiversidad.es\/en\/actualidad_home\/nature-observation-an-opportunity-to-start-a-green-business\/"]}]},{"@type":"ImageObject","inLanguage":"en-US","@id":"https:\/\/fundacion-biodiversidad.es\/en\/actualidad_home\/nature-observation-an-opportunity-to-start-a-green-business\/#primaryimage","url":"https:\/\/fundacion-biodiversidad.es\/wp-content\/uploads\/2016\/08\/10-06_inaguracion_feria_madbird-scaled.jpg","contentUrl":"https:\/\/fundacion-biodiversidad.es\/wp-content\/uploads\/2016\/08\/10-06_inaguracion_feria_madbird-scaled.jpg","width":2560,"height":1696},{"@type":"BreadcrumbList","@id":"https:\/\/fundacion-biodiversidad.es\/en\/actualidad_home\/nature-observation-an-opportunity-to-start-a-green-business\/#breadcrumb","itemListElement":[{"@type":"ListItem","position":1,"name":"Portada","item":"https:\/\/fundacion-biodiversidad.es\/en\/inicio\/"},{"@type":"ListItem","position":2,"name":"Noticias de actualidad","item":"https:\/\/fundacion-biodiversidad.es\/en\/actualidad_home\/"},{"@type":"ListItem","position":3,"name":"Nature observation: an opportunity to start a green business"}]},{"@type":"WebSite","@id":"https:\/\/fundacion-biodiversidad.es\/en\/#website","url":"https:\/\/fundacion-biodiversidad.es\/en\/","name":"Fundaci\u00f3n Biodiversidad","description":"Fundaci\u00f3n p\u00fablica adscrita al Ministerio para la Transici\u00f3n Ecol\u00f3gica","potentialAction":[{"@type":"SearchAction","target":{"@type":"EntryPoint","urlTemplate":"https:\/\/fundacion-biodiversidad.es\/en\/?s={search_term_string}"},"query-input":{"@type":"PropertyValueSpecification","valueRequired":true,"valueName":"search_term_string"}}],"inLanguage":"en-US"}]}},"_links":{"self":[{"href":"https:\/\/fundacion-biodiversidad.es\/en\/wp-json\/wp\/v2\/actualidad_home\/97858153","targetHints":{"allow":["GET"]}}],"collection":[{"href":"https:\/\/fundacion-biodiversidad.es\/en\/wp-json\/wp\/v2\/actualidad_home"}],"about":[{"href":"https:\/\/fundacion-biodiversidad.es\/en\/wp-json\/wp\/v2\/types\/actualidad_home"}],"author":[{"embeddable":true,"href":"https:\/\/fundacion-biodiversidad.es\/en\/wp-json\/wp\/v2\/users\/11"}],"wp:featuredmedia":[{"embeddable":true,"href":"https:\/\/fundacion-biodiversidad.es\/en\/wp-json\/wp\/v2\/media\/35729"}],"wp:attachment":[{"href":"https:\/\/fundacion-biodiversidad.es\/en\/wp-json\/wp\/v2\/media?parent=97858153"}],"wp:term":[{"taxonomy":"palabras_clave","embeddable":true,"href":"https:\/\/fundacion-biodiversidad.es\/en\/wp-json\/wp\/v2\/palabras_clave?post=97858153"}],"curies":[{"name":"wp","href":"https:\/\/api.w.org\/{rel}","templated":true}]}}