{"id":97858154,"date":"2016-08-29T08:26:20","date_gmt":"2016-08-29T06:26:20","guid":{"rendered":"https:\/\/fundacion-biodiversidad.es\/actualidad_home\/a-sea-of-solidarity-to-celebrate-world-oceans-day\/"},"modified":"2016-08-29T08:26:20","modified_gmt":"2016-08-29T06:26:20","slug":"a-sea-of-solidarity-to-celebrate-world-oceans-day","status":"publish","type":"actualidad_home","link":"https:\/\/fundacion-biodiversidad.es\/en\/actualidad_home\/a-sea-of-solidarity-to-celebrate-world-oceans-day\/","title":{"rendered":"A sea of solidarity to celebrate World Oceans Day"},"content":{"rendered":"<p>On the occasion of the celebration <strong>of World Oceans Day<\/strong>, the Biodiversity Foundation of the Ministry of Agriculture, Food and Environment collaborates in the Exhibition <a href=\"http:\/\/fundacion-biodiversidad.es\/biodiversidad-marina-y-litoral\/proyectos-convocatoria-ayudas\/tejiendo-mares-de-solidaridad\" target=\"_blank\" rel=\"noopener\"><strong>&#8220;Weaving Seas of Solidarity&#8221;,<\/strong><\/a> a project that pursues a double objective: raising awareness of the importance of our oceans, and carrying out solidarity work.<br \/> The exhibition consists <strong>of an ocean of blankets and marine animals made with blue balls<\/strong> previously collected at various donation points by the weavers of the Association of Solidarity Work of the IAIA, in schools and centers for the elderly.<\/p>\n<p>The <strong>IAIA Association<\/strong> is a non-profit organization whose objective is to improve the personal well-being, comprehensive health and quality of life of the elderly and their families, in a creative way: by weaving solidarity. This exhibition, dedicated to the celebration of World Oceans Day, shows environmental awareness and participation in solidarity events of the elderly and contributes to raising awareness about social volunteering in educational centers. <\/p>\n<p>After this exhibition, carried out thanks to the involvement of the population and the collaboration of different institutions and organizations, these enormous oceans woven for this World Oceans Day will be dismantled and turned into <strong>nearly 3,000 blankets that will be donated to families in vulnerable situations<\/strong>. The exhibition &#8220;Weaving Seas of Solidarity&#8221; can be visited from June 6 to 10, at the entrance to the Ministry through Plaza San Juan de la Cruz. <br \/>\n&nbsp;<\/p>\n","protected":false},"author":11,"featured_media":35728,"template":"","meta":{"_acf_changed":false},"palabras_clave":[],"class_list":["post-97858154","actualidad_home","type-actualidad_home","status-publish","has-post-thumbnail","hentry"],"acf":[],"yoast_head":"<!-- This site is optimized with the Yoast SEO plugin v26.9 - https:\/\/yoast.com\/product\/yoast-seo-wordpress\/ -->\n<title>A sea of solidarity to celebrate World Oceans Day - Fundaci\u00f3n Biodiversidad<\/title>\n<meta name=\"robots\" content=\"index, follow, max-snippet:-1, max-image-preview:large, max-video-preview:-1\" \/>\n<link rel=\"canonical\" href=\"https:\/\/fundacion-biodiversidad.es\/en\/actualidad_home\/a-sea-of-solidarity-to-celebrate-world-oceans-day\/\" \/>\n<meta property=\"og:locale\" content=\"en_US\" \/>\n<meta property=\"og:type\" content=\"article\" \/>\n<meta property=\"og:title\" content=\"A sea of solidarity to celebrate World Oceans Day - Fundaci\u00f3n Biodiversidad\" \/>\n<meta property=\"og:description\" content=\"On the occasion of the celebration of World Oceans Day, the Biodiversity Foundation of the Ministry of Agriculture, Food and Environment collaborates in the Exhibition [&hellip;]\" \/>\n<meta property=\"og:url\" content=\"https:\/\/fundacion-biodiversidad.es\/en\/actualidad_home\/a-sea-of-solidarity-to-celebrate-world-oceans-day\/\" \/>\n<meta property=\"og:site_name\" content=\"Fundaci\u00f3n Biodiversidad\" \/>\n<meta property=\"og:image\" content=\"https:\/\/fundacion-biodiversidad.es\/wp-content\/uploads\/2023\/01\/2487661294_35330241_720x405.png\" \/>\n\t<meta property=\"og:image:width\" content=\"720\" \/>\n\t<meta property=\"og:image:height\" content=\"405\" \/>\n\t<meta property=\"og:image:type\" content=\"image\/png\" \/>\n<meta name=\"twitter:card\" content=\"summary_large_image\" \/>\n<meta name=\"twitter:label1\" content=\"Est. reading time\" \/>\n\t<meta name=\"twitter:data1\" content=\"1 minute\" \/>\n<script type=\"application\/ld+json\" class=\"yoast-schema-graph\">{\"@context\":\"https:\/\/schema.org\",\"@graph\":[{\"@type\":\"WebPage\",\"@id\":\"https:\/\/fundacion-biodiversidad.es\/en\/actualidad_home\/a-sea-of-solidarity-to-celebrate-world-oceans-day\/\",\"url\":\"https:\/\/fundacion-biodiversidad.es\/en\/actualidad_home\/a-sea-of-solidarity-to-celebrate-world-oceans-day\/\",\"name\":\"A sea of solidarity to celebrate World Oceans Day - Fundaci\u00f3n Biodiversidad\",\"isPartOf\":{\"@id\":\"https:\/\/fundacion-biodiversidad.es\/en\/#website\"},\"primaryImageOfPage\":{\"@id\":\"https:\/\/fundacion-biodiversidad.es\/en\/actualidad_home\/a-sea-of-solidarity-to-celebrate-world-oceans-day\/#primaryimage\"},\"image\":{\"@id\":\"https:\/\/fundacion-biodiversidad.es\/en\/actualidad_home\/a-sea-of-solidarity-to-celebrate-world-oceans-day\/#primaryimage\"},\"thumbnailUrl\":\"https:\/\/fundacion-biodiversidad.es\/wp-content\/uploads\/2016\/08\/08-06_tejiendo_mares_de_solidaridad-scaled.jpg\",\"datePublished\":\"2016-08-29T06:26:20+00:00\",\"breadcrumb\":{\"@id\":\"https:\/\/fundacion-biodiversidad.es\/en\/actualidad_home\/a-sea-of-solidarity-to-celebrate-world-oceans-day\/#breadcrumb\"},\"inLanguage\":\"en-US\",\"potentialAction\":[{\"@type\":\"ReadAction\",\"target\":[\"https:\/\/fundacion-biodiversidad.es\/en\/actualidad_home\/a-sea-of-solidarity-to-celebrate-world-oceans-day\/\"]}]},{\"@type\":\"ImageObject\",\"inLanguage\":\"en-US\",\"@id\":\"https:\/\/fundacion-biodiversidad.es\/en\/actualidad_home\/a-sea-of-solidarity-to-celebrate-world-oceans-day\/#primaryimage\",\"url\":\"https:\/\/fundacion-biodiversidad.es\/wp-content\/uploads\/2016\/08\/08-06_tejiendo_mares_de_solidaridad-scaled.jpg\",\"contentUrl\":\"https:\/\/fundacion-biodiversidad.es\/wp-content\/uploads\/2016\/08\/08-06_tejiendo_mares_de_solidaridad-scaled.jpg\",\"width\":2560,\"height\":1702},{\"@type\":\"BreadcrumbList\",\"@id\":\"https:\/\/fundacion-biodiversidad.es\/en\/actualidad_home\/a-sea-of-solidarity-to-celebrate-world-oceans-day\/#breadcrumb\",\"itemListElement\":[{\"@type\":\"ListItem\",\"position\":1,\"name\":\"Portada\",\"item\":\"https:\/\/fundacion-biodiversidad.es\/en\/inicio\/\"},{\"@type\":\"ListItem\",\"position\":2,\"name\":\"Noticias de actualidad\",\"item\":\"https:\/\/fundacion-biodiversidad.es\/en\/actualidad_home\/\"},{\"@type\":\"ListItem\",\"position\":3,\"name\":\"A sea of solidarity to celebrate World Oceans Day\"}]},{\"@type\":\"WebSite\",\"@id\":\"https:\/\/fundacion-biodiversidad.es\/en\/#website\",\"url\":\"https:\/\/fundacion-biodiversidad.es\/en\/\",\"name\":\"Fundaci\u00f3n Biodiversidad\",\"description\":\"Fundaci\u00f3n p\u00fablica adscrita al Ministerio para la Transici\u00f3n Ecol\u00f3gica\",\"potentialAction\":[{\"@type\":\"SearchAction\",\"target\":{\"@type\":\"EntryPoint\",\"urlTemplate\":\"https:\/\/fundacion-biodiversidad.es\/en\/?s={search_term_string}\"},\"query-input\":{\"@type\":\"PropertyValueSpecification\",\"valueRequired\":true,\"valueName\":\"search_term_string\"}}],\"inLanguage\":\"en-US\"}]}<\/script>\n<!-- \/ Yoast SEO plugin. -->","yoast_head_json":{"title":"A sea of solidarity to celebrate World Oceans Day - Fundaci\u00f3n Biodiversidad","robots":{"index":"index","follow":"follow","max-snippet":"max-snippet:-1","max-image-preview":"max-image-preview:large","max-video-preview":"max-video-preview:-1"},"canonical":"https:\/\/fundacion-biodiversidad.es\/en\/actualidad_home\/a-sea-of-solidarity-to-celebrate-world-oceans-day\/","og_locale":"en_US","og_type":"article","og_title":"A sea of solidarity to celebrate World Oceans Day - Fundaci\u00f3n Biodiversidad","og_description":"On the occasion of the celebration of World Oceans Day, the Biodiversity Foundation of the Ministry of Agriculture, Food and Environment collaborates in the Exhibition [&hellip;]","og_url":"https:\/\/fundacion-biodiversidad.es\/en\/actualidad_home\/a-sea-of-solidarity-to-celebrate-world-oceans-day\/","og_site_name":"Fundaci\u00f3n Biodiversidad","og_image":[{"width":720,"height":405,"url":"https:\/\/fundacion-biodiversidad.es\/wp-content\/uploads\/2023\/01\/2487661294_35330241_720x405.png","type":"image\/png"}],"twitter_card":"summary_large_image","twitter_misc":{"Est. reading time":"1 minute"},"schema":{"@context":"https:\/\/schema.org","@graph":[{"@type":"WebPage","@id":"https:\/\/fundacion-biodiversidad.es\/en\/actualidad_home\/a-sea-of-solidarity-to-celebrate-world-oceans-day\/","url":"https:\/\/fundacion-biodiversidad.es\/en\/actualidad_home\/a-sea-of-solidarity-to-celebrate-world-oceans-day\/","name":"A sea of solidarity to celebrate World Oceans Day - Fundaci\u00f3n Biodiversidad","isPartOf":{"@id":"https:\/\/fundacion-biodiversidad.es\/en\/#website"},"primaryImageOfPage":{"@id":"https:\/\/fundacion-biodiversidad.es\/en\/actualidad_home\/a-sea-of-solidarity-to-celebrate-world-oceans-day\/#primaryimage"},"image":{"@id":"https:\/\/fundacion-biodiversidad.es\/en\/actualidad_home\/a-sea-of-solidarity-to-celebrate-world-oceans-day\/#primaryimage"},"thumbnailUrl":"https:\/\/fundacion-biodiversidad.es\/wp-content\/uploads\/2016\/08\/08-06_tejiendo_mares_de_solidaridad-scaled.jpg","datePublished":"2016-08-29T06:26:20+00:00","breadcrumb":{"@id":"https:\/\/fundacion-biodiversidad.es\/en\/actualidad_home\/a-sea-of-solidarity-to-celebrate-world-oceans-day\/#breadcrumb"},"inLanguage":"en-US","potentialAction":[{"@type":"ReadAction","target":["https:\/\/fundacion-biodiversidad.es\/en\/actualidad_home\/a-sea-of-solidarity-to-celebrate-world-oceans-day\/"]}]},{"@type":"ImageObject","inLanguage":"en-US","@id":"https:\/\/fundacion-biodiversidad.es\/en\/actualidad_home\/a-sea-of-solidarity-to-celebrate-world-oceans-day\/#primaryimage","url":"https:\/\/fundacion-biodiversidad.es\/wp-content\/uploads\/2016\/08\/08-06_tejiendo_mares_de_solidaridad-scaled.jpg","contentUrl":"https:\/\/fundacion-biodiversidad.es\/wp-content\/uploads\/2016\/08\/08-06_tejiendo_mares_de_solidaridad-scaled.jpg","width":2560,"height":1702},{"@type":"BreadcrumbList","@id":"https:\/\/fundacion-biodiversidad.es\/en\/actualidad_home\/a-sea-of-solidarity-to-celebrate-world-oceans-day\/#breadcrumb","itemListElement":[{"@type":"ListItem","position":1,"name":"Portada","item":"https:\/\/fundacion-biodiversidad.es\/en\/inicio\/"},{"@type":"ListItem","position":2,"name":"Noticias de actualidad","item":"https:\/\/fundacion-biodiversidad.es\/en\/actualidad_home\/"},{"@type":"ListItem","position":3,"name":"A sea of solidarity to celebrate World Oceans Day"}]},{"@type":"WebSite","@id":"https:\/\/fundacion-biodiversidad.es\/en\/#website","url":"https:\/\/fundacion-biodiversidad.es\/en\/","name":"Fundaci\u00f3n Biodiversidad","description":"Fundaci\u00f3n p\u00fablica adscrita al Ministerio para la Transici\u00f3n Ecol\u00f3gica","potentialAction":[{"@type":"SearchAction","target":{"@type":"EntryPoint","urlTemplate":"https:\/\/fundacion-biodiversidad.es\/en\/?s={search_term_string}"},"query-input":{"@type":"PropertyValueSpecification","valueRequired":true,"valueName":"search_term_string"}}],"inLanguage":"en-US"}]}},"_links":{"self":[{"href":"https:\/\/fundacion-biodiversidad.es\/en\/wp-json\/wp\/v2\/actualidad_home\/97858154","targetHints":{"allow":["GET"]}}],"collection":[{"href":"https:\/\/fundacion-biodiversidad.es\/en\/wp-json\/wp\/v2\/actualidad_home"}],"about":[{"href":"https:\/\/fundacion-biodiversidad.es\/en\/wp-json\/wp\/v2\/types\/actualidad_home"}],"author":[{"embeddable":true,"href":"https:\/\/fundacion-biodiversidad.es\/en\/wp-json\/wp\/v2\/users\/11"}],"wp:featuredmedia":[{"embeddable":true,"href":"https:\/\/fundacion-biodiversidad.es\/en\/wp-json\/wp\/v2\/media\/35728"}],"wp:attachment":[{"href":"https:\/\/fundacion-biodiversidad.es\/en\/wp-json\/wp\/v2\/media?parent=97858154"}],"wp:term":[{"taxonomy":"palabras_clave","embeddable":true,"href":"https:\/\/fundacion-biodiversidad.es\/en\/wp-json\/wp\/v2\/palabras_clave?post=97858154"}],"curies":[{"name":"wp","href":"https:\/\/api.w.org\/{rel}","templated":true}]}}