{"id":97858156,"date":"2016-08-29T08:24:49","date_gmt":"2016-08-29T06:24:49","guid":{"rendered":"https:\/\/fundacion-biodiversidad.es\/actualidad_home\/ii-forum-of-the-spanish-green-growth-group\/"},"modified":"2016-08-29T08:24:49","modified_gmt":"2016-08-29T06:24:49","slug":"ii-forum-of-the-spanish-green-growth-group","status":"publish","type":"actualidad_home","link":"https:\/\/fundacion-biodiversidad.es\/en\/actualidad_home\/ii-forum-of-the-spanish-green-growth-group\/","title":{"rendered":"II Forum of the Spanish Green Growth Group"},"content":{"rendered":"<p>The Secretary of State for the Environment, Pablo Saavedra, has inaugurated the II Forum of the Spanish Green Growth Group, where the <a href=\"http:\/\/grupocrecimientoverde.org\/wp-content\/uploads\/2016\/06\/GECV_-Espa%C3%B1a-hoy-y-ma%C3%B1ana_Informe.pdf\" rel=\"nofollow noopener\" target=\"_blank\"><strong>Report &#8220;Green Growth: Spain today and tomorrow&#8221;<\/strong><\/a> has also been presented, which seeks to lay the foundations for economic policies capable of converting the potential of the low-carbon economy.  in growth and job creation.<br \/>\n&nbsp;<br \/>  The <a href=\"http:\/\/grupocrecimientoverde.org\/\" rel=\"nofollow noopener\" target=\"_blank\"><strong>Spanish Green Growth Group (GECV) <\/strong><\/a>was born two years ago, as a joint initiative of the Ministry of Agriculture, Food and Environment and a small group of companies and, since then, they have maintained the objective of &#8220;the search for the best formulas to achieve a low-carbon economy, capable of contributing to the fight against climate change,  and synonymous with sustainable growth,&#8221; Saavedra recalled.<br \/>\n&nbsp;<br \/>  At the beginning of 2015, the Group, which currently has half of the companies in the Ibex, designed a Roadmap with a first work programme and, subsequently, presented the <a href=\"http:\/\/grupocrecimientoverde.org\/wp-content\/uploads\/2016\/05\/10-recomendaciones-para-que-la-econom%C3%ADa-baja-en-carbono-genere-crecimiento-y-empleo.pdf\" rel=\"nofollow noopener\" target=\"_blank\"><strong>Barcelona Declaration<\/strong><\/a>, with ten recommendations to move towards a low-carbon economy. After reviewing the milestones of the GECV, now converted into a non-profit business association, Saavedra said that &#8220;you cannot have more committed and qualified allies in this exciting task of leading our economies towards more efficient and sustainable models&#8221;. <br \/>\n&nbsp;<br \/>  He also recalled that during the last year all the countries of the world have united in the fight against climate change and that the Paris Agreement, with plans presented that manage to cover 98% of global emissions, &#8220;allows us to be in a better position to face the social and economic implications derived from climate change&#8221;.<\/p>\n<p>The Spanish Group for Green Growth promotes public-private collaboration with the aim of jointly advancing current environmental challenges, such as solutions in terms of mitigation and adaptation to climate change, the decarbonisation of the economy or the promotion of a circular economy. Through this platform, <strong>the participation of companies in the most relevant debates on the subject<\/strong>, at national and international level, is encouraged, information is shared and opportunities for Spanish companies are identified. <br \/>\n&nbsp;<\/p>\n","protected":false},"author":11,"featured_media":35727,"template":"","meta":{"_acf_changed":false},"palabras_clave":[],"class_list":["post-97858156","actualidad_home","type-actualidad_home","status-publish","has-post-thumbnail","hentry"],"acf":[],"yoast_head":"<!-- This site is optimized with the Yoast SEO plugin v26.9 - https:\/\/yoast.com\/product\/yoast-seo-wordpress\/ -->\n<title>II Forum of the Spanish Green Growth Group - Fundaci\u00f3n Biodiversidad<\/title>\n<meta name=\"robots\" content=\"index, follow, max-snippet:-1, max-image-preview:large, max-video-preview:-1\" \/>\n<link rel=\"canonical\" href=\"https:\/\/fundacion-biodiversidad.es\/en\/actualidad_home\/ii-forum-of-the-spanish-green-growth-group\/\" \/>\n<meta property=\"og:locale\" content=\"en_US\" \/>\n<meta property=\"og:type\" content=\"article\" \/>\n<meta property=\"og:title\" content=\"II Forum of the Spanish Green Growth Group - Fundaci\u00f3n Biodiversidad\" \/>\n<meta property=\"og:description\" content=\"The Secretary of State for the Environment, Pablo Saavedra, has inaugurated the II Forum of the Spanish Green Growth Group, where the Report &#8220;Green Growth: [&hellip;]\" \/>\n<meta property=\"og:url\" content=\"https:\/\/fundacion-biodiversidad.es\/en\/actualidad_home\/ii-forum-of-the-spanish-green-growth-group\/\" \/>\n<meta property=\"og:site_name\" content=\"Fundaci\u00f3n Biodiversidad\" \/>\n<meta property=\"og:image\" content=\"https:\/\/fundacion-biodiversidad.es\/wp-content\/uploads\/2023\/01\/2487661294_35330241_720x405.png\" \/>\n\t<meta property=\"og:image:width\" content=\"720\" \/>\n\t<meta property=\"og:image:height\" content=\"405\" \/>\n\t<meta property=\"og:image:type\" content=\"image\/png\" \/>\n<meta name=\"twitter:card\" content=\"summary_large_image\" \/>\n<meta name=\"twitter:label1\" content=\"Est. reading time\" \/>\n\t<meta name=\"twitter:data1\" content=\"2 minutes\" \/>\n<script type=\"application\/ld+json\" class=\"yoast-schema-graph\">{\"@context\":\"https:\/\/schema.org\",\"@graph\":[{\"@type\":\"WebPage\",\"@id\":\"https:\/\/fundacion-biodiversidad.es\/en\/actualidad_home\/ii-forum-of-the-spanish-green-growth-group\/\",\"url\":\"https:\/\/fundacion-biodiversidad.es\/en\/actualidad_home\/ii-forum-of-the-spanish-green-growth-group\/\",\"name\":\"II Forum of the Spanish Green Growth Group - Fundaci\u00f3n Biodiversidad\",\"isPartOf\":{\"@id\":\"https:\/\/fundacion-biodiversidad.es\/en\/#website\"},\"primaryImageOfPage\":{\"@id\":\"https:\/\/fundacion-biodiversidad.es\/en\/actualidad_home\/ii-forum-of-the-spanish-green-growth-group\/#primaryimage\"},\"image\":{\"@id\":\"https:\/\/fundacion-biodiversidad.es\/en\/actualidad_home\/ii-forum-of-the-spanish-green-growth-group\/#primaryimage\"},\"thumbnailUrl\":\"https:\/\/fundacion-biodiversidad.es\/wp-content\/uploads\/2016\/08\/07-06_foro_crecimiento_verde-scaled.jpg\",\"datePublished\":\"2016-08-29T06:24:49+00:00\",\"breadcrumb\":{\"@id\":\"https:\/\/fundacion-biodiversidad.es\/en\/actualidad_home\/ii-forum-of-the-spanish-green-growth-group\/#breadcrumb\"},\"inLanguage\":\"en-US\",\"potentialAction\":[{\"@type\":\"ReadAction\",\"target\":[\"https:\/\/fundacion-biodiversidad.es\/en\/actualidad_home\/ii-forum-of-the-spanish-green-growth-group\/\"]}]},{\"@type\":\"ImageObject\",\"inLanguage\":\"en-US\",\"@id\":\"https:\/\/fundacion-biodiversidad.es\/en\/actualidad_home\/ii-forum-of-the-spanish-green-growth-group\/#primaryimage\",\"url\":\"https:\/\/fundacion-biodiversidad.es\/wp-content\/uploads\/2016\/08\/07-06_foro_crecimiento_verde-scaled.jpg\",\"contentUrl\":\"https:\/\/fundacion-biodiversidad.es\/wp-content\/uploads\/2016\/08\/07-06_foro_crecimiento_verde-scaled.jpg\",\"width\":2560,\"height\":1587},{\"@type\":\"BreadcrumbList\",\"@id\":\"https:\/\/fundacion-biodiversidad.es\/en\/actualidad_home\/ii-forum-of-the-spanish-green-growth-group\/#breadcrumb\",\"itemListElement\":[{\"@type\":\"ListItem\",\"position\":1,\"name\":\"Portada\",\"item\":\"https:\/\/fundacion-biodiversidad.es\/en\/inicio\/\"},{\"@type\":\"ListItem\",\"position\":2,\"name\":\"Noticias de actualidad\",\"item\":\"https:\/\/fundacion-biodiversidad.es\/en\/actualidad_home\/\"},{\"@type\":\"ListItem\",\"position\":3,\"name\":\"II Forum of the Spanish Green Growth Group\"}]},{\"@type\":\"WebSite\",\"@id\":\"https:\/\/fundacion-biodiversidad.es\/en\/#website\",\"url\":\"https:\/\/fundacion-biodiversidad.es\/en\/\",\"name\":\"Fundaci\u00f3n Biodiversidad\",\"description\":\"Fundaci\u00f3n p\u00fablica adscrita al Ministerio para la Transici\u00f3n Ecol\u00f3gica\",\"potentialAction\":[{\"@type\":\"SearchAction\",\"target\":{\"@type\":\"EntryPoint\",\"urlTemplate\":\"https:\/\/fundacion-biodiversidad.es\/en\/?s={search_term_string}\"},\"query-input\":{\"@type\":\"PropertyValueSpecification\",\"valueRequired\":true,\"valueName\":\"search_term_string\"}}],\"inLanguage\":\"en-US\"}]}<\/script>\n<!-- \/ Yoast SEO plugin. -->","yoast_head_json":{"title":"II Forum of the Spanish Green Growth Group - Fundaci\u00f3n Biodiversidad","robots":{"index":"index","follow":"follow","max-snippet":"max-snippet:-1","max-image-preview":"max-image-preview:large","max-video-preview":"max-video-preview:-1"},"canonical":"https:\/\/fundacion-biodiversidad.es\/en\/actualidad_home\/ii-forum-of-the-spanish-green-growth-group\/","og_locale":"en_US","og_type":"article","og_title":"II Forum of the Spanish Green Growth Group - Fundaci\u00f3n Biodiversidad","og_description":"The Secretary of State for the Environment, Pablo Saavedra, has inaugurated the II Forum of the Spanish Green Growth Group, where the Report &#8220;Green Growth: [&hellip;]","og_url":"https:\/\/fundacion-biodiversidad.es\/en\/actualidad_home\/ii-forum-of-the-spanish-green-growth-group\/","og_site_name":"Fundaci\u00f3n Biodiversidad","og_image":[{"width":720,"height":405,"url":"https:\/\/fundacion-biodiversidad.es\/wp-content\/uploads\/2023\/01\/2487661294_35330241_720x405.png","type":"image\/png"}],"twitter_card":"summary_large_image","twitter_misc":{"Est. reading time":"2 minutes"},"schema":{"@context":"https:\/\/schema.org","@graph":[{"@type":"WebPage","@id":"https:\/\/fundacion-biodiversidad.es\/en\/actualidad_home\/ii-forum-of-the-spanish-green-growth-group\/","url":"https:\/\/fundacion-biodiversidad.es\/en\/actualidad_home\/ii-forum-of-the-spanish-green-growth-group\/","name":"II Forum of the Spanish Green Growth Group - Fundaci\u00f3n Biodiversidad","isPartOf":{"@id":"https:\/\/fundacion-biodiversidad.es\/en\/#website"},"primaryImageOfPage":{"@id":"https:\/\/fundacion-biodiversidad.es\/en\/actualidad_home\/ii-forum-of-the-spanish-green-growth-group\/#primaryimage"},"image":{"@id":"https:\/\/fundacion-biodiversidad.es\/en\/actualidad_home\/ii-forum-of-the-spanish-green-growth-group\/#primaryimage"},"thumbnailUrl":"https:\/\/fundacion-biodiversidad.es\/wp-content\/uploads\/2016\/08\/07-06_foro_crecimiento_verde-scaled.jpg","datePublished":"2016-08-29T06:24:49+00:00","breadcrumb":{"@id":"https:\/\/fundacion-biodiversidad.es\/en\/actualidad_home\/ii-forum-of-the-spanish-green-growth-group\/#breadcrumb"},"inLanguage":"en-US","potentialAction":[{"@type":"ReadAction","target":["https:\/\/fundacion-biodiversidad.es\/en\/actualidad_home\/ii-forum-of-the-spanish-green-growth-group\/"]}]},{"@type":"ImageObject","inLanguage":"en-US","@id":"https:\/\/fundacion-biodiversidad.es\/en\/actualidad_home\/ii-forum-of-the-spanish-green-growth-group\/#primaryimage","url":"https:\/\/fundacion-biodiversidad.es\/wp-content\/uploads\/2016\/08\/07-06_foro_crecimiento_verde-scaled.jpg","contentUrl":"https:\/\/fundacion-biodiversidad.es\/wp-content\/uploads\/2016\/08\/07-06_foro_crecimiento_verde-scaled.jpg","width":2560,"height":1587},{"@type":"BreadcrumbList","@id":"https:\/\/fundacion-biodiversidad.es\/en\/actualidad_home\/ii-forum-of-the-spanish-green-growth-group\/#breadcrumb","itemListElement":[{"@type":"ListItem","position":1,"name":"Portada","item":"https:\/\/fundacion-biodiversidad.es\/en\/inicio\/"},{"@type":"ListItem","position":2,"name":"Noticias de actualidad","item":"https:\/\/fundacion-biodiversidad.es\/en\/actualidad_home\/"},{"@type":"ListItem","position":3,"name":"II Forum of the Spanish Green Growth Group"}]},{"@type":"WebSite","@id":"https:\/\/fundacion-biodiversidad.es\/en\/#website","url":"https:\/\/fundacion-biodiversidad.es\/en\/","name":"Fundaci\u00f3n Biodiversidad","description":"Fundaci\u00f3n p\u00fablica adscrita al Ministerio para la Transici\u00f3n Ecol\u00f3gica","potentialAction":[{"@type":"SearchAction","target":{"@type":"EntryPoint","urlTemplate":"https:\/\/fundacion-biodiversidad.es\/en\/?s={search_term_string}"},"query-input":{"@type":"PropertyValueSpecification","valueRequired":true,"valueName":"search_term_string"}}],"inLanguage":"en-US"}]}},"_links":{"self":[{"href":"https:\/\/fundacion-biodiversidad.es\/en\/wp-json\/wp\/v2\/actualidad_home\/97858156","targetHints":{"allow":["GET"]}}],"collection":[{"href":"https:\/\/fundacion-biodiversidad.es\/en\/wp-json\/wp\/v2\/actualidad_home"}],"about":[{"href":"https:\/\/fundacion-biodiversidad.es\/en\/wp-json\/wp\/v2\/types\/actualidad_home"}],"author":[{"embeddable":true,"href":"https:\/\/fundacion-biodiversidad.es\/en\/wp-json\/wp\/v2\/users\/11"}],"wp:featuredmedia":[{"embeddable":true,"href":"https:\/\/fundacion-biodiversidad.es\/en\/wp-json\/wp\/v2\/media\/35727"}],"wp:attachment":[{"href":"https:\/\/fundacion-biodiversidad.es\/en\/wp-json\/wp\/v2\/media?parent=97858156"}],"wp:term":[{"taxonomy":"palabras_clave","embeddable":true,"href":"https:\/\/fundacion-biodiversidad.es\/en\/wp-json\/wp\/v2\/palabras_clave?post=97858156"}],"curies":[{"name":"wp","href":"https:\/\/api.w.org\/{rel}","templated":true}]}}