{"id":97858159,"date":"2016-08-29T08:14:17","date_gmt":"2016-08-29T06:14:17","guid":{"rendered":"https:\/\/fundacion-biodiversidad.es\/actualidad_home\/6th-meeting-of-the-advisory-council-of-the-biodiversity-foundation\/"},"modified":"2016-08-29T08:14:17","modified_gmt":"2016-08-29T06:14:17","slug":"6th-meeting-of-the-advisory-council-of-the-biodiversity-foundation","status":"publish","type":"actualidad_home","link":"https:\/\/fundacion-biodiversidad.es\/en\/actualidad_home\/6th-meeting-of-the-advisory-council-of-the-biodiversity-foundation\/","title":{"rendered":"6th meeting of the Advisory Council of the Biodiversity Foundation"},"content":{"rendered":"<p>&nbsp;The <a href=\"http:\/\/fundacion-biodiversidad.es\/conocenos\/quienes-somos\" target=\"_blank\" rel=\"noopener\"><strong>Advisory Council of the Biodiversity Foundation<\/strong><\/a> met today at the headquarters of the Foundation, in its sixth meeting since its creation, to discuss the evolution of the projects, address governance issues and transfer new ideas in terms of communication and awareness-raising.<\/p>\n<p>Thus, the director of the Biodiversity Foundation, Sonia Casta\u00f1eda, highlighted some initiatives launched in recent months such as collaboration with the scientific sector, the celebration of the third anniversary of the  <strong><a href=\"http:\/\/ieeb.fundacion-biodiversidad.es\/\" target=\"_blank\" rel=\"noopener\">Spanish Business and Biodiversity Initiative<\/a><\/strong>  or the presentation of the project &#8220;Integrated, innovative and participatory management of the Natura 2000 Network in the marine environment (LIFE IP-PAF INTEMARES)&#8221;, submitted to the LIFE 2016 call, in which there has been an innovative participatory process that has included 116 contributions from almost 50 scientific, fisheries, conservationist and business organizations that have improved the final proposal and the identification of a project.<\/p>\n<p>The Advisory Council of the Biodiversity Foundation, which participates altruistically, is made up <strong>of 15 personalities of recognised prestige<\/strong> from various sectors related to the aims and principles of action of the Biodiversity Foundation.<\/p>\n","protected":false},"author":11,"featured_media":35721,"template":"","meta":{"_acf_changed":false},"palabras_clave":[],"class_list":["post-97858159","actualidad_home","type-actualidad_home","status-publish","has-post-thumbnail","hentry"],"acf":[],"yoast_head":"<!-- This site is optimized with the Yoast SEO plugin v26.9 - https:\/\/yoast.com\/product\/yoast-seo-wordpress\/ -->\n<title>6th meeting of the Advisory Council of the Biodiversity Foundation - Fundaci\u00f3n Biodiversidad<\/title>\n<meta name=\"robots\" content=\"index, follow, max-snippet:-1, max-image-preview:large, max-video-preview:-1\" \/>\n<link rel=\"canonical\" href=\"https:\/\/fundacion-biodiversidad.es\/en\/actualidad_home\/6th-meeting-of-the-advisory-council-of-the-biodiversity-foundation\/\" \/>\n<meta property=\"og:locale\" content=\"en_US\" \/>\n<meta property=\"og:type\" content=\"article\" \/>\n<meta property=\"og:title\" content=\"6th meeting of the Advisory Council of the Biodiversity Foundation - Fundaci\u00f3n Biodiversidad\" \/>\n<meta property=\"og:description\" content=\"&nbsp;The Advisory Council of the Biodiversity Foundation met today at the headquarters of the Foundation, in its sixth meeting since its creation, to discuss the [&hellip;]\" \/>\n<meta property=\"og:url\" content=\"https:\/\/fundacion-biodiversidad.es\/en\/actualidad_home\/6th-meeting-of-the-advisory-council-of-the-biodiversity-foundation\/\" \/>\n<meta property=\"og:site_name\" content=\"Fundaci\u00f3n Biodiversidad\" \/>\n<meta property=\"og:image\" content=\"https:\/\/fundacion-biodiversidad.es\/wp-content\/uploads\/2023\/01\/2487661294_35330241_720x405.png\" \/>\n\t<meta property=\"og:image:width\" content=\"720\" \/>\n\t<meta property=\"og:image:height\" content=\"405\" \/>\n\t<meta property=\"og:image:type\" content=\"image\/png\" \/>\n<meta name=\"twitter:card\" content=\"summary_large_image\" \/>\n<meta name=\"twitter:label1\" content=\"Est. reading time\" \/>\n\t<meta name=\"twitter:data1\" content=\"1 minute\" \/>\n<script type=\"application\/ld+json\" class=\"yoast-schema-graph\">{\"@context\":\"https:\/\/schema.org\",\"@graph\":[{\"@type\":\"WebPage\",\"@id\":\"https:\/\/fundacion-biodiversidad.es\/en\/actualidad_home\/6th-meeting-of-the-advisory-council-of-the-biodiversity-foundation\/\",\"url\":\"https:\/\/fundacion-biodiversidad.es\/en\/actualidad_home\/6th-meeting-of-the-advisory-council-of-the-biodiversity-foundation\/\",\"name\":\"6th meeting of the Advisory Council of the Biodiversity Foundation - Fundaci\u00f3n Biodiversidad\",\"isPartOf\":{\"@id\":\"https:\/\/fundacion-biodiversidad.es\/en\/#website\"},\"primaryImageOfPage\":{\"@id\":\"https:\/\/fundacion-biodiversidad.es\/en\/actualidad_home\/6th-meeting-of-the-advisory-council-of-the-biodiversity-foundation\/#primaryimage\"},\"image\":{\"@id\":\"https:\/\/fundacion-biodiversidad.es\/en\/actualidad_home\/6th-meeting-of-the-advisory-council-of-the-biodiversity-foundation\/#primaryimage\"},\"thumbnailUrl\":\"https:\/\/fundacion-biodiversidad.es\/wp-content\/uploads\/2016\/08\/consejo_fbio_24-05-2016.jpg\",\"datePublished\":\"2016-08-29T06:14:17+00:00\",\"breadcrumb\":{\"@id\":\"https:\/\/fundacion-biodiversidad.es\/en\/actualidad_home\/6th-meeting-of-the-advisory-council-of-the-biodiversity-foundation\/#breadcrumb\"},\"inLanguage\":\"en-US\",\"potentialAction\":[{\"@type\":\"ReadAction\",\"target\":[\"https:\/\/fundacion-biodiversidad.es\/en\/actualidad_home\/6th-meeting-of-the-advisory-council-of-the-biodiversity-foundation\/\"]}]},{\"@type\":\"ImageObject\",\"inLanguage\":\"en-US\",\"@id\":\"https:\/\/fundacion-biodiversidad.es\/en\/actualidad_home\/6th-meeting-of-the-advisory-council-of-the-biodiversity-foundation\/#primaryimage\",\"url\":\"https:\/\/fundacion-biodiversidad.es\/wp-content\/uploads\/2016\/08\/consejo_fbio_24-05-2016.jpg\",\"contentUrl\":\"https:\/\/fundacion-biodiversidad.es\/wp-content\/uploads\/2016\/08\/consejo_fbio_24-05-2016.jpg\",\"width\":480,\"height\":305},{\"@type\":\"BreadcrumbList\",\"@id\":\"https:\/\/fundacion-biodiversidad.es\/en\/actualidad_home\/6th-meeting-of-the-advisory-council-of-the-biodiversity-foundation\/#breadcrumb\",\"itemListElement\":[{\"@type\":\"ListItem\",\"position\":1,\"name\":\"Portada\",\"item\":\"https:\/\/fundacion-biodiversidad.es\/en\/inicio\/\"},{\"@type\":\"ListItem\",\"position\":2,\"name\":\"Noticias de actualidad\",\"item\":\"https:\/\/fundacion-biodiversidad.es\/en\/actualidad_home\/\"},{\"@type\":\"ListItem\",\"position\":3,\"name\":\"6th meeting of the Advisory Council of the Biodiversity Foundation\"}]},{\"@type\":\"WebSite\",\"@id\":\"https:\/\/fundacion-biodiversidad.es\/en\/#website\",\"url\":\"https:\/\/fundacion-biodiversidad.es\/en\/\",\"name\":\"Fundaci\u00f3n Biodiversidad\",\"description\":\"Fundaci\u00f3n p\u00fablica adscrita al Ministerio para la Transici\u00f3n Ecol\u00f3gica\",\"potentialAction\":[{\"@type\":\"SearchAction\",\"target\":{\"@type\":\"EntryPoint\",\"urlTemplate\":\"https:\/\/fundacion-biodiversidad.es\/en\/?s={search_term_string}\"},\"query-input\":{\"@type\":\"PropertyValueSpecification\",\"valueRequired\":true,\"valueName\":\"search_term_string\"}}],\"inLanguage\":\"en-US\"}]}<\/script>\n<!-- \/ Yoast SEO plugin. -->","yoast_head_json":{"title":"6th meeting of the Advisory Council of the Biodiversity Foundation - Fundaci\u00f3n Biodiversidad","robots":{"index":"index","follow":"follow","max-snippet":"max-snippet:-1","max-image-preview":"max-image-preview:large","max-video-preview":"max-video-preview:-1"},"canonical":"https:\/\/fundacion-biodiversidad.es\/en\/actualidad_home\/6th-meeting-of-the-advisory-council-of-the-biodiversity-foundation\/","og_locale":"en_US","og_type":"article","og_title":"6th meeting of the Advisory Council of the Biodiversity Foundation - Fundaci\u00f3n Biodiversidad","og_description":"&nbsp;The Advisory Council of the Biodiversity Foundation met today at the headquarters of the Foundation, in its sixth meeting since its creation, to discuss the [&hellip;]","og_url":"https:\/\/fundacion-biodiversidad.es\/en\/actualidad_home\/6th-meeting-of-the-advisory-council-of-the-biodiversity-foundation\/","og_site_name":"Fundaci\u00f3n Biodiversidad","og_image":[{"width":720,"height":405,"url":"https:\/\/fundacion-biodiversidad.es\/wp-content\/uploads\/2023\/01\/2487661294_35330241_720x405.png","type":"image\/png"}],"twitter_card":"summary_large_image","twitter_misc":{"Est. reading time":"1 minute"},"schema":{"@context":"https:\/\/schema.org","@graph":[{"@type":"WebPage","@id":"https:\/\/fundacion-biodiversidad.es\/en\/actualidad_home\/6th-meeting-of-the-advisory-council-of-the-biodiversity-foundation\/","url":"https:\/\/fundacion-biodiversidad.es\/en\/actualidad_home\/6th-meeting-of-the-advisory-council-of-the-biodiversity-foundation\/","name":"6th meeting of the Advisory Council of the Biodiversity Foundation - Fundaci\u00f3n Biodiversidad","isPartOf":{"@id":"https:\/\/fundacion-biodiversidad.es\/en\/#website"},"primaryImageOfPage":{"@id":"https:\/\/fundacion-biodiversidad.es\/en\/actualidad_home\/6th-meeting-of-the-advisory-council-of-the-biodiversity-foundation\/#primaryimage"},"image":{"@id":"https:\/\/fundacion-biodiversidad.es\/en\/actualidad_home\/6th-meeting-of-the-advisory-council-of-the-biodiversity-foundation\/#primaryimage"},"thumbnailUrl":"https:\/\/fundacion-biodiversidad.es\/wp-content\/uploads\/2016\/08\/consejo_fbio_24-05-2016.jpg","datePublished":"2016-08-29T06:14:17+00:00","breadcrumb":{"@id":"https:\/\/fundacion-biodiversidad.es\/en\/actualidad_home\/6th-meeting-of-the-advisory-council-of-the-biodiversity-foundation\/#breadcrumb"},"inLanguage":"en-US","potentialAction":[{"@type":"ReadAction","target":["https:\/\/fundacion-biodiversidad.es\/en\/actualidad_home\/6th-meeting-of-the-advisory-council-of-the-biodiversity-foundation\/"]}]},{"@type":"ImageObject","inLanguage":"en-US","@id":"https:\/\/fundacion-biodiversidad.es\/en\/actualidad_home\/6th-meeting-of-the-advisory-council-of-the-biodiversity-foundation\/#primaryimage","url":"https:\/\/fundacion-biodiversidad.es\/wp-content\/uploads\/2016\/08\/consejo_fbio_24-05-2016.jpg","contentUrl":"https:\/\/fundacion-biodiversidad.es\/wp-content\/uploads\/2016\/08\/consejo_fbio_24-05-2016.jpg","width":480,"height":305},{"@type":"BreadcrumbList","@id":"https:\/\/fundacion-biodiversidad.es\/en\/actualidad_home\/6th-meeting-of-the-advisory-council-of-the-biodiversity-foundation\/#breadcrumb","itemListElement":[{"@type":"ListItem","position":1,"name":"Portada","item":"https:\/\/fundacion-biodiversidad.es\/en\/inicio\/"},{"@type":"ListItem","position":2,"name":"Noticias de actualidad","item":"https:\/\/fundacion-biodiversidad.es\/en\/actualidad_home\/"},{"@type":"ListItem","position":3,"name":"6th meeting of the Advisory Council of the Biodiversity Foundation"}]},{"@type":"WebSite","@id":"https:\/\/fundacion-biodiversidad.es\/en\/#website","url":"https:\/\/fundacion-biodiversidad.es\/en\/","name":"Fundaci\u00f3n Biodiversidad","description":"Fundaci\u00f3n p\u00fablica adscrita al Ministerio para la Transici\u00f3n Ecol\u00f3gica","potentialAction":[{"@type":"SearchAction","target":{"@type":"EntryPoint","urlTemplate":"https:\/\/fundacion-biodiversidad.es\/en\/?s={search_term_string}"},"query-input":{"@type":"PropertyValueSpecification","valueRequired":true,"valueName":"search_term_string"}}],"inLanguage":"en-US"}]}},"_links":{"self":[{"href":"https:\/\/fundacion-biodiversidad.es\/en\/wp-json\/wp\/v2\/actualidad_home\/97858159","targetHints":{"allow":["GET"]}}],"collection":[{"href":"https:\/\/fundacion-biodiversidad.es\/en\/wp-json\/wp\/v2\/actualidad_home"}],"about":[{"href":"https:\/\/fundacion-biodiversidad.es\/en\/wp-json\/wp\/v2\/types\/actualidad_home"}],"author":[{"embeddable":true,"href":"https:\/\/fundacion-biodiversidad.es\/en\/wp-json\/wp\/v2\/users\/11"}],"wp:featuredmedia":[{"embeddable":true,"href":"https:\/\/fundacion-biodiversidad.es\/en\/wp-json\/wp\/v2\/media\/35721"}],"wp:attachment":[{"href":"https:\/\/fundacion-biodiversidad.es\/en\/wp-json\/wp\/v2\/media?parent=97858159"}],"wp:term":[{"taxonomy":"palabras_clave","embeddable":true,"href":"https:\/\/fundacion-biodiversidad.es\/en\/wp-json\/wp\/v2\/palabras_clave?post=97858159"}],"curies":[{"name":"wp","href":"https:\/\/api.w.org\/{rel}","templated":true}]}}