{"id":97858161,"date":"2016-08-29T08:21:16","date_gmt":"2016-08-29T06:21:16","guid":{"rendered":"https:\/\/fundacion-biodiversidad.es\/actualidad_home\/100-years-enjoying-our-national-parks\/"},"modified":"2016-08-29T08:21:16","modified_gmt":"2016-08-29T06:21:16","slug":"100-years-enjoying-our-national-parks","status":"publish","type":"actualidad_home","link":"https:\/\/fundacion-biodiversidad.es\/en\/actualidad_home\/100-years-enjoying-our-national-parks\/","title":{"rendered":"100 years enjoying our National Parks"},"content":{"rendered":"<p>The Minister of Agriculture, Food and the Environment, Isabel Garc\u00eda Tejerina, presided over the <a href=\"http:\/\/www.magrama.gob.es\/es\/prensa\/noticias\/-garc%C3%ADa-tejerina-los-parques-nacionales-son-aut%C3%A9nticas-joyas-medioambientales-patrimonio-de-todos-los-espa%C3%B1oles-\/tcm7-423430-16\" rel=\"nofollow noopener\" target=\"_blank\"><strong>commemorative event of the centenary of the National Parks<\/strong><\/a>, one of the great historical milestones of environmental conservation in Spain, in Valsa\u00edn (Segovia). In his speech, Garc\u00eda Tejerina stressed that Spain was the <strong>first country in the world to enact, in 1916, a national parks law <\/strong>to offer an institutional framework for the collective effort required for the conservation of these natural spaces. <\/p>\n<p>Garc\u00eda Tejerina has specified that the National Parks are the only protected areas in which the State is directly involved, providing them with basic legislation that has evolved with Spanish society, from the law of 1916 to the current one of 2014. In this context, the minister highlighted how this regulation reinforces the coordination of the Network of National Parks, which have established themselves as the<strong> most prestigious protection figure in our country<\/strong>. Specifically, of the almost 2,000 natural areas in Spain, 15 have been declared as national parks. The last of these was the Sierra de Guadarrama National Park, declared in 2013.   &nbsp;&nbsp;<\/p>\n<p>Garc\u00eda Tejerina has detailed that<strong> the Network of National Parks covers 19 provinces of 12 Autonomous Communities<\/strong>, with a total area of 384,000 hectares, a space &#8220;of enormous natural wealth&#8221;, both in terms of geodiversity and biodiversity.  In particular, the Network is already home to 38 of the 40 Spanish natural terrestrial and maritime systems listed in the Law. The minister commented that 10 of these Parks are UNESCO Biosphere Reserves; four are World Heritage Sites; three have received the Council of Europe&#8217;s European Diploma for Conservation and four are included in the Convention on Wetlands of International Importance. <br \/>\n&nbsp;<br \/>  During the day, Garc\u00eda Tejerina has planted a <strong>Centenary Pine<\/strong>, which joins 15 other specimens with which tribute is paid to all the people who have contributed to maintaining this legacy. In this sense, the minister has valued the &#8220;essential&#8221; effort of all those involved in the task of improving this &#8220;magnificent Network of National Parks, which is a benchmark for the conservation of the natural environment and a source of pride for all&#8221;. <br \/>\n&nbsp;<\/p>\n","protected":false},"author":11,"featured_media":35725,"template":"","meta":{"_acf_changed":false},"palabras_clave":[],"class_list":["post-97858161","actualidad_home","type-actualidad_home","status-publish","has-post-thumbnail","hentry"],"acf":[],"yoast_head":"<!-- This site is optimized with the Yoast SEO plugin v26.9 - https:\/\/yoast.com\/product\/yoast-seo-wordpress\/ -->\n<title>100 years enjoying our National Parks - Fundaci\u00f3n Biodiversidad<\/title>\n<meta name=\"robots\" content=\"index, follow, max-snippet:-1, max-image-preview:large, max-video-preview:-1\" \/>\n<link rel=\"canonical\" href=\"https:\/\/fundacion-biodiversidad.es\/en\/actualidad_home\/100-years-enjoying-our-national-parks\/\" \/>\n<meta property=\"og:locale\" content=\"en_US\" \/>\n<meta property=\"og:type\" content=\"article\" \/>\n<meta property=\"og:title\" content=\"100 years enjoying our National Parks - Fundaci\u00f3n Biodiversidad\" \/>\n<meta property=\"og:description\" content=\"The Minister of Agriculture, Food and the Environment, Isabel Garc\u00eda Tejerina, presided over the commemorative event of the centenary of the National Parks, one of [&hellip;]\" \/>\n<meta property=\"og:url\" content=\"https:\/\/fundacion-biodiversidad.es\/en\/actualidad_home\/100-years-enjoying-our-national-parks\/\" \/>\n<meta property=\"og:site_name\" content=\"Fundaci\u00f3n Biodiversidad\" \/>\n<meta property=\"og:image\" content=\"https:\/\/fundacion-biodiversidad.es\/wp-content\/uploads\/2023\/01\/2487661294_35330241_720x405.png\" \/>\n\t<meta property=\"og:image:width\" content=\"720\" \/>\n\t<meta property=\"og:image:height\" content=\"405\" \/>\n\t<meta property=\"og:image:type\" content=\"image\/png\" \/>\n<meta name=\"twitter:card\" content=\"summary_large_image\" \/>\n<meta name=\"twitter:label1\" content=\"Est. reading time\" \/>\n\t<meta name=\"twitter:data1\" content=\"2 minutes\" \/>\n<script type=\"application\/ld+json\" class=\"yoast-schema-graph\">{\"@context\":\"https:\/\/schema.org\",\"@graph\":[{\"@type\":\"WebPage\",\"@id\":\"https:\/\/fundacion-biodiversidad.es\/en\/actualidad_home\/100-years-enjoying-our-national-parks\/\",\"url\":\"https:\/\/fundacion-biodiversidad.es\/en\/actualidad_home\/100-years-enjoying-our-national-parks\/\",\"name\":\"100 years enjoying our National Parks - Fundaci\u00f3n Biodiversidad\",\"isPartOf\":{\"@id\":\"https:\/\/fundacion-biodiversidad.es\/en\/#website\"},\"primaryImageOfPage\":{\"@id\":\"https:\/\/fundacion-biodiversidad.es\/en\/actualidad_home\/100-years-enjoying-our-national-parks\/#primaryimage\"},\"image\":{\"@id\":\"https:\/\/fundacion-biodiversidad.es\/en\/actualidad_home\/100-years-enjoying-our-national-parks\/#primaryimage\"},\"thumbnailUrl\":\"https:\/\/fundacion-biodiversidad.es\/wp-content\/uploads\/2016\/08\/06-06_centenario_ppnn-scaled.jpg\",\"datePublished\":\"2016-08-29T06:21:16+00:00\",\"breadcrumb\":{\"@id\":\"https:\/\/fundacion-biodiversidad.es\/en\/actualidad_home\/100-years-enjoying-our-national-parks\/#breadcrumb\"},\"inLanguage\":\"en-US\",\"potentialAction\":[{\"@type\":\"ReadAction\",\"target\":[\"https:\/\/fundacion-biodiversidad.es\/en\/actualidad_home\/100-years-enjoying-our-national-parks\/\"]}]},{\"@type\":\"ImageObject\",\"inLanguage\":\"en-US\",\"@id\":\"https:\/\/fundacion-biodiversidad.es\/en\/actualidad_home\/100-years-enjoying-our-national-parks\/#primaryimage\",\"url\":\"https:\/\/fundacion-biodiversidad.es\/wp-content\/uploads\/2016\/08\/06-06_centenario_ppnn-scaled.jpg\",\"contentUrl\":\"https:\/\/fundacion-biodiversidad.es\/wp-content\/uploads\/2016\/08\/06-06_centenario_ppnn-scaled.jpg\",\"width\":2560,\"height\":1440},{\"@type\":\"BreadcrumbList\",\"@id\":\"https:\/\/fundacion-biodiversidad.es\/en\/actualidad_home\/100-years-enjoying-our-national-parks\/#breadcrumb\",\"itemListElement\":[{\"@type\":\"ListItem\",\"position\":1,\"name\":\"Portada\",\"item\":\"https:\/\/fundacion-biodiversidad.es\/en\/inicio\/\"},{\"@type\":\"ListItem\",\"position\":2,\"name\":\"Noticias de actualidad\",\"item\":\"https:\/\/fundacion-biodiversidad.es\/en\/actualidad_home\/\"},{\"@type\":\"ListItem\",\"position\":3,\"name\":\"100 years enjoying our National Parks\"}]},{\"@type\":\"WebSite\",\"@id\":\"https:\/\/fundacion-biodiversidad.es\/en\/#website\",\"url\":\"https:\/\/fundacion-biodiversidad.es\/en\/\",\"name\":\"Fundaci\u00f3n Biodiversidad\",\"description\":\"Fundaci\u00f3n p\u00fablica adscrita al Ministerio para la Transici\u00f3n Ecol\u00f3gica\",\"potentialAction\":[{\"@type\":\"SearchAction\",\"target\":{\"@type\":\"EntryPoint\",\"urlTemplate\":\"https:\/\/fundacion-biodiversidad.es\/en\/?s={search_term_string}\"},\"query-input\":{\"@type\":\"PropertyValueSpecification\",\"valueRequired\":true,\"valueName\":\"search_term_string\"}}],\"inLanguage\":\"en-US\"}]}<\/script>\n<!-- \/ Yoast SEO plugin. -->","yoast_head_json":{"title":"100 years enjoying our National Parks - Fundaci\u00f3n Biodiversidad","robots":{"index":"index","follow":"follow","max-snippet":"max-snippet:-1","max-image-preview":"max-image-preview:large","max-video-preview":"max-video-preview:-1"},"canonical":"https:\/\/fundacion-biodiversidad.es\/en\/actualidad_home\/100-years-enjoying-our-national-parks\/","og_locale":"en_US","og_type":"article","og_title":"100 years enjoying our National Parks - Fundaci\u00f3n Biodiversidad","og_description":"The Minister of Agriculture, Food and the Environment, Isabel Garc\u00eda Tejerina, presided over the commemorative event of the centenary of the National Parks, one of [&hellip;]","og_url":"https:\/\/fundacion-biodiversidad.es\/en\/actualidad_home\/100-years-enjoying-our-national-parks\/","og_site_name":"Fundaci\u00f3n Biodiversidad","og_image":[{"width":720,"height":405,"url":"https:\/\/fundacion-biodiversidad.es\/wp-content\/uploads\/2023\/01\/2487661294_35330241_720x405.png","type":"image\/png"}],"twitter_card":"summary_large_image","twitter_misc":{"Est. reading time":"2 minutes"},"schema":{"@context":"https:\/\/schema.org","@graph":[{"@type":"WebPage","@id":"https:\/\/fundacion-biodiversidad.es\/en\/actualidad_home\/100-years-enjoying-our-national-parks\/","url":"https:\/\/fundacion-biodiversidad.es\/en\/actualidad_home\/100-years-enjoying-our-national-parks\/","name":"100 years enjoying our National Parks - Fundaci\u00f3n Biodiversidad","isPartOf":{"@id":"https:\/\/fundacion-biodiversidad.es\/en\/#website"},"primaryImageOfPage":{"@id":"https:\/\/fundacion-biodiversidad.es\/en\/actualidad_home\/100-years-enjoying-our-national-parks\/#primaryimage"},"image":{"@id":"https:\/\/fundacion-biodiversidad.es\/en\/actualidad_home\/100-years-enjoying-our-national-parks\/#primaryimage"},"thumbnailUrl":"https:\/\/fundacion-biodiversidad.es\/wp-content\/uploads\/2016\/08\/06-06_centenario_ppnn-scaled.jpg","datePublished":"2016-08-29T06:21:16+00:00","breadcrumb":{"@id":"https:\/\/fundacion-biodiversidad.es\/en\/actualidad_home\/100-years-enjoying-our-national-parks\/#breadcrumb"},"inLanguage":"en-US","potentialAction":[{"@type":"ReadAction","target":["https:\/\/fundacion-biodiversidad.es\/en\/actualidad_home\/100-years-enjoying-our-national-parks\/"]}]},{"@type":"ImageObject","inLanguage":"en-US","@id":"https:\/\/fundacion-biodiversidad.es\/en\/actualidad_home\/100-years-enjoying-our-national-parks\/#primaryimage","url":"https:\/\/fundacion-biodiversidad.es\/wp-content\/uploads\/2016\/08\/06-06_centenario_ppnn-scaled.jpg","contentUrl":"https:\/\/fundacion-biodiversidad.es\/wp-content\/uploads\/2016\/08\/06-06_centenario_ppnn-scaled.jpg","width":2560,"height":1440},{"@type":"BreadcrumbList","@id":"https:\/\/fundacion-biodiversidad.es\/en\/actualidad_home\/100-years-enjoying-our-national-parks\/#breadcrumb","itemListElement":[{"@type":"ListItem","position":1,"name":"Portada","item":"https:\/\/fundacion-biodiversidad.es\/en\/inicio\/"},{"@type":"ListItem","position":2,"name":"Noticias de actualidad","item":"https:\/\/fundacion-biodiversidad.es\/en\/actualidad_home\/"},{"@type":"ListItem","position":3,"name":"100 years enjoying our National Parks"}]},{"@type":"WebSite","@id":"https:\/\/fundacion-biodiversidad.es\/en\/#website","url":"https:\/\/fundacion-biodiversidad.es\/en\/","name":"Fundaci\u00f3n Biodiversidad","description":"Fundaci\u00f3n p\u00fablica adscrita al Ministerio para la Transici\u00f3n Ecol\u00f3gica","potentialAction":[{"@type":"SearchAction","target":{"@type":"EntryPoint","urlTemplate":"https:\/\/fundacion-biodiversidad.es\/en\/?s={search_term_string}"},"query-input":{"@type":"PropertyValueSpecification","valueRequired":true,"valueName":"search_term_string"}}],"inLanguage":"en-US"}]}},"_links":{"self":[{"href":"https:\/\/fundacion-biodiversidad.es\/en\/wp-json\/wp\/v2\/actualidad_home\/97858161","targetHints":{"allow":["GET"]}}],"collection":[{"href":"https:\/\/fundacion-biodiversidad.es\/en\/wp-json\/wp\/v2\/actualidad_home"}],"about":[{"href":"https:\/\/fundacion-biodiversidad.es\/en\/wp-json\/wp\/v2\/types\/actualidad_home"}],"author":[{"embeddable":true,"href":"https:\/\/fundacion-biodiversidad.es\/en\/wp-json\/wp\/v2\/users\/11"}],"wp:featuredmedia":[{"embeddable":true,"href":"https:\/\/fundacion-biodiversidad.es\/en\/wp-json\/wp\/v2\/media\/35725"}],"wp:attachment":[{"href":"https:\/\/fundacion-biodiversidad.es\/en\/wp-json\/wp\/v2\/media?parent=97858161"}],"wp:term":[{"taxonomy":"palabras_clave","embeddable":true,"href":"https:\/\/fundacion-biodiversidad.es\/en\/wp-json\/wp\/v2\/palabras_clave?post=97858161"}],"curies":[{"name":"wp","href":"https:\/\/api.w.org\/{rel}","templated":true}]}}