{"id":97858166,"date":"2016-07-26T11:13:33","date_gmt":"2016-07-26T09:13:33","guid":{"rendered":"https:\/\/fundacion-biodiversidad.es\/actualidad_home\/the-fartet-an-endangered-endemic-species\/"},"modified":"2016-07-26T11:13:33","modified_gmt":"2016-07-26T09:13:33","slug":"the-fartet-an-endangered-endemic-species","status":"publish","type":"actualidad_home","link":"https:\/\/fundacion-biodiversidad.es\/en\/actualidad_home\/the-fartet-an-endangered-endemic-species\/","title":{"rendered":"The fartet, an endangered endemic species"},"content":{"rendered":"<p>The <strong>fartet or <\/strong><em>Aphanius iberus<\/em> is an <strong>endemic fish of the Iberian Peninsula of only five centimeters in length<\/strong>, although the females are usually a little larger. Males and females also differ in color: while men are more showy and have silvery scales, female fartets sport a darker and more irregular color.<br \/> It is a species<strong> distributed only along the Mediterranean coast<\/strong>. It can live in both fresh and salt water, in ponds, irrigation canals, coastal lagoons, salt flats or river mouths, demonstrating great adaptability.  <\/p>\n<p>Their main prey is insect larvae, although <strong>their diet varies throughout the year<\/strong>. Its diet is completed with vegetables, crustaceans and detritus, which is why it is considered an omnivorous animal. The fartet is declared an endangered species since its distribution has been significantly reduced in recent years, <strong>going from 28 to 16 known populations<\/strong>. One of the main causes of its disappearance is the degradation of its environment due to the products that are massively used in agriculture in the areas where it lives. In addition, the fartet is also affected by the introduction of new exotic and invasive species of fish such as the fundulum and the gambusia, as well as by the overexploitation of aquifers.    <\/p>\n<p>This species <strong>is important for its effectiveness in controlling invertebrates<\/strong> (mainly mosquitoes) so its disappearance would have significant consequences on the ecosystem. With the intention of halting its decline, the Biodiversity Foundation of the Ministry of Agriculture, Food and the Environment and the University of Balmes Foundation are collaborating in the <strong>SOS-Fartet project<\/strong>, an initiative that aims to determine the current state of conservation of the species and its habitat in the natural parks of Girona and, subsequently, if necessary,  update and improve the management plans for these areas. <\/p>\n","protected":false},"author":11,"featured_media":35712,"template":"","meta":{"_acf_changed":false},"palabras_clave":[],"class_list":["post-97858166","actualidad_home","type-actualidad_home","status-publish","has-post-thumbnail","hentry"],"acf":[],"yoast_head":"<!-- This site is optimized with the Yoast SEO plugin v26.9 - https:\/\/yoast.com\/product\/yoast-seo-wordpress\/ -->\n<title>The fartet, an endangered endemic species - Fundaci\u00f3n Biodiversidad<\/title>\n<meta name=\"robots\" content=\"index, follow, max-snippet:-1, max-image-preview:large, max-video-preview:-1\" \/>\n<link rel=\"canonical\" href=\"https:\/\/fundacion-biodiversidad.es\/en\/actualidad_home\/the-fartet-an-endangered-endemic-species\/\" \/>\n<meta property=\"og:locale\" content=\"en_US\" \/>\n<meta property=\"og:type\" content=\"article\" \/>\n<meta property=\"og:title\" content=\"The fartet, an endangered endemic species - Fundaci\u00f3n Biodiversidad\" \/>\n<meta property=\"og:description\" content=\"The fartet or Aphanius iberus is an endemic fish of the Iberian Peninsula of only five centimeters in length, although the females are usually a [&hellip;]\" \/>\n<meta property=\"og:url\" content=\"https:\/\/fundacion-biodiversidad.es\/en\/actualidad_home\/the-fartet-an-endangered-endemic-species\/\" \/>\n<meta property=\"og:site_name\" content=\"Fundaci\u00f3n Biodiversidad\" \/>\n<meta property=\"og:image\" content=\"https:\/\/fundacion-biodiversidad.es\/wp-content\/uploads\/2023\/01\/2487661294_35330241_720x405.png\" \/>\n\t<meta property=\"og:image:width\" content=\"720\" \/>\n\t<meta property=\"og:image:height\" content=\"405\" \/>\n\t<meta property=\"og:image:type\" content=\"image\/png\" \/>\n<meta name=\"twitter:card\" content=\"summary_large_image\" \/>\n<meta name=\"twitter:label1\" content=\"Est. reading time\" \/>\n\t<meta name=\"twitter:data1\" content=\"1 minute\" \/>\n<script type=\"application\/ld+json\" class=\"yoast-schema-graph\">{\"@context\":\"https:\/\/schema.org\",\"@graph\":[{\"@type\":\"WebPage\",\"@id\":\"https:\/\/fundacion-biodiversidad.es\/en\/actualidad_home\/the-fartet-an-endangered-endemic-species\/\",\"url\":\"https:\/\/fundacion-biodiversidad.es\/en\/actualidad_home\/the-fartet-an-endangered-endemic-species\/\",\"name\":\"The fartet, an endangered endemic species - Fundaci\u00f3n Biodiversidad\",\"isPartOf\":{\"@id\":\"https:\/\/fundacion-biodiversidad.es\/en\/#website\"},\"primaryImageOfPage\":{\"@id\":\"https:\/\/fundacion-biodiversidad.es\/en\/actualidad_home\/the-fartet-an-endangered-endemic-species\/#primaryimage\"},\"image\":{\"@id\":\"https:\/\/fundacion-biodiversidad.es\/en\/actualidad_home\/the-fartet-an-endangered-endemic-species\/#primaryimage\"},\"thumbnailUrl\":\"https:\/\/fundacion-biodiversidad.es\/wp-content\/uploads\/2016\/07\/machofartet_carlosgonzalezrevelles.jpg\",\"datePublished\":\"2016-07-26T09:13:33+00:00\",\"breadcrumb\":{\"@id\":\"https:\/\/fundacion-biodiversidad.es\/en\/actualidad_home\/the-fartet-an-endangered-endemic-species\/#breadcrumb\"},\"inLanguage\":\"en-US\",\"potentialAction\":[{\"@type\":\"ReadAction\",\"target\":[\"https:\/\/fundacion-biodiversidad.es\/en\/actualidad_home\/the-fartet-an-endangered-endemic-species\/\"]}]},{\"@type\":\"ImageObject\",\"inLanguage\":\"en-US\",\"@id\":\"https:\/\/fundacion-biodiversidad.es\/en\/actualidad_home\/the-fartet-an-endangered-endemic-species\/#primaryimage\",\"url\":\"https:\/\/fundacion-biodiversidad.es\/wp-content\/uploads\/2016\/07\/machofartet_carlosgonzalezrevelles.jpg\",\"contentUrl\":\"https:\/\/fundacion-biodiversidad.es\/wp-content\/uploads\/2016\/07\/machofartet_carlosgonzalezrevelles.jpg\",\"width\":1654,\"height\":1119},{\"@type\":\"BreadcrumbList\",\"@id\":\"https:\/\/fundacion-biodiversidad.es\/en\/actualidad_home\/the-fartet-an-endangered-endemic-species\/#breadcrumb\",\"itemListElement\":[{\"@type\":\"ListItem\",\"position\":1,\"name\":\"Portada\",\"item\":\"https:\/\/fundacion-biodiversidad.es\/en\/inicio\/\"},{\"@type\":\"ListItem\",\"position\":2,\"name\":\"Noticias de actualidad\",\"item\":\"https:\/\/fundacion-biodiversidad.es\/en\/actualidad_home\/\"},{\"@type\":\"ListItem\",\"position\":3,\"name\":\"The fartet, an endangered endemic species\"}]},{\"@type\":\"WebSite\",\"@id\":\"https:\/\/fundacion-biodiversidad.es\/en\/#website\",\"url\":\"https:\/\/fundacion-biodiversidad.es\/en\/\",\"name\":\"Fundaci\u00f3n Biodiversidad\",\"description\":\"Fundaci\u00f3n p\u00fablica adscrita al Ministerio para la Transici\u00f3n Ecol\u00f3gica\",\"potentialAction\":[{\"@type\":\"SearchAction\",\"target\":{\"@type\":\"EntryPoint\",\"urlTemplate\":\"https:\/\/fundacion-biodiversidad.es\/en\/?s={search_term_string}\"},\"query-input\":{\"@type\":\"PropertyValueSpecification\",\"valueRequired\":true,\"valueName\":\"search_term_string\"}}],\"inLanguage\":\"en-US\"}]}<\/script>\n<!-- \/ Yoast SEO plugin. -->","yoast_head_json":{"title":"The fartet, an endangered endemic species - Fundaci\u00f3n Biodiversidad","robots":{"index":"index","follow":"follow","max-snippet":"max-snippet:-1","max-image-preview":"max-image-preview:large","max-video-preview":"max-video-preview:-1"},"canonical":"https:\/\/fundacion-biodiversidad.es\/en\/actualidad_home\/the-fartet-an-endangered-endemic-species\/","og_locale":"en_US","og_type":"article","og_title":"The fartet, an endangered endemic species - Fundaci\u00f3n Biodiversidad","og_description":"The fartet or Aphanius iberus is an endemic fish of the Iberian Peninsula of only five centimeters in length, although the females are usually a [&hellip;]","og_url":"https:\/\/fundacion-biodiversidad.es\/en\/actualidad_home\/the-fartet-an-endangered-endemic-species\/","og_site_name":"Fundaci\u00f3n Biodiversidad","og_image":[{"width":720,"height":405,"url":"https:\/\/fundacion-biodiversidad.es\/wp-content\/uploads\/2023\/01\/2487661294_35330241_720x405.png","type":"image\/png"}],"twitter_card":"summary_large_image","twitter_misc":{"Est. reading time":"1 minute"},"schema":{"@context":"https:\/\/schema.org","@graph":[{"@type":"WebPage","@id":"https:\/\/fundacion-biodiversidad.es\/en\/actualidad_home\/the-fartet-an-endangered-endemic-species\/","url":"https:\/\/fundacion-biodiversidad.es\/en\/actualidad_home\/the-fartet-an-endangered-endemic-species\/","name":"The fartet, an endangered endemic species - Fundaci\u00f3n Biodiversidad","isPartOf":{"@id":"https:\/\/fundacion-biodiversidad.es\/en\/#website"},"primaryImageOfPage":{"@id":"https:\/\/fundacion-biodiversidad.es\/en\/actualidad_home\/the-fartet-an-endangered-endemic-species\/#primaryimage"},"image":{"@id":"https:\/\/fundacion-biodiversidad.es\/en\/actualidad_home\/the-fartet-an-endangered-endemic-species\/#primaryimage"},"thumbnailUrl":"https:\/\/fundacion-biodiversidad.es\/wp-content\/uploads\/2016\/07\/machofartet_carlosgonzalezrevelles.jpg","datePublished":"2016-07-26T09:13:33+00:00","breadcrumb":{"@id":"https:\/\/fundacion-biodiversidad.es\/en\/actualidad_home\/the-fartet-an-endangered-endemic-species\/#breadcrumb"},"inLanguage":"en-US","potentialAction":[{"@type":"ReadAction","target":["https:\/\/fundacion-biodiversidad.es\/en\/actualidad_home\/the-fartet-an-endangered-endemic-species\/"]}]},{"@type":"ImageObject","inLanguage":"en-US","@id":"https:\/\/fundacion-biodiversidad.es\/en\/actualidad_home\/the-fartet-an-endangered-endemic-species\/#primaryimage","url":"https:\/\/fundacion-biodiversidad.es\/wp-content\/uploads\/2016\/07\/machofartet_carlosgonzalezrevelles.jpg","contentUrl":"https:\/\/fundacion-biodiversidad.es\/wp-content\/uploads\/2016\/07\/machofartet_carlosgonzalezrevelles.jpg","width":1654,"height":1119},{"@type":"BreadcrumbList","@id":"https:\/\/fundacion-biodiversidad.es\/en\/actualidad_home\/the-fartet-an-endangered-endemic-species\/#breadcrumb","itemListElement":[{"@type":"ListItem","position":1,"name":"Portada","item":"https:\/\/fundacion-biodiversidad.es\/en\/inicio\/"},{"@type":"ListItem","position":2,"name":"Noticias de actualidad","item":"https:\/\/fundacion-biodiversidad.es\/en\/actualidad_home\/"},{"@type":"ListItem","position":3,"name":"The fartet, an endangered endemic species"}]},{"@type":"WebSite","@id":"https:\/\/fundacion-biodiversidad.es\/en\/#website","url":"https:\/\/fundacion-biodiversidad.es\/en\/","name":"Fundaci\u00f3n Biodiversidad","description":"Fundaci\u00f3n p\u00fablica adscrita al Ministerio para la Transici\u00f3n Ecol\u00f3gica","potentialAction":[{"@type":"SearchAction","target":{"@type":"EntryPoint","urlTemplate":"https:\/\/fundacion-biodiversidad.es\/en\/?s={search_term_string}"},"query-input":{"@type":"PropertyValueSpecification","valueRequired":true,"valueName":"search_term_string"}}],"inLanguage":"en-US"}]}},"_links":{"self":[{"href":"https:\/\/fundacion-biodiversidad.es\/en\/wp-json\/wp\/v2\/actualidad_home\/97858166","targetHints":{"allow":["GET"]}}],"collection":[{"href":"https:\/\/fundacion-biodiversidad.es\/en\/wp-json\/wp\/v2\/actualidad_home"}],"about":[{"href":"https:\/\/fundacion-biodiversidad.es\/en\/wp-json\/wp\/v2\/types\/actualidad_home"}],"author":[{"embeddable":true,"href":"https:\/\/fundacion-biodiversidad.es\/en\/wp-json\/wp\/v2\/users\/11"}],"wp:featuredmedia":[{"embeddable":true,"href":"https:\/\/fundacion-biodiversidad.es\/en\/wp-json\/wp\/v2\/media\/35712"}],"wp:attachment":[{"href":"https:\/\/fundacion-biodiversidad.es\/en\/wp-json\/wp\/v2\/media?parent=97858166"}],"wp:term":[{"taxonomy":"palabras_clave","embeddable":true,"href":"https:\/\/fundacion-biodiversidad.es\/en\/wp-json\/wp\/v2\/palabras_clave?post=97858166"}],"curies":[{"name":"wp","href":"https:\/\/api.w.org\/{rel}","templated":true}]}}