{"id":97858167,"date":"2016-08-29T08:04:46","date_gmt":"2016-08-29T06:04:46","guid":{"rendered":"https:\/\/fundacion-biodiversidad.es\/actualidad_home\/meeting-to-establish-a-common-methodology-in-the-monitoring-of-species-within-the-framework-of-the-misticseas-project\/"},"modified":"2016-08-29T08:04:46","modified_gmt":"2016-08-29T06:04:46","slug":"meeting-to-establish-a-common-methodology-in-the-monitoring-of-species-within-the-framework-of-the-misticseas-project","status":"publish","type":"actualidad_home","link":"https:\/\/fundacion-biodiversidad.es\/en\/actualidad_home\/meeting-to-establish-a-common-methodology-in-the-monitoring-of-species-within-the-framework-of-the-misticseas-project\/","title":{"rendered":"Meeting to establish a common methodology in the monitoring of species within the framework of the MISTICSEAS project"},"content":{"rendered":"<p>The Biodiversity Foundation of the Ministry of Agriculture, Food and the Environment, together with the General Directorate of Sustainability of the Coast and the Sea, participates during the next 3 days, together with 35 experts from various governmental, technical and scientific entities from Spain and Portugal, in a meeting in the Azores where the first relevant product of the<a href=\"http:\/\/fundacion-biodiversidad.es\/biodiversidad-marina-y-litoral\/proyectos-propios\/misticseas\"> MISTICSEAS project<\/a> will be discussed. It is a document on the initial evaluations carried out by both countries in relation to the <strong>Marine Strategies Framework Directive<\/strong>, identifying relevant aspects and shortcomings that allow this process to be improved in the future.<br \/>\n&nbsp;<br \/>  During this meeting, methodologies for monitoring the <strong>groups of species targeted by the project (cetaceans, birds and sea turtles)<\/strong> will also be discussed with the aim of establishing common monitoring programmes for the entire Macaronesian sub-region. These programs will be tested in the field thanks to a marine campaign that will be carried out in Madeira in June. <br \/>\n&nbsp;<br \/>  The <strong>MISTIC SEAS<\/strong> project aims <strong>to design a common methodology for the monitoring of marine biodiversity in the Macaronesia region<\/strong>, one of the most biodiverse areas in Europe, focusing on the populations of <strong>cetacean, turtle and seabird<\/strong> species and to establish a common roadmap to improve coordination in the<strong> implementation of the Marine Strategy Framework Directive in Spain and Portugal (Azores,  Madeira and the Canary Islands).<\/strong><\/p>\n<p>The project, co-financed by the European Commission and implemented from  <strong>December 2015 to February 2017<\/strong>, is coordinated by the Regional Fund for Science and Technology&nbsp;(Regional Government of the Azores) and has as partners the Regional Directorate of Foreign Affairs&nbsp;of the Sea (Regional Government of the Azores), the Regional Secretariat for the Environment and&nbsp;Natural Resources (Regional Government of Madeira), the General Directorate of Natural Resources, Safety and Maritime Services of the Government of Portugal, the Ministry of Agriculture, Food and Environment of Spain through the General Directorate of Sustainability of the Coast and the Sea, the Biodiversity Foundation, and the Spanish Institute of Oceanography.<\/p>\n<p><strong>The Biodiversity Foundation provides the scientific-technical teams <\/strong>for the monitoring of marine biodiversity, the coordination of awareness-raising actions, the establishment of cooperation networks and the preparation of the Joint Action Plan.<br \/>\n&nbsp;<\/p>\n","protected":false},"author":11,"featured_media":35717,"template":"","meta":{"_acf_changed":false},"palabras_clave":[],"class_list":["post-97858167","actualidad_home","type-actualidad_home","status-publish","has-post-thumbnail","hentry"],"acf":[],"yoast_head":"<!-- This site is optimized with the Yoast SEO plugin v26.9 - https:\/\/yoast.com\/product\/yoast-seo-wordpress\/ -->\n<title>Meeting to establish a common methodology in the monitoring of species within the framework of the MISTICSEAS project - Fundaci\u00f3n Biodiversidad<\/title>\n<meta name=\"robots\" content=\"index, follow, max-snippet:-1, max-image-preview:large, max-video-preview:-1\" \/>\n<link rel=\"canonical\" href=\"https:\/\/fundacion-biodiversidad.es\/en\/actualidad_home\/meeting-to-establish-a-common-methodology-in-the-monitoring-of-species-within-the-framework-of-the-misticseas-project\/\" \/>\n<meta property=\"og:locale\" content=\"en_US\" \/>\n<meta property=\"og:type\" content=\"article\" \/>\n<meta property=\"og:title\" content=\"Meeting to establish a common methodology in the monitoring of species within the framework of the MISTICSEAS project - Fundaci\u00f3n Biodiversidad\" \/>\n<meta property=\"og:description\" content=\"The Biodiversity Foundation of the Ministry of Agriculture, Food and the Environment, together with the General Directorate of Sustainability of the Coast and the Sea, [&hellip;]\" \/>\n<meta property=\"og:url\" content=\"https:\/\/fundacion-biodiversidad.es\/en\/actualidad_home\/meeting-to-establish-a-common-methodology-in-the-monitoring-of-species-within-the-framework-of-the-misticseas-project\/\" \/>\n<meta property=\"og:site_name\" content=\"Fundaci\u00f3n Biodiversidad\" \/>\n<meta property=\"og:image\" content=\"https:\/\/fundacion-biodiversidad.es\/wp-content\/uploads\/2023\/01\/2487661294_35330241_720x405.png\" \/>\n\t<meta property=\"og:image:width\" content=\"720\" \/>\n\t<meta property=\"og:image:height\" content=\"405\" \/>\n\t<meta property=\"og:image:type\" content=\"image\/png\" \/>\n<meta name=\"twitter:card\" content=\"summary_large_image\" \/>\n<meta name=\"twitter:label1\" content=\"Est. reading time\" \/>\n\t<meta name=\"twitter:data1\" content=\"2 minutes\" \/>\n<script type=\"application\/ld+json\" class=\"yoast-schema-graph\">{\"@context\":\"https:\/\/schema.org\",\"@graph\":[{\"@type\":\"WebPage\",\"@id\":\"https:\/\/fundacion-biodiversidad.es\/en\/actualidad_home\/meeting-to-establish-a-common-methodology-in-the-monitoring-of-species-within-the-framework-of-the-misticseas-project\/\",\"url\":\"https:\/\/fundacion-biodiversidad.es\/en\/actualidad_home\/meeting-to-establish-a-common-methodology-in-the-monitoring-of-species-within-the-framework-of-the-misticseas-project\/\",\"name\":\"Meeting to establish a common methodology in the monitoring of species within the framework of the MISTICSEAS project - Fundaci\u00f3n Biodiversidad\",\"isPartOf\":{\"@id\":\"https:\/\/fundacion-biodiversidad.es\/en\/#website\"},\"primaryImageOfPage\":{\"@id\":\"https:\/\/fundacion-biodiversidad.es\/en\/actualidad_home\/meeting-to-establish-a-common-methodology-in-the-monitoring-of-species-within-the-framework-of-the-misticseas-project\/#primaryimage\"},\"image\":{\"@id\":\"https:\/\/fundacion-biodiversidad.es\/en\/actualidad_home\/meeting-to-establish-a-common-methodology-in-the-monitoring-of-species-within-the-framework-of-the-misticseas-project\/#primaryimage\"},\"thumbnailUrl\":\"https:\/\/fundacion-biodiversidad.es\/wp-content\/uploads\/2016\/08\/mistic_seas_18-05-2016.jpg\",\"datePublished\":\"2016-08-29T06:04:46+00:00\",\"breadcrumb\":{\"@id\":\"https:\/\/fundacion-biodiversidad.es\/en\/actualidad_home\/meeting-to-establish-a-common-methodology-in-the-monitoring-of-species-within-the-framework-of-the-misticseas-project\/#breadcrumb\"},\"inLanguage\":\"en-US\",\"potentialAction\":[{\"@type\":\"ReadAction\",\"target\":[\"https:\/\/fundacion-biodiversidad.es\/en\/actualidad_home\/meeting-to-establish-a-common-methodology-in-the-monitoring-of-species-within-the-framework-of-the-misticseas-project\/\"]}]},{\"@type\":\"ImageObject\",\"inLanguage\":\"en-US\",\"@id\":\"https:\/\/fundacion-biodiversidad.es\/en\/actualidad_home\/meeting-to-establish-a-common-methodology-in-the-monitoring-of-species-within-the-framework-of-the-misticseas-project\/#primaryimage\",\"url\":\"https:\/\/fundacion-biodiversidad.es\/wp-content\/uploads\/2016\/08\/mistic_seas_18-05-2016.jpg\",\"contentUrl\":\"https:\/\/fundacion-biodiversidad.es\/wp-content\/uploads\/2016\/08\/mistic_seas_18-05-2016.jpg\",\"width\":480,\"height\":270},{\"@type\":\"BreadcrumbList\",\"@id\":\"https:\/\/fundacion-biodiversidad.es\/en\/actualidad_home\/meeting-to-establish-a-common-methodology-in-the-monitoring-of-species-within-the-framework-of-the-misticseas-project\/#breadcrumb\",\"itemListElement\":[{\"@type\":\"ListItem\",\"position\":1,\"name\":\"Portada\",\"item\":\"https:\/\/fundacion-biodiversidad.es\/en\/inicio\/\"},{\"@type\":\"ListItem\",\"position\":2,\"name\":\"Noticias de actualidad\",\"item\":\"https:\/\/fundacion-biodiversidad.es\/en\/actualidad_home\/\"},{\"@type\":\"ListItem\",\"position\":3,\"name\":\"Meeting to establish a common methodology in the monitoring of species within the framework of the MISTICSEAS project\"}]},{\"@type\":\"WebSite\",\"@id\":\"https:\/\/fundacion-biodiversidad.es\/en\/#website\",\"url\":\"https:\/\/fundacion-biodiversidad.es\/en\/\",\"name\":\"Fundaci\u00f3n Biodiversidad\",\"description\":\"Fundaci\u00f3n p\u00fablica adscrita al Ministerio para la Transici\u00f3n Ecol\u00f3gica\",\"potentialAction\":[{\"@type\":\"SearchAction\",\"target\":{\"@type\":\"EntryPoint\",\"urlTemplate\":\"https:\/\/fundacion-biodiversidad.es\/en\/?s={search_term_string}\"},\"query-input\":{\"@type\":\"PropertyValueSpecification\",\"valueRequired\":true,\"valueName\":\"search_term_string\"}}],\"inLanguage\":\"en-US\"}]}<\/script>\n<!-- \/ Yoast SEO plugin. -->","yoast_head_json":{"title":"Meeting to establish a common methodology in the monitoring of species within the framework of the MISTICSEAS project - Fundaci\u00f3n Biodiversidad","robots":{"index":"index","follow":"follow","max-snippet":"max-snippet:-1","max-image-preview":"max-image-preview:large","max-video-preview":"max-video-preview:-1"},"canonical":"https:\/\/fundacion-biodiversidad.es\/en\/actualidad_home\/meeting-to-establish-a-common-methodology-in-the-monitoring-of-species-within-the-framework-of-the-misticseas-project\/","og_locale":"en_US","og_type":"article","og_title":"Meeting to establish a common methodology in the monitoring of species within the framework of the MISTICSEAS project - Fundaci\u00f3n Biodiversidad","og_description":"The Biodiversity Foundation of the Ministry of Agriculture, Food and the Environment, together with the General Directorate of Sustainability of the Coast and the Sea, [&hellip;]","og_url":"https:\/\/fundacion-biodiversidad.es\/en\/actualidad_home\/meeting-to-establish-a-common-methodology-in-the-monitoring-of-species-within-the-framework-of-the-misticseas-project\/","og_site_name":"Fundaci\u00f3n Biodiversidad","og_image":[{"width":720,"height":405,"url":"https:\/\/fundacion-biodiversidad.es\/wp-content\/uploads\/2023\/01\/2487661294_35330241_720x405.png","type":"image\/png"}],"twitter_card":"summary_large_image","twitter_misc":{"Est. reading time":"2 minutes"},"schema":{"@context":"https:\/\/schema.org","@graph":[{"@type":"WebPage","@id":"https:\/\/fundacion-biodiversidad.es\/en\/actualidad_home\/meeting-to-establish-a-common-methodology-in-the-monitoring-of-species-within-the-framework-of-the-misticseas-project\/","url":"https:\/\/fundacion-biodiversidad.es\/en\/actualidad_home\/meeting-to-establish-a-common-methodology-in-the-monitoring-of-species-within-the-framework-of-the-misticseas-project\/","name":"Meeting to establish a common methodology in the monitoring of species within the framework of the MISTICSEAS project - Fundaci\u00f3n Biodiversidad","isPartOf":{"@id":"https:\/\/fundacion-biodiversidad.es\/en\/#website"},"primaryImageOfPage":{"@id":"https:\/\/fundacion-biodiversidad.es\/en\/actualidad_home\/meeting-to-establish-a-common-methodology-in-the-monitoring-of-species-within-the-framework-of-the-misticseas-project\/#primaryimage"},"image":{"@id":"https:\/\/fundacion-biodiversidad.es\/en\/actualidad_home\/meeting-to-establish-a-common-methodology-in-the-monitoring-of-species-within-the-framework-of-the-misticseas-project\/#primaryimage"},"thumbnailUrl":"https:\/\/fundacion-biodiversidad.es\/wp-content\/uploads\/2016\/08\/mistic_seas_18-05-2016.jpg","datePublished":"2016-08-29T06:04:46+00:00","breadcrumb":{"@id":"https:\/\/fundacion-biodiversidad.es\/en\/actualidad_home\/meeting-to-establish-a-common-methodology-in-the-monitoring-of-species-within-the-framework-of-the-misticseas-project\/#breadcrumb"},"inLanguage":"en-US","potentialAction":[{"@type":"ReadAction","target":["https:\/\/fundacion-biodiversidad.es\/en\/actualidad_home\/meeting-to-establish-a-common-methodology-in-the-monitoring-of-species-within-the-framework-of-the-misticseas-project\/"]}]},{"@type":"ImageObject","inLanguage":"en-US","@id":"https:\/\/fundacion-biodiversidad.es\/en\/actualidad_home\/meeting-to-establish-a-common-methodology-in-the-monitoring-of-species-within-the-framework-of-the-misticseas-project\/#primaryimage","url":"https:\/\/fundacion-biodiversidad.es\/wp-content\/uploads\/2016\/08\/mistic_seas_18-05-2016.jpg","contentUrl":"https:\/\/fundacion-biodiversidad.es\/wp-content\/uploads\/2016\/08\/mistic_seas_18-05-2016.jpg","width":480,"height":270},{"@type":"BreadcrumbList","@id":"https:\/\/fundacion-biodiversidad.es\/en\/actualidad_home\/meeting-to-establish-a-common-methodology-in-the-monitoring-of-species-within-the-framework-of-the-misticseas-project\/#breadcrumb","itemListElement":[{"@type":"ListItem","position":1,"name":"Portada","item":"https:\/\/fundacion-biodiversidad.es\/en\/inicio\/"},{"@type":"ListItem","position":2,"name":"Noticias de actualidad","item":"https:\/\/fundacion-biodiversidad.es\/en\/actualidad_home\/"},{"@type":"ListItem","position":3,"name":"Meeting to establish a common methodology in the monitoring of species within the framework of the MISTICSEAS project"}]},{"@type":"WebSite","@id":"https:\/\/fundacion-biodiversidad.es\/en\/#website","url":"https:\/\/fundacion-biodiversidad.es\/en\/","name":"Fundaci\u00f3n Biodiversidad","description":"Fundaci\u00f3n p\u00fablica adscrita al Ministerio para la Transici\u00f3n Ecol\u00f3gica","potentialAction":[{"@type":"SearchAction","target":{"@type":"EntryPoint","urlTemplate":"https:\/\/fundacion-biodiversidad.es\/en\/?s={search_term_string}"},"query-input":{"@type":"PropertyValueSpecification","valueRequired":true,"valueName":"search_term_string"}}],"inLanguage":"en-US"}]}},"_links":{"self":[{"href":"https:\/\/fundacion-biodiversidad.es\/en\/wp-json\/wp\/v2\/actualidad_home\/97858167","targetHints":{"allow":["GET"]}}],"collection":[{"href":"https:\/\/fundacion-biodiversidad.es\/en\/wp-json\/wp\/v2\/actualidad_home"}],"about":[{"href":"https:\/\/fundacion-biodiversidad.es\/en\/wp-json\/wp\/v2\/types\/actualidad_home"}],"author":[{"embeddable":true,"href":"https:\/\/fundacion-biodiversidad.es\/en\/wp-json\/wp\/v2\/users\/11"}],"wp:featuredmedia":[{"embeddable":true,"href":"https:\/\/fundacion-biodiversidad.es\/en\/wp-json\/wp\/v2\/media\/35717"}],"wp:attachment":[{"href":"https:\/\/fundacion-biodiversidad.es\/en\/wp-json\/wp\/v2\/media?parent=97858167"}],"wp:term":[{"taxonomy":"palabras_clave","embeddable":true,"href":"https:\/\/fundacion-biodiversidad.es\/en\/wp-json\/wp\/v2\/palabras_clave?post=97858167"}],"curies":[{"name":"wp","href":"https:\/\/api.w.org\/{rel}","templated":true}]}}