{"id":97858168,"date":"2016-07-14T22:00:00","date_gmt":"2016-07-14T20:00:00","guid":{"rendered":"https:\/\/fundacion-biodiversidad.es\/actualidad_home\/balearic-shearwater-a-threatened-endemic-species\/"},"modified":"2016-07-14T22:00:00","modified_gmt":"2016-07-14T20:00:00","slug":"balearic-shearwater-a-threatened-endemic-species","status":"publish","type":"actualidad_home","link":"https:\/\/fundacion-biodiversidad.es\/en\/actualidad_home\/balearic-shearwater-a-threatened-endemic-species\/","title":{"rendered":"Balearic shearwater, a threatened endemic species"},"content":{"rendered":"<p>The<strong> Balearic shearwater<\/strong> (Puffinus mauretanicus) is the <strong>only endemic seabird in Spain<\/strong>. Until recently it was considered a subspecies of the much more widespread Mediterranean shearwater. It is characterized by having a <strong>medium-sized, brown body<\/strong> that changes to cream in the belly area and on the inside of its wings. Specimens with bellies of whiter or grayer tones than the normal pattern have also been observed, but no appreciable differences have been found between sexes or ages.   <\/p>\n<p>This endemic species&nbsp;<strong>it only breeds in the Balearic Islands<\/strong>, but on its journeys <strong>it can reach the Atlantic and the Cantabrian Sea<\/strong>. During its breeding period it can be seen in the waters of the western Mediterranean and the eastern Atlantic, so it is possible to see it during its wintering in French, English waters and even near the North Sea. It can also winter in waters of northwest Africa. &nbsp;<\/p>\n<p><strong>The shearwater&#8217;s breeding season runs from February to June <\/strong>and occurs in the Balearic archipelago, especially on the island of Formentera. This seabird feeds in groups and consumes both small fish and squid that it catches by diving in the water. During the breeding and moulting periods, it feeds on fish discards, while during wintering it consumes only live prey.   &nbsp;&nbsp;<br \/>\n&nbsp;<br \/>  Currently, the Balearic shearwater is <strong>a species of great importance for biodiversity <\/strong>as it is considered <strong>an indicator of the environmental health of the Mediterranean Sea<\/strong>. Although it is also a very endangered species, with <strong>a population of around 3,000 breeding pairs<\/strong>. As it is a long-lived species with a low number of chicks per year, it is very sensitive to mortality caused by unnatural causes. <br \/>\n&nbsp;<br \/>  Another <strong>cause related to the decline of the species is connected to fishing activity<\/strong>. On the one hand, for carrying out longline fishing and for the overcapture of some species on which these birds feed. And on the other hand, due to biological stoppages in fishing activity during the breeding period, which can cause a drop in the productivity of the colonies due to the absence of fishing discards.  &nbsp;<br \/>\n&nbsp;<br \/>  Because of these dangers,&nbsp;<strong>the Balearic shearwater is included in the Red Book of Birds of Spain (2004) as &#8220;critically endangered&#8221;<\/strong> and appears as &#8220;endangered&#8221; in the National Catalogue of Threatened Species. For this reason, with the aim of cooperating in mitigating the decline of the species,&nbsp;<strong>the Biodiversity Foundation of the Ministry of Agriculture, Food and the Environment, with the support of the University of Valencia and Barcelona, carry out different projects<\/strong> that are responsible for measuring mortality rates caused by fishing gear and modifying these procedures to help in the recovery of the species.<\/p>\n<p>Likewise, with the basis of the <a href=\"http:\/\/www.indemares.es\/prensa\/actualidad\/proteccion-para-las-aves-declaradas-39-zepa-marinas\" rel=\"nofollow noopener\" target=\"_blank\"><strong>LIFE IBA Marinas project developed by SEO\/Birdlife within the framework of the LIFE INDEMARES project<\/strong><\/a>, coordinated by the Biodiversity Foundation, 39 Bird Protection Areas have been declared that will allow better protection of seabirds and specifically of our threatened Balearic shearwater.<br \/>\n&nbsp;<\/p>\n","protected":false},"author":11,"featured_media":35711,"template":"","meta":{"_acf_changed":false},"palabras_clave":[],"class_list":["post-97858168","actualidad_home","type-actualidad_home","status-publish","has-post-thumbnail","hentry"],"acf":[],"yoast_head":"<!-- This site is optimized with the Yoast SEO plugin v26.9 - https:\/\/yoast.com\/product\/yoast-seo-wordpress\/ -->\n<title>Balearic shearwater, a threatened endemic species - Fundaci\u00f3n Biodiversidad<\/title>\n<meta name=\"robots\" content=\"index, follow, max-snippet:-1, max-image-preview:large, max-video-preview:-1\" \/>\n<link rel=\"canonical\" href=\"https:\/\/fundacion-biodiversidad.es\/en\/actualidad_home\/balearic-shearwater-a-threatened-endemic-species\/\" \/>\n<meta property=\"og:locale\" content=\"en_US\" \/>\n<meta property=\"og:type\" content=\"article\" \/>\n<meta property=\"og:title\" content=\"Balearic shearwater, a threatened endemic species - Fundaci\u00f3n Biodiversidad\" \/>\n<meta property=\"og:description\" content=\"The Balearic shearwater (Puffinus mauretanicus) is the only endemic seabird in Spain. Until recently it was considered a subspecies of the much more widespread Mediterranean [&hellip;]\" \/>\n<meta property=\"og:url\" content=\"https:\/\/fundacion-biodiversidad.es\/en\/actualidad_home\/balearic-shearwater-a-threatened-endemic-species\/\" \/>\n<meta property=\"og:site_name\" content=\"Fundaci\u00f3n Biodiversidad\" \/>\n<meta property=\"og:image\" content=\"https:\/\/fundacion-biodiversidad.es\/wp-content\/uploads\/2023\/01\/2487661294_35330241_720x405.png\" \/>\n\t<meta property=\"og:image:width\" content=\"720\" \/>\n\t<meta property=\"og:image:height\" content=\"405\" \/>\n\t<meta property=\"og:image:type\" content=\"image\/png\" \/>\n<meta name=\"twitter:card\" content=\"summary_large_image\" \/>\n<meta name=\"twitter:label1\" content=\"Est. reading time\" \/>\n\t<meta name=\"twitter:data1\" content=\"2 minutes\" \/>\n<script type=\"application\/ld+json\" class=\"yoast-schema-graph\">{\"@context\":\"https:\/\/schema.org\",\"@graph\":[{\"@type\":\"WebPage\",\"@id\":\"https:\/\/fundacion-biodiversidad.es\/en\/actualidad_home\/balearic-shearwater-a-threatened-endemic-species\/\",\"url\":\"https:\/\/fundacion-biodiversidad.es\/en\/actualidad_home\/balearic-shearwater-a-threatened-endemic-species\/\",\"name\":\"Balearic shearwater, a threatened endemic species - Fundaci\u00f3n Biodiversidad\",\"isPartOf\":{\"@id\":\"https:\/\/fundacion-biodiversidad.es\/en\/#website\"},\"primaryImageOfPage\":{\"@id\":\"https:\/\/fundacion-biodiversidad.es\/en\/actualidad_home\/balearic-shearwater-a-threatened-endemic-species\/#primaryimage\"},\"image\":{\"@id\":\"https:\/\/fundacion-biodiversidad.es\/en\/actualidad_home\/balearic-shearwater-a-threatened-endemic-species\/#primaryimage\"},\"thumbnailUrl\":\"https:\/\/fundacion-biodiversidad.es\/wp-content\/uploads\/2016\/07\/08-07_pardela_balear-scaled.jpg\",\"datePublished\":\"2016-07-14T20:00:00+00:00\",\"breadcrumb\":{\"@id\":\"https:\/\/fundacion-biodiversidad.es\/en\/actualidad_home\/balearic-shearwater-a-threatened-endemic-species\/#breadcrumb\"},\"inLanguage\":\"en-US\",\"potentialAction\":[{\"@type\":\"ReadAction\",\"target\":[\"https:\/\/fundacion-biodiversidad.es\/en\/actualidad_home\/balearic-shearwater-a-threatened-endemic-species\/\"]}]},{\"@type\":\"ImageObject\",\"inLanguage\":\"en-US\",\"@id\":\"https:\/\/fundacion-biodiversidad.es\/en\/actualidad_home\/balearic-shearwater-a-threatened-endemic-species\/#primaryimage\",\"url\":\"https:\/\/fundacion-biodiversidad.es\/wp-content\/uploads\/2016\/07\/08-07_pardela_balear-scaled.jpg\",\"contentUrl\":\"https:\/\/fundacion-biodiversidad.es\/wp-content\/uploads\/2016\/07\/08-07_pardela_balear-scaled.jpg\",\"width\":2560,\"height\":1707},{\"@type\":\"BreadcrumbList\",\"@id\":\"https:\/\/fundacion-biodiversidad.es\/en\/actualidad_home\/balearic-shearwater-a-threatened-endemic-species\/#breadcrumb\",\"itemListElement\":[{\"@type\":\"ListItem\",\"position\":1,\"name\":\"Portada\",\"item\":\"https:\/\/fundacion-biodiversidad.es\/en\/inicio\/\"},{\"@type\":\"ListItem\",\"position\":2,\"name\":\"Noticias de actualidad\",\"item\":\"https:\/\/fundacion-biodiversidad.es\/en\/actualidad_home\/\"},{\"@type\":\"ListItem\",\"position\":3,\"name\":\"Balearic shearwater, a threatened endemic species\"}]},{\"@type\":\"WebSite\",\"@id\":\"https:\/\/fundacion-biodiversidad.es\/en\/#website\",\"url\":\"https:\/\/fundacion-biodiversidad.es\/en\/\",\"name\":\"Fundaci\u00f3n Biodiversidad\",\"description\":\"Fundaci\u00f3n p\u00fablica adscrita al Ministerio para la Transici\u00f3n Ecol\u00f3gica\",\"potentialAction\":[{\"@type\":\"SearchAction\",\"target\":{\"@type\":\"EntryPoint\",\"urlTemplate\":\"https:\/\/fundacion-biodiversidad.es\/en\/?s={search_term_string}\"},\"query-input\":{\"@type\":\"PropertyValueSpecification\",\"valueRequired\":true,\"valueName\":\"search_term_string\"}}],\"inLanguage\":\"en-US\"}]}<\/script>\n<!-- \/ Yoast SEO plugin. -->","yoast_head_json":{"title":"Balearic shearwater, a threatened endemic species - Fundaci\u00f3n Biodiversidad","robots":{"index":"index","follow":"follow","max-snippet":"max-snippet:-1","max-image-preview":"max-image-preview:large","max-video-preview":"max-video-preview:-1"},"canonical":"https:\/\/fundacion-biodiversidad.es\/en\/actualidad_home\/balearic-shearwater-a-threatened-endemic-species\/","og_locale":"en_US","og_type":"article","og_title":"Balearic shearwater, a threatened endemic species - Fundaci\u00f3n Biodiversidad","og_description":"The Balearic shearwater (Puffinus mauretanicus) is the only endemic seabird in Spain. Until recently it was considered a subspecies of the much more widespread Mediterranean [&hellip;]","og_url":"https:\/\/fundacion-biodiversidad.es\/en\/actualidad_home\/balearic-shearwater-a-threatened-endemic-species\/","og_site_name":"Fundaci\u00f3n Biodiversidad","og_image":[{"width":720,"height":405,"url":"https:\/\/fundacion-biodiversidad.es\/wp-content\/uploads\/2023\/01\/2487661294_35330241_720x405.png","type":"image\/png"}],"twitter_card":"summary_large_image","twitter_misc":{"Est. reading time":"2 minutes"},"schema":{"@context":"https:\/\/schema.org","@graph":[{"@type":"WebPage","@id":"https:\/\/fundacion-biodiversidad.es\/en\/actualidad_home\/balearic-shearwater-a-threatened-endemic-species\/","url":"https:\/\/fundacion-biodiversidad.es\/en\/actualidad_home\/balearic-shearwater-a-threatened-endemic-species\/","name":"Balearic shearwater, a threatened endemic species - Fundaci\u00f3n Biodiversidad","isPartOf":{"@id":"https:\/\/fundacion-biodiversidad.es\/en\/#website"},"primaryImageOfPage":{"@id":"https:\/\/fundacion-biodiversidad.es\/en\/actualidad_home\/balearic-shearwater-a-threatened-endemic-species\/#primaryimage"},"image":{"@id":"https:\/\/fundacion-biodiversidad.es\/en\/actualidad_home\/balearic-shearwater-a-threatened-endemic-species\/#primaryimage"},"thumbnailUrl":"https:\/\/fundacion-biodiversidad.es\/wp-content\/uploads\/2016\/07\/08-07_pardela_balear-scaled.jpg","datePublished":"2016-07-14T20:00:00+00:00","breadcrumb":{"@id":"https:\/\/fundacion-biodiversidad.es\/en\/actualidad_home\/balearic-shearwater-a-threatened-endemic-species\/#breadcrumb"},"inLanguage":"en-US","potentialAction":[{"@type":"ReadAction","target":["https:\/\/fundacion-biodiversidad.es\/en\/actualidad_home\/balearic-shearwater-a-threatened-endemic-species\/"]}]},{"@type":"ImageObject","inLanguage":"en-US","@id":"https:\/\/fundacion-biodiversidad.es\/en\/actualidad_home\/balearic-shearwater-a-threatened-endemic-species\/#primaryimage","url":"https:\/\/fundacion-biodiversidad.es\/wp-content\/uploads\/2016\/07\/08-07_pardela_balear-scaled.jpg","contentUrl":"https:\/\/fundacion-biodiversidad.es\/wp-content\/uploads\/2016\/07\/08-07_pardela_balear-scaled.jpg","width":2560,"height":1707},{"@type":"BreadcrumbList","@id":"https:\/\/fundacion-biodiversidad.es\/en\/actualidad_home\/balearic-shearwater-a-threatened-endemic-species\/#breadcrumb","itemListElement":[{"@type":"ListItem","position":1,"name":"Portada","item":"https:\/\/fundacion-biodiversidad.es\/en\/inicio\/"},{"@type":"ListItem","position":2,"name":"Noticias de actualidad","item":"https:\/\/fundacion-biodiversidad.es\/en\/actualidad_home\/"},{"@type":"ListItem","position":3,"name":"Balearic shearwater, a threatened endemic species"}]},{"@type":"WebSite","@id":"https:\/\/fundacion-biodiversidad.es\/en\/#website","url":"https:\/\/fundacion-biodiversidad.es\/en\/","name":"Fundaci\u00f3n Biodiversidad","description":"Fundaci\u00f3n p\u00fablica adscrita al Ministerio para la Transici\u00f3n Ecol\u00f3gica","potentialAction":[{"@type":"SearchAction","target":{"@type":"EntryPoint","urlTemplate":"https:\/\/fundacion-biodiversidad.es\/en\/?s={search_term_string}"},"query-input":{"@type":"PropertyValueSpecification","valueRequired":true,"valueName":"search_term_string"}}],"inLanguage":"en-US"}]}},"_links":{"self":[{"href":"https:\/\/fundacion-biodiversidad.es\/en\/wp-json\/wp\/v2\/actualidad_home\/97858168","targetHints":{"allow":["GET"]}}],"collection":[{"href":"https:\/\/fundacion-biodiversidad.es\/en\/wp-json\/wp\/v2\/actualidad_home"}],"about":[{"href":"https:\/\/fundacion-biodiversidad.es\/en\/wp-json\/wp\/v2\/types\/actualidad_home"}],"author":[{"embeddable":true,"href":"https:\/\/fundacion-biodiversidad.es\/en\/wp-json\/wp\/v2\/users\/11"}],"wp:featuredmedia":[{"embeddable":true,"href":"https:\/\/fundacion-biodiversidad.es\/en\/wp-json\/wp\/v2\/media\/35711"}],"wp:attachment":[{"href":"https:\/\/fundacion-biodiversidad.es\/en\/wp-json\/wp\/v2\/media?parent=97858168"}],"wp:term":[{"taxonomy":"palabras_clave","embeddable":true,"href":"https:\/\/fundacion-biodiversidad.es\/en\/wp-json\/wp\/v2\/palabras_clave?post=97858168"}],"curies":[{"name":"wp","href":"https:\/\/api.w.org\/{rel}","templated":true}]}}