{"id":97858169,"date":"2016-08-29T08:00:08","date_gmt":"2016-08-29T06:00:08","guid":{"rendered":"https:\/\/fundacion-biodiversidad.es\/actualidad_home\/an-initiative-to-contribute-to-the-conservation-of-the-loggerhead-turtle\/"},"modified":"2016-08-29T08:00:08","modified_gmt":"2016-08-29T06:00:08","slug":"an-initiative-to-contribute-to-the-conservation-of-the-loggerhead-turtle","status":"publish","type":"actualidad_home","link":"https:\/\/fundacion-biodiversidad.es\/en\/actualidad_home\/an-initiative-to-contribute-to-the-conservation-of-the-loggerhead-turtle\/","title":{"rendered":"An initiative to contribute to the conservation of the loggerhead turtle"},"content":{"rendered":"<p>Contributing to the conservation of the biodiversity of the marine environment thanks to the establishment of the <strong>national strategy for the protection of sea turtles<\/strong>, specifically the loggerhead turtle, is the objective of the initiative with which <strong>Asociaci\u00f3n Chelonia<\/strong> has been <a href=\"http:\/\/fundacion-biodiversidad.es\/biodiversidad-marina-y-litoral\/proyectos-convocatoria-ayudas\/conservacion-de-caretta-caretta\" target=\"_blank\" rel=\"noopener\"><strong>a beneficiary of the<\/strong> <strong>2015 call for grants<\/strong><\/a> of the Biodiversity Foundation of the Ministry of Agriculture.  Food and Environment. A project that <strong>will strengthen marine and coastal management in the Natura 2000 Network of the Valencian Community<\/strong>. <\/p>\n<p>Thanks to the initiative, it will be possible to better understand the ecology and ethology of the loggerhead turtle, Caretta caretta, and it is also expected to reduce the impacts of human action on their populations. All this with the aim of establishing a conservation plan for the loggerhead turtle in the Valencian Community, a strategy that will be agreed with the Ministry of Agriculture, Food and the Valencian Community. In addition, the initiative will serve <strong>to raise awareness among the population about the importance of the species<\/strong> and the defined conservation strategy.  <\/p>\n<p>The project includes several actions, such as the implementation <strong>of a research campaign on the use of habitat<\/strong> and movement patterns of the loggerhead turtle in the waters of the Valencian Community and the carrying out of an ethology study applied to the species. Within the framework of the same, two courses will be held on the identification of traces and protection of sea turtle nests on Valencian beaches and a series of conferences will be launched focused on the conservation of sea turtles in Spain. These actions will be completed with the publication and dissemination of different awareness-raising materials.  <\/p>\n<p>Among the results of the project is expected to achieve a <strong>reduction of up to 50% in the number of individuals of Caretta caretta stranded <\/strong>or suffering accidents due to being trapped in plastics, nets, lines, accidental catches or accidental collision with maritime vessels.<br \/>\n&nbsp;<\/p>\n","protected":false},"author":11,"featured_media":35716,"template":"","meta":{"_acf_changed":false},"palabras_clave":[],"class_list":["post-97858169","actualidad_home","type-actualidad_home","status-publish","has-post-thumbnail","hentry"],"acf":[],"yoast_head":"<!-- This site is optimized with the Yoast SEO plugin v26.9 - https:\/\/yoast.com\/product\/yoast-seo-wordpress\/ -->\n<title>An initiative to contribute to the conservation of the loggerhead turtle - Fundaci\u00f3n Biodiversidad<\/title>\n<meta name=\"robots\" content=\"index, follow, max-snippet:-1, max-image-preview:large, max-video-preview:-1\" \/>\n<link rel=\"canonical\" href=\"https:\/\/fundacion-biodiversidad.es\/en\/actualidad_home\/an-initiative-to-contribute-to-the-conservation-of-the-loggerhead-turtle\/\" \/>\n<meta property=\"og:locale\" content=\"en_US\" \/>\n<meta property=\"og:type\" content=\"article\" \/>\n<meta property=\"og:title\" content=\"An initiative to contribute to the conservation of the loggerhead turtle - Fundaci\u00f3n Biodiversidad\" \/>\n<meta property=\"og:description\" content=\"Contributing to the conservation of the biodiversity of the marine environment thanks to the establishment of the national strategy for the protection of sea turtles, [&hellip;]\" \/>\n<meta property=\"og:url\" content=\"https:\/\/fundacion-biodiversidad.es\/en\/actualidad_home\/an-initiative-to-contribute-to-the-conservation-of-the-loggerhead-turtle\/\" \/>\n<meta property=\"og:site_name\" content=\"Fundaci\u00f3n Biodiversidad\" \/>\n<meta property=\"og:image\" content=\"https:\/\/fundacion-biodiversidad.es\/wp-content\/uploads\/2023\/01\/2487661294_35330241_720x405.png\" \/>\n\t<meta property=\"og:image:width\" content=\"720\" \/>\n\t<meta property=\"og:image:height\" content=\"405\" \/>\n\t<meta property=\"og:image:type\" content=\"image\/png\" \/>\n<meta name=\"twitter:card\" content=\"summary_large_image\" \/>\n<meta name=\"twitter:label1\" content=\"Est. reading time\" \/>\n\t<meta name=\"twitter:data1\" content=\"2 minutes\" \/>\n<script type=\"application\/ld+json\" class=\"yoast-schema-graph\">{\"@context\":\"https:\/\/schema.org\",\"@graph\":[{\"@type\":\"WebPage\",\"@id\":\"https:\/\/fundacion-biodiversidad.es\/en\/actualidad_home\/an-initiative-to-contribute-to-the-conservation-of-the-loggerhead-turtle\/\",\"url\":\"https:\/\/fundacion-biodiversidad.es\/en\/actualidad_home\/an-initiative-to-contribute-to-the-conservation-of-the-loggerhead-turtle\/\",\"name\":\"An initiative to contribute to the conservation of the loggerhead turtle - Fundaci\u00f3n Biodiversidad\",\"isPartOf\":{\"@id\":\"https:\/\/fundacion-biodiversidad.es\/en\/#website\"},\"primaryImageOfPage\":{\"@id\":\"https:\/\/fundacion-biodiversidad.es\/en\/actualidad_home\/an-initiative-to-contribute-to-the-conservation-of-the-loggerhead-turtle\/#primaryimage\"},\"image\":{\"@id\":\"https:\/\/fundacion-biodiversidad.es\/en\/actualidad_home\/an-initiative-to-contribute-to-the-conservation-of-the-loggerhead-turtle\/#primaryimage\"},\"thumbnailUrl\":\"https:\/\/fundacion-biodiversidad.es\/wp-content\/uploads\/2016\/08\/tortuga-marina_chelonia.jpg\",\"datePublished\":\"2016-08-29T06:00:08+00:00\",\"breadcrumb\":{\"@id\":\"https:\/\/fundacion-biodiversidad.es\/en\/actualidad_home\/an-initiative-to-contribute-to-the-conservation-of-the-loggerhead-turtle\/#breadcrumb\"},\"inLanguage\":\"en-US\",\"potentialAction\":[{\"@type\":\"ReadAction\",\"target\":[\"https:\/\/fundacion-biodiversidad.es\/en\/actualidad_home\/an-initiative-to-contribute-to-the-conservation-of-the-loggerhead-turtle\/\"]}]},{\"@type\":\"ImageObject\",\"inLanguage\":\"en-US\",\"@id\":\"https:\/\/fundacion-biodiversidad.es\/en\/actualidad_home\/an-initiative-to-contribute-to-the-conservation-of-the-loggerhead-turtle\/#primaryimage\",\"url\":\"https:\/\/fundacion-biodiversidad.es\/wp-content\/uploads\/2016\/08\/tortuga-marina_chelonia.jpg\",\"contentUrl\":\"https:\/\/fundacion-biodiversidad.es\/wp-content\/uploads\/2016\/08\/tortuga-marina_chelonia.jpg\",\"width\":1200,\"height\":848},{\"@type\":\"BreadcrumbList\",\"@id\":\"https:\/\/fundacion-biodiversidad.es\/en\/actualidad_home\/an-initiative-to-contribute-to-the-conservation-of-the-loggerhead-turtle\/#breadcrumb\",\"itemListElement\":[{\"@type\":\"ListItem\",\"position\":1,\"name\":\"Portada\",\"item\":\"https:\/\/fundacion-biodiversidad.es\/en\/inicio\/\"},{\"@type\":\"ListItem\",\"position\":2,\"name\":\"Noticias de actualidad\",\"item\":\"https:\/\/fundacion-biodiversidad.es\/en\/actualidad_home\/\"},{\"@type\":\"ListItem\",\"position\":3,\"name\":\"An initiative to contribute to the conservation of the loggerhead turtle\"}]},{\"@type\":\"WebSite\",\"@id\":\"https:\/\/fundacion-biodiversidad.es\/en\/#website\",\"url\":\"https:\/\/fundacion-biodiversidad.es\/en\/\",\"name\":\"Fundaci\u00f3n Biodiversidad\",\"description\":\"Fundaci\u00f3n p\u00fablica adscrita al Ministerio para la Transici\u00f3n Ecol\u00f3gica\",\"potentialAction\":[{\"@type\":\"SearchAction\",\"target\":{\"@type\":\"EntryPoint\",\"urlTemplate\":\"https:\/\/fundacion-biodiversidad.es\/en\/?s={search_term_string}\"},\"query-input\":{\"@type\":\"PropertyValueSpecification\",\"valueRequired\":true,\"valueName\":\"search_term_string\"}}],\"inLanguage\":\"en-US\"}]}<\/script>\n<!-- \/ Yoast SEO plugin. -->","yoast_head_json":{"title":"An initiative to contribute to the conservation of the loggerhead turtle - Fundaci\u00f3n Biodiversidad","robots":{"index":"index","follow":"follow","max-snippet":"max-snippet:-1","max-image-preview":"max-image-preview:large","max-video-preview":"max-video-preview:-1"},"canonical":"https:\/\/fundacion-biodiversidad.es\/en\/actualidad_home\/an-initiative-to-contribute-to-the-conservation-of-the-loggerhead-turtle\/","og_locale":"en_US","og_type":"article","og_title":"An initiative to contribute to the conservation of the loggerhead turtle - Fundaci\u00f3n Biodiversidad","og_description":"Contributing to the conservation of the biodiversity of the marine environment thanks to the establishment of the national strategy for the protection of sea turtles, [&hellip;]","og_url":"https:\/\/fundacion-biodiversidad.es\/en\/actualidad_home\/an-initiative-to-contribute-to-the-conservation-of-the-loggerhead-turtle\/","og_site_name":"Fundaci\u00f3n Biodiversidad","og_image":[{"width":720,"height":405,"url":"https:\/\/fundacion-biodiversidad.es\/wp-content\/uploads\/2023\/01\/2487661294_35330241_720x405.png","type":"image\/png"}],"twitter_card":"summary_large_image","twitter_misc":{"Est. reading time":"2 minutes"},"schema":{"@context":"https:\/\/schema.org","@graph":[{"@type":"WebPage","@id":"https:\/\/fundacion-biodiversidad.es\/en\/actualidad_home\/an-initiative-to-contribute-to-the-conservation-of-the-loggerhead-turtle\/","url":"https:\/\/fundacion-biodiversidad.es\/en\/actualidad_home\/an-initiative-to-contribute-to-the-conservation-of-the-loggerhead-turtle\/","name":"An initiative to contribute to the conservation of the loggerhead turtle - Fundaci\u00f3n Biodiversidad","isPartOf":{"@id":"https:\/\/fundacion-biodiversidad.es\/en\/#website"},"primaryImageOfPage":{"@id":"https:\/\/fundacion-biodiversidad.es\/en\/actualidad_home\/an-initiative-to-contribute-to-the-conservation-of-the-loggerhead-turtle\/#primaryimage"},"image":{"@id":"https:\/\/fundacion-biodiversidad.es\/en\/actualidad_home\/an-initiative-to-contribute-to-the-conservation-of-the-loggerhead-turtle\/#primaryimage"},"thumbnailUrl":"https:\/\/fundacion-biodiversidad.es\/wp-content\/uploads\/2016\/08\/tortuga-marina_chelonia.jpg","datePublished":"2016-08-29T06:00:08+00:00","breadcrumb":{"@id":"https:\/\/fundacion-biodiversidad.es\/en\/actualidad_home\/an-initiative-to-contribute-to-the-conservation-of-the-loggerhead-turtle\/#breadcrumb"},"inLanguage":"en-US","potentialAction":[{"@type":"ReadAction","target":["https:\/\/fundacion-biodiversidad.es\/en\/actualidad_home\/an-initiative-to-contribute-to-the-conservation-of-the-loggerhead-turtle\/"]}]},{"@type":"ImageObject","inLanguage":"en-US","@id":"https:\/\/fundacion-biodiversidad.es\/en\/actualidad_home\/an-initiative-to-contribute-to-the-conservation-of-the-loggerhead-turtle\/#primaryimage","url":"https:\/\/fundacion-biodiversidad.es\/wp-content\/uploads\/2016\/08\/tortuga-marina_chelonia.jpg","contentUrl":"https:\/\/fundacion-biodiversidad.es\/wp-content\/uploads\/2016\/08\/tortuga-marina_chelonia.jpg","width":1200,"height":848},{"@type":"BreadcrumbList","@id":"https:\/\/fundacion-biodiversidad.es\/en\/actualidad_home\/an-initiative-to-contribute-to-the-conservation-of-the-loggerhead-turtle\/#breadcrumb","itemListElement":[{"@type":"ListItem","position":1,"name":"Portada","item":"https:\/\/fundacion-biodiversidad.es\/en\/inicio\/"},{"@type":"ListItem","position":2,"name":"Noticias de actualidad","item":"https:\/\/fundacion-biodiversidad.es\/en\/actualidad_home\/"},{"@type":"ListItem","position":3,"name":"An initiative to contribute to the conservation of the loggerhead turtle"}]},{"@type":"WebSite","@id":"https:\/\/fundacion-biodiversidad.es\/en\/#website","url":"https:\/\/fundacion-biodiversidad.es\/en\/","name":"Fundaci\u00f3n Biodiversidad","description":"Fundaci\u00f3n p\u00fablica adscrita al Ministerio para la Transici\u00f3n Ecol\u00f3gica","potentialAction":[{"@type":"SearchAction","target":{"@type":"EntryPoint","urlTemplate":"https:\/\/fundacion-biodiversidad.es\/en\/?s={search_term_string}"},"query-input":{"@type":"PropertyValueSpecification","valueRequired":true,"valueName":"search_term_string"}}],"inLanguage":"en-US"}]}},"_links":{"self":[{"href":"https:\/\/fundacion-biodiversidad.es\/en\/wp-json\/wp\/v2\/actualidad_home\/97858169","targetHints":{"allow":["GET"]}}],"collection":[{"href":"https:\/\/fundacion-biodiversidad.es\/en\/wp-json\/wp\/v2\/actualidad_home"}],"about":[{"href":"https:\/\/fundacion-biodiversidad.es\/en\/wp-json\/wp\/v2\/types\/actualidad_home"}],"author":[{"embeddable":true,"href":"https:\/\/fundacion-biodiversidad.es\/en\/wp-json\/wp\/v2\/users\/11"}],"wp:featuredmedia":[{"embeddable":true,"href":"https:\/\/fundacion-biodiversidad.es\/en\/wp-json\/wp\/v2\/media\/35716"}],"wp:attachment":[{"href":"https:\/\/fundacion-biodiversidad.es\/en\/wp-json\/wp\/v2\/media?parent=97858169"}],"wp:term":[{"taxonomy":"palabras_clave","embeddable":true,"href":"https:\/\/fundacion-biodiversidad.es\/en\/wp-json\/wp\/v2\/palabras_clave?post=97858169"}],"curies":[{"name":"wp","href":"https:\/\/api.w.org\/{rel}","templated":true}]}}