{"id":97858171,"date":"2016-08-29T07:57:37","date_gmt":"2016-08-29T05:57:37","guid":{"rendered":"https:\/\/fundacion-biodiversidad.es\/actualidad_home\/the-biodiversity-foundation-present-at-cotec-innovation-day\/"},"modified":"2016-08-29T07:57:37","modified_gmt":"2016-08-29T05:57:37","slug":"the-biodiversity-foundation-present-at-cotec-innovation-day","status":"publish","type":"actualidad_home","link":"https:\/\/fundacion-biodiversidad.es\/en\/actualidad_home\/the-biodiversity-foundation-present-at-cotec-innovation-day\/","title":{"rendered":"The Biodiversity Foundation, present at Cotec Innovation Day"},"content":{"rendered":"<p>The Biodiversity Foundation attends <strong>&#8220;Imperdible_01&#8221;,<\/strong> an event organized by the <strong>Cotec Foundation<\/strong>, which celebrates its <strong>Innovation Day for the<\/strong> first time in 2016. At this event, which was attended by His Majesties King Felipe II, honorary president of Cotec, the &#8220;Cotec Report 2016&#8221; was presented, which offers an analysis of the situation of innovation in Spain and its position with respect to reference countries. <\/p>\n<p>The contents of this report open up new priority areas for Cotec, such as <strong>project financing or social innovation<\/strong>. &#8220;Imperdible_01&#8221; is made in collaboration with S\u00f3nar+D, the International Congress of Digital Culture and Creative Cultures. All this is being developed in La Nave (former Boetticher factory) in the Villaverde district, in Madrid.  <\/p>\n<p>The day is divided into two events, the morning with the presentation of the report, and the afternoon, open to the public from 5:00 p.m. to 11:00 p.m. In the space you can enjoy a <strong>MarketLab <\/strong>with a selection of <strong>12 projects from companies, scientific research centers and digital creation laboratories<\/strong>. <\/p>\n<p>The <strong>environment<\/strong> is present in this MarketLab hand in hand with initiatives related to citizen science or open technologies. Projects that study light pollution through photos taken from the International Station or technologies to capture data on birds and other animals, are some of the proposals presented at Cotec&#8217;s MarketLab. <br \/>\n&nbsp;<\/p>\n","protected":false},"author":11,"featured_media":35715,"template":"","meta":{"_acf_changed":false},"palabras_clave":[],"class_list":["post-97858171","actualidad_home","type-actualidad_home","status-publish","has-post-thumbnail","hentry"],"acf":[],"yoast_head":"<!-- This site is optimized with the Yoast SEO plugin v26.9 - https:\/\/yoast.com\/product\/yoast-seo-wordpress\/ -->\n<title>The Biodiversity Foundation, present at Cotec Innovation Day - Fundaci\u00f3n Biodiversidad<\/title>\n<meta name=\"robots\" content=\"index, follow, max-snippet:-1, max-image-preview:large, max-video-preview:-1\" \/>\n<link rel=\"canonical\" href=\"https:\/\/fundacion-biodiversidad.es\/en\/actualidad_home\/the-biodiversity-foundation-present-at-cotec-innovation-day\/\" \/>\n<meta property=\"og:locale\" content=\"en_US\" \/>\n<meta property=\"og:type\" content=\"article\" \/>\n<meta property=\"og:title\" content=\"The Biodiversity Foundation, present at Cotec Innovation Day - Fundaci\u00f3n Biodiversidad\" \/>\n<meta property=\"og:description\" content=\"The Biodiversity Foundation attends &#8220;Imperdible_01&#8221;, an event organized by the Cotec Foundation, which celebrates its Innovation Day for the first time in 2016. At this [&hellip;]\" \/>\n<meta property=\"og:url\" content=\"https:\/\/fundacion-biodiversidad.es\/en\/actualidad_home\/the-biodiversity-foundation-present-at-cotec-innovation-day\/\" \/>\n<meta property=\"og:site_name\" content=\"Fundaci\u00f3n Biodiversidad\" \/>\n<meta property=\"og:image\" content=\"https:\/\/fundacion-biodiversidad.es\/wp-content\/uploads\/2023\/01\/2487661294_35330241_720x405.png\" \/>\n\t<meta property=\"og:image:width\" content=\"720\" \/>\n\t<meta property=\"og:image:height\" content=\"405\" \/>\n\t<meta property=\"og:image:type\" content=\"image\/png\" \/>\n<meta name=\"twitter:card\" content=\"summary_large_image\" \/>\n<meta name=\"twitter:label1\" content=\"Est. reading time\" \/>\n\t<meta name=\"twitter:data1\" content=\"1 minute\" \/>\n<script type=\"application\/ld+json\" class=\"yoast-schema-graph\">{\"@context\":\"https:\/\/schema.org\",\"@graph\":[{\"@type\":\"WebPage\",\"@id\":\"https:\/\/fundacion-biodiversidad.es\/en\/actualidad_home\/the-biodiversity-foundation-present-at-cotec-innovation-day\/\",\"url\":\"https:\/\/fundacion-biodiversidad.es\/en\/actualidad_home\/the-biodiversity-foundation-present-at-cotec-innovation-day\/\",\"name\":\"The Biodiversity Foundation, present at Cotec Innovation Day - Fundaci\u00f3n Biodiversidad\",\"isPartOf\":{\"@id\":\"https:\/\/fundacion-biodiversidad.es\/en\/#website\"},\"primaryImageOfPage\":{\"@id\":\"https:\/\/fundacion-biodiversidad.es\/en\/actualidad_home\/the-biodiversity-foundation-present-at-cotec-innovation-day\/#primaryimage\"},\"image\":{\"@id\":\"https:\/\/fundacion-biodiversidad.es\/en\/actualidad_home\/the-biodiversity-foundation-present-at-cotec-innovation-day\/#primaryimage\"},\"thumbnailUrl\":\"https:\/\/fundacion-biodiversidad.es\/wp-content\/uploads\/2016\/08\/13_05_2016.jpg\",\"datePublished\":\"2016-08-29T05:57:37+00:00\",\"breadcrumb\":{\"@id\":\"https:\/\/fundacion-biodiversidad.es\/en\/actualidad_home\/the-biodiversity-foundation-present-at-cotec-innovation-day\/#breadcrumb\"},\"inLanguage\":\"en-US\",\"potentialAction\":[{\"@type\":\"ReadAction\",\"target\":[\"https:\/\/fundacion-biodiversidad.es\/en\/actualidad_home\/the-biodiversity-foundation-present-at-cotec-innovation-day\/\"]}]},{\"@type\":\"ImageObject\",\"inLanguage\":\"en-US\",\"@id\":\"https:\/\/fundacion-biodiversidad.es\/en\/actualidad_home\/the-biodiversity-foundation-present-at-cotec-innovation-day\/#primaryimage\",\"url\":\"https:\/\/fundacion-biodiversidad.es\/wp-content\/uploads\/2016\/08\/13_05_2016.jpg\",\"contentUrl\":\"https:\/\/fundacion-biodiversidad.es\/wp-content\/uploads\/2016\/08\/13_05_2016.jpg\",\"width\":480,\"height\":360},{\"@type\":\"BreadcrumbList\",\"@id\":\"https:\/\/fundacion-biodiversidad.es\/en\/actualidad_home\/the-biodiversity-foundation-present-at-cotec-innovation-day\/#breadcrumb\",\"itemListElement\":[{\"@type\":\"ListItem\",\"position\":1,\"name\":\"Portada\",\"item\":\"https:\/\/fundacion-biodiversidad.es\/en\/inicio\/\"},{\"@type\":\"ListItem\",\"position\":2,\"name\":\"Noticias de actualidad\",\"item\":\"https:\/\/fundacion-biodiversidad.es\/en\/actualidad_home\/\"},{\"@type\":\"ListItem\",\"position\":3,\"name\":\"The Biodiversity Foundation, present at Cotec Innovation Day\"}]},{\"@type\":\"WebSite\",\"@id\":\"https:\/\/fundacion-biodiversidad.es\/en\/#website\",\"url\":\"https:\/\/fundacion-biodiversidad.es\/en\/\",\"name\":\"Fundaci\u00f3n Biodiversidad\",\"description\":\"Fundaci\u00f3n p\u00fablica adscrita al Ministerio para la Transici\u00f3n Ecol\u00f3gica\",\"potentialAction\":[{\"@type\":\"SearchAction\",\"target\":{\"@type\":\"EntryPoint\",\"urlTemplate\":\"https:\/\/fundacion-biodiversidad.es\/en\/?s={search_term_string}\"},\"query-input\":{\"@type\":\"PropertyValueSpecification\",\"valueRequired\":true,\"valueName\":\"search_term_string\"}}],\"inLanguage\":\"en-US\"}]}<\/script>\n<!-- \/ Yoast SEO plugin. -->","yoast_head_json":{"title":"The Biodiversity Foundation, present at Cotec Innovation Day - Fundaci\u00f3n Biodiversidad","robots":{"index":"index","follow":"follow","max-snippet":"max-snippet:-1","max-image-preview":"max-image-preview:large","max-video-preview":"max-video-preview:-1"},"canonical":"https:\/\/fundacion-biodiversidad.es\/en\/actualidad_home\/the-biodiversity-foundation-present-at-cotec-innovation-day\/","og_locale":"en_US","og_type":"article","og_title":"The Biodiversity Foundation, present at Cotec Innovation Day - Fundaci\u00f3n Biodiversidad","og_description":"The Biodiversity Foundation attends &#8220;Imperdible_01&#8221;, an event organized by the Cotec Foundation, which celebrates its Innovation Day for the first time in 2016. At this [&hellip;]","og_url":"https:\/\/fundacion-biodiversidad.es\/en\/actualidad_home\/the-biodiversity-foundation-present-at-cotec-innovation-day\/","og_site_name":"Fundaci\u00f3n Biodiversidad","og_image":[{"width":720,"height":405,"url":"https:\/\/fundacion-biodiversidad.es\/wp-content\/uploads\/2023\/01\/2487661294_35330241_720x405.png","type":"image\/png"}],"twitter_card":"summary_large_image","twitter_misc":{"Est. reading time":"1 minute"},"schema":{"@context":"https:\/\/schema.org","@graph":[{"@type":"WebPage","@id":"https:\/\/fundacion-biodiversidad.es\/en\/actualidad_home\/the-biodiversity-foundation-present-at-cotec-innovation-day\/","url":"https:\/\/fundacion-biodiversidad.es\/en\/actualidad_home\/the-biodiversity-foundation-present-at-cotec-innovation-day\/","name":"The Biodiversity Foundation, present at Cotec Innovation Day - Fundaci\u00f3n Biodiversidad","isPartOf":{"@id":"https:\/\/fundacion-biodiversidad.es\/en\/#website"},"primaryImageOfPage":{"@id":"https:\/\/fundacion-biodiversidad.es\/en\/actualidad_home\/the-biodiversity-foundation-present-at-cotec-innovation-day\/#primaryimage"},"image":{"@id":"https:\/\/fundacion-biodiversidad.es\/en\/actualidad_home\/the-biodiversity-foundation-present-at-cotec-innovation-day\/#primaryimage"},"thumbnailUrl":"https:\/\/fundacion-biodiversidad.es\/wp-content\/uploads\/2016\/08\/13_05_2016.jpg","datePublished":"2016-08-29T05:57:37+00:00","breadcrumb":{"@id":"https:\/\/fundacion-biodiversidad.es\/en\/actualidad_home\/the-biodiversity-foundation-present-at-cotec-innovation-day\/#breadcrumb"},"inLanguage":"en-US","potentialAction":[{"@type":"ReadAction","target":["https:\/\/fundacion-biodiversidad.es\/en\/actualidad_home\/the-biodiversity-foundation-present-at-cotec-innovation-day\/"]}]},{"@type":"ImageObject","inLanguage":"en-US","@id":"https:\/\/fundacion-biodiversidad.es\/en\/actualidad_home\/the-biodiversity-foundation-present-at-cotec-innovation-day\/#primaryimage","url":"https:\/\/fundacion-biodiversidad.es\/wp-content\/uploads\/2016\/08\/13_05_2016.jpg","contentUrl":"https:\/\/fundacion-biodiversidad.es\/wp-content\/uploads\/2016\/08\/13_05_2016.jpg","width":480,"height":360},{"@type":"BreadcrumbList","@id":"https:\/\/fundacion-biodiversidad.es\/en\/actualidad_home\/the-biodiversity-foundation-present-at-cotec-innovation-day\/#breadcrumb","itemListElement":[{"@type":"ListItem","position":1,"name":"Portada","item":"https:\/\/fundacion-biodiversidad.es\/en\/inicio\/"},{"@type":"ListItem","position":2,"name":"Noticias de actualidad","item":"https:\/\/fundacion-biodiversidad.es\/en\/actualidad_home\/"},{"@type":"ListItem","position":3,"name":"The Biodiversity Foundation, present at Cotec Innovation Day"}]},{"@type":"WebSite","@id":"https:\/\/fundacion-biodiversidad.es\/en\/#website","url":"https:\/\/fundacion-biodiversidad.es\/en\/","name":"Fundaci\u00f3n Biodiversidad","description":"Fundaci\u00f3n p\u00fablica adscrita al Ministerio para la Transici\u00f3n Ecol\u00f3gica","potentialAction":[{"@type":"SearchAction","target":{"@type":"EntryPoint","urlTemplate":"https:\/\/fundacion-biodiversidad.es\/en\/?s={search_term_string}"},"query-input":{"@type":"PropertyValueSpecification","valueRequired":true,"valueName":"search_term_string"}}],"inLanguage":"en-US"}]}},"_links":{"self":[{"href":"https:\/\/fundacion-biodiversidad.es\/en\/wp-json\/wp\/v2\/actualidad_home\/97858171","targetHints":{"allow":["GET"]}}],"collection":[{"href":"https:\/\/fundacion-biodiversidad.es\/en\/wp-json\/wp\/v2\/actualidad_home"}],"about":[{"href":"https:\/\/fundacion-biodiversidad.es\/en\/wp-json\/wp\/v2\/types\/actualidad_home"}],"author":[{"embeddable":true,"href":"https:\/\/fundacion-biodiversidad.es\/en\/wp-json\/wp\/v2\/users\/11"}],"wp:featuredmedia":[{"embeddable":true,"href":"https:\/\/fundacion-biodiversidad.es\/en\/wp-json\/wp\/v2\/media\/35715"}],"wp:attachment":[{"href":"https:\/\/fundacion-biodiversidad.es\/en\/wp-json\/wp\/v2\/media?parent=97858171"}],"wp:term":[{"taxonomy":"palabras_clave","embeddable":true,"href":"https:\/\/fundacion-biodiversidad.es\/en\/wp-json\/wp\/v2\/palabras_clave?post=97858171"}],"curies":[{"name":"wp","href":"https:\/\/api.w.org\/{rel}","templated":true}]}}