{"id":97858177,"date":"2016-05-05T13:11:27","date_gmt":"2016-05-05T11:11:27","guid":{"rendered":"https:\/\/fundacion-biodiversidad.es\/actualidad_home\/birdflyaway-invites-us-to-travel-the-migratory-route-of-the-greylag-goose-and-osprey\/"},"modified":"2016-05-05T13:11:27","modified_gmt":"2016-05-05T11:11:27","slug":"birdflyaway-invites-us-to-travel-the-migratory-route-of-the-greylag-goose-and-osprey","status":"publish","type":"actualidad_home","link":"https:\/\/fundacion-biodiversidad.es\/en\/actualidad_home\/birdflyaway-invites-us-to-travel-the-migratory-route-of-the-greylag-goose-and-osprey\/","title":{"rendered":"BirdFlyAway invites us to travel the migratory route of the greylag goose and osprey"},"content":{"rendered":"<p>The Secretary of State for the Environment, Pablo Saavedra, presented today at the <strong><a href=\"http:\/\/fundacion-biodiversidad.es\/puertabiodiversidad\" target=\"_blank\" rel=\"noopener\">Seville headquarters of the Biodiversity Foundation<\/a> <\/strong>the project <strong>La Ruta de las Aves<\/strong>, an initiative of the Aranzadi Science Society, which has the support of the Ministry of Agriculture, Food and the Environment, through the Foundation itself.<\/p>\n<p> In the presentation, which was also attended by the secretary general of the Aranzadi Science Society, Juantxo Aguirre, the manager of the Do\u00f1ana Natural Area, Jos\u00e9 Juan Chans, and the director of the Biodiversity Foundation, Sonia Casta\u00f1eda, Saavedra stated that &#8220;it is absolutely <a href=\"http:\/\/fundacion-biodiversidad.es\/prensa\/notas-de-prensa\/pablo-saavedra-es-necesario-que-los-gobiernos-trabajemos-juntos-para-proteger\" target=\"_blank\" rel=\"noopener\"><strong>necessary for governments to work together to protect, conserve and restore the habitats of migratory birds<\/strong>&#8220;.<\/a><\/p>\n<p>  He explained that The Bird Route will allow the creation of an innovative nature product, an initiative that invites you to travel the migratory route of two birds, the greylag goose and the osprey, visiting sixteen wetlands where the birds stop along their migratory journey between northern Europe and Africa.<\/p>\n<p>  In this sense, the Secretary of State stressed that thanks to this initiative it will be possible to get to know some of the most important natural spaces in Europe, enjoy the observation of their fauna, learn about their history, natural and cultural heritage, gastronomy or ethnography.<\/p>\n<p>  The <a href=\"http:\/\/www.birdflyway.com\/es\/\" target=\"_blank\" rel=\"nofollow noopener\"><strong>BirdFlyway <\/strong><\/a>is an initiative that invites anyone who wants to participate to travel the migratory route of two birds, the greylag goose and the osprey, visiting sixteen wetlands where the birds stop along their migratory journeys between northern Europe and Africa. It is an <strong>experience similar to the Camino de Santiago<\/strong>, which will allow travellers to visit and get to know some of the most important natural spaces in Europe, enjoy the observation of their fauna, learn about their history, natural and cultural heritage, gastronomy or ethnography. The visit to each of the stages will be a small adventure that will be recorded in a passport designed specifically for this project and that will require the fulfillment of a few simple challenges. The challenges have no other objective than to ensure that the traveller visits the tourist points of greatest interest at each stage.   <\/p>\n<p>&nbsp;<\/p>\n","protected":false},"author":11,"featured_media":35706,"template":"","meta":{"_acf_changed":false},"palabras_clave":[403,406,371,405,404],"class_list":["post-97858177","actualidad_home","type-actualidad_home","status-publish","has-post-thumbnail","hentry","palabras_clave-aves","palabras_clave-birdflyway","palabras_clave-humedales","palabras_clave-migratorias","palabras_clave-ruta"],"acf":[],"yoast_head":"<!-- This site is optimized with the Yoast SEO plugin v26.9 - https:\/\/yoast.com\/product\/yoast-seo-wordpress\/ -->\n<title>BirdFlyAway invites us to travel the migratory route of the greylag goose and osprey - Fundaci\u00f3n Biodiversidad<\/title>\n<meta name=\"robots\" content=\"index, follow, max-snippet:-1, max-image-preview:large, max-video-preview:-1\" \/>\n<link rel=\"canonical\" href=\"https:\/\/fundacion-biodiversidad.es\/en\/actualidad_home\/birdflyaway-invites-us-to-travel-the-migratory-route-of-the-greylag-goose-and-osprey\/\" \/>\n<meta property=\"og:locale\" content=\"en_US\" \/>\n<meta property=\"og:type\" content=\"article\" \/>\n<meta property=\"og:title\" content=\"BirdFlyAway invites us to travel the migratory route of the greylag goose and osprey - Fundaci\u00f3n Biodiversidad\" \/>\n<meta property=\"og:description\" content=\"The Secretary of State for the Environment, Pablo Saavedra, presented today at the Seville headquarters of the Biodiversity Foundation the project La Ruta de las [&hellip;]\" \/>\n<meta property=\"og:url\" content=\"https:\/\/fundacion-biodiversidad.es\/en\/actualidad_home\/birdflyaway-invites-us-to-travel-the-migratory-route-of-the-greylag-goose-and-osprey\/\" \/>\n<meta property=\"og:site_name\" content=\"Fundaci\u00f3n Biodiversidad\" \/>\n<meta property=\"og:image\" content=\"https:\/\/fundacion-biodiversidad.es\/wp-content\/uploads\/2023\/01\/2487661294_35330241_720x405.png\" \/>\n\t<meta property=\"og:image:width\" content=\"720\" \/>\n\t<meta property=\"og:image:height\" content=\"405\" \/>\n\t<meta property=\"og:image:type\" content=\"image\/png\" \/>\n<meta name=\"twitter:card\" content=\"summary_large_image\" \/>\n<meta name=\"twitter:label1\" content=\"Est. reading time\" \/>\n\t<meta name=\"twitter:data1\" content=\"2 minutes\" \/>\n<script type=\"application\/ld+json\" class=\"yoast-schema-graph\">{\"@context\":\"https:\/\/schema.org\",\"@graph\":[{\"@type\":\"WebPage\",\"@id\":\"https:\/\/fundacion-biodiversidad.es\/en\/actualidad_home\/birdflyaway-invites-us-to-travel-the-migratory-route-of-the-greylag-goose-and-osprey\/\",\"url\":\"https:\/\/fundacion-biodiversidad.es\/en\/actualidad_home\/birdflyaway-invites-us-to-travel-the-migratory-route-of-the-greylag-goose-and-osprey\/\",\"name\":\"BirdFlyAway invites us to travel the migratory route of the greylag goose and osprey - Fundaci\u00f3n Biodiversidad\",\"isPartOf\":{\"@id\":\"https:\/\/fundacion-biodiversidad.es\/en\/#website\"},\"primaryImageOfPage\":{\"@id\":\"https:\/\/fundacion-biodiversidad.es\/en\/actualidad_home\/birdflyaway-invites-us-to-travel-the-migratory-route-of-the-greylag-goose-and-osprey\/#primaryimage\"},\"image\":{\"@id\":\"https:\/\/fundacion-biodiversidad.es\/en\/actualidad_home\/birdflyaway-invites-us-to-travel-the-migratory-route-of-the-greylag-goose-and-osprey\/#primaryimage\"},\"thumbnailUrl\":\"https:\/\/fundacion-biodiversidad.es\/wp-content\/uploads\/2016\/06\/birdflyway_1.jpg\",\"datePublished\":\"2016-05-05T11:11:27+00:00\",\"breadcrumb\":{\"@id\":\"https:\/\/fundacion-biodiversidad.es\/en\/actualidad_home\/birdflyaway-invites-us-to-travel-the-migratory-route-of-the-greylag-goose-and-osprey\/#breadcrumb\"},\"inLanguage\":\"en-US\",\"potentialAction\":[{\"@type\":\"ReadAction\",\"target\":[\"https:\/\/fundacion-biodiversidad.es\/en\/actualidad_home\/birdflyaway-invites-us-to-travel-the-migratory-route-of-the-greylag-goose-and-osprey\/\"]}]},{\"@type\":\"ImageObject\",\"inLanguage\":\"en-US\",\"@id\":\"https:\/\/fundacion-biodiversidad.es\/en\/actualidad_home\/birdflyaway-invites-us-to-travel-the-migratory-route-of-the-greylag-goose-and-osprey\/#primaryimage\",\"url\":\"https:\/\/fundacion-biodiversidad.es\/wp-content\/uploads\/2016\/06\/birdflyway_1.jpg\",\"contentUrl\":\"https:\/\/fundacion-biodiversidad.es\/wp-content\/uploads\/2016\/06\/birdflyway_1.jpg\",\"width\":480,\"height\":333},{\"@type\":\"BreadcrumbList\",\"@id\":\"https:\/\/fundacion-biodiversidad.es\/en\/actualidad_home\/birdflyaway-invites-us-to-travel-the-migratory-route-of-the-greylag-goose-and-osprey\/#breadcrumb\",\"itemListElement\":[{\"@type\":\"ListItem\",\"position\":1,\"name\":\"Portada\",\"item\":\"https:\/\/fundacion-biodiversidad.es\/en\/inicio\/\"},{\"@type\":\"ListItem\",\"position\":2,\"name\":\"Noticias de actualidad\",\"item\":\"https:\/\/fundacion-biodiversidad.es\/en\/actualidad_home\/\"},{\"@type\":\"ListItem\",\"position\":3,\"name\":\"BirdFlyAway invites us to travel the migratory route of the greylag goose and osprey\"}]},{\"@type\":\"WebSite\",\"@id\":\"https:\/\/fundacion-biodiversidad.es\/en\/#website\",\"url\":\"https:\/\/fundacion-biodiversidad.es\/en\/\",\"name\":\"Fundaci\u00f3n Biodiversidad\",\"description\":\"Fundaci\u00f3n p\u00fablica adscrita al Ministerio para la Transici\u00f3n Ecol\u00f3gica\",\"potentialAction\":[{\"@type\":\"SearchAction\",\"target\":{\"@type\":\"EntryPoint\",\"urlTemplate\":\"https:\/\/fundacion-biodiversidad.es\/en\/?s={search_term_string}\"},\"query-input\":{\"@type\":\"PropertyValueSpecification\",\"valueRequired\":true,\"valueName\":\"search_term_string\"}}],\"inLanguage\":\"en-US\"}]}<\/script>\n<!-- \/ Yoast SEO plugin. -->","yoast_head_json":{"title":"BirdFlyAway invites us to travel the migratory route of the greylag goose and osprey - Fundaci\u00f3n Biodiversidad","robots":{"index":"index","follow":"follow","max-snippet":"max-snippet:-1","max-image-preview":"max-image-preview:large","max-video-preview":"max-video-preview:-1"},"canonical":"https:\/\/fundacion-biodiversidad.es\/en\/actualidad_home\/birdflyaway-invites-us-to-travel-the-migratory-route-of-the-greylag-goose-and-osprey\/","og_locale":"en_US","og_type":"article","og_title":"BirdFlyAway invites us to travel the migratory route of the greylag goose and osprey - Fundaci\u00f3n Biodiversidad","og_description":"The Secretary of State for the Environment, Pablo Saavedra, presented today at the Seville headquarters of the Biodiversity Foundation the project La Ruta de las [&hellip;]","og_url":"https:\/\/fundacion-biodiversidad.es\/en\/actualidad_home\/birdflyaway-invites-us-to-travel-the-migratory-route-of-the-greylag-goose-and-osprey\/","og_site_name":"Fundaci\u00f3n Biodiversidad","og_image":[{"width":720,"height":405,"url":"https:\/\/fundacion-biodiversidad.es\/wp-content\/uploads\/2023\/01\/2487661294_35330241_720x405.png","type":"image\/png"}],"twitter_card":"summary_large_image","twitter_misc":{"Est. reading time":"2 minutes"},"schema":{"@context":"https:\/\/schema.org","@graph":[{"@type":"WebPage","@id":"https:\/\/fundacion-biodiversidad.es\/en\/actualidad_home\/birdflyaway-invites-us-to-travel-the-migratory-route-of-the-greylag-goose-and-osprey\/","url":"https:\/\/fundacion-biodiversidad.es\/en\/actualidad_home\/birdflyaway-invites-us-to-travel-the-migratory-route-of-the-greylag-goose-and-osprey\/","name":"BirdFlyAway invites us to travel the migratory route of the greylag goose and osprey - Fundaci\u00f3n Biodiversidad","isPartOf":{"@id":"https:\/\/fundacion-biodiversidad.es\/en\/#website"},"primaryImageOfPage":{"@id":"https:\/\/fundacion-biodiversidad.es\/en\/actualidad_home\/birdflyaway-invites-us-to-travel-the-migratory-route-of-the-greylag-goose-and-osprey\/#primaryimage"},"image":{"@id":"https:\/\/fundacion-biodiversidad.es\/en\/actualidad_home\/birdflyaway-invites-us-to-travel-the-migratory-route-of-the-greylag-goose-and-osprey\/#primaryimage"},"thumbnailUrl":"https:\/\/fundacion-biodiversidad.es\/wp-content\/uploads\/2016\/06\/birdflyway_1.jpg","datePublished":"2016-05-05T11:11:27+00:00","breadcrumb":{"@id":"https:\/\/fundacion-biodiversidad.es\/en\/actualidad_home\/birdflyaway-invites-us-to-travel-the-migratory-route-of-the-greylag-goose-and-osprey\/#breadcrumb"},"inLanguage":"en-US","potentialAction":[{"@type":"ReadAction","target":["https:\/\/fundacion-biodiversidad.es\/en\/actualidad_home\/birdflyaway-invites-us-to-travel-the-migratory-route-of-the-greylag-goose-and-osprey\/"]}]},{"@type":"ImageObject","inLanguage":"en-US","@id":"https:\/\/fundacion-biodiversidad.es\/en\/actualidad_home\/birdflyaway-invites-us-to-travel-the-migratory-route-of-the-greylag-goose-and-osprey\/#primaryimage","url":"https:\/\/fundacion-biodiversidad.es\/wp-content\/uploads\/2016\/06\/birdflyway_1.jpg","contentUrl":"https:\/\/fundacion-biodiversidad.es\/wp-content\/uploads\/2016\/06\/birdflyway_1.jpg","width":480,"height":333},{"@type":"BreadcrumbList","@id":"https:\/\/fundacion-biodiversidad.es\/en\/actualidad_home\/birdflyaway-invites-us-to-travel-the-migratory-route-of-the-greylag-goose-and-osprey\/#breadcrumb","itemListElement":[{"@type":"ListItem","position":1,"name":"Portada","item":"https:\/\/fundacion-biodiversidad.es\/en\/inicio\/"},{"@type":"ListItem","position":2,"name":"Noticias de actualidad","item":"https:\/\/fundacion-biodiversidad.es\/en\/actualidad_home\/"},{"@type":"ListItem","position":3,"name":"BirdFlyAway invites us to travel the migratory route of the greylag goose and osprey"}]},{"@type":"WebSite","@id":"https:\/\/fundacion-biodiversidad.es\/en\/#website","url":"https:\/\/fundacion-biodiversidad.es\/en\/","name":"Fundaci\u00f3n Biodiversidad","description":"Fundaci\u00f3n p\u00fablica adscrita al Ministerio para la Transici\u00f3n Ecol\u00f3gica","potentialAction":[{"@type":"SearchAction","target":{"@type":"EntryPoint","urlTemplate":"https:\/\/fundacion-biodiversidad.es\/en\/?s={search_term_string}"},"query-input":{"@type":"PropertyValueSpecification","valueRequired":true,"valueName":"search_term_string"}}],"inLanguage":"en-US"}]}},"_links":{"self":[{"href":"https:\/\/fundacion-biodiversidad.es\/en\/wp-json\/wp\/v2\/actualidad_home\/97858177","targetHints":{"allow":["GET"]}}],"collection":[{"href":"https:\/\/fundacion-biodiversidad.es\/en\/wp-json\/wp\/v2\/actualidad_home"}],"about":[{"href":"https:\/\/fundacion-biodiversidad.es\/en\/wp-json\/wp\/v2\/types\/actualidad_home"}],"author":[{"embeddable":true,"href":"https:\/\/fundacion-biodiversidad.es\/en\/wp-json\/wp\/v2\/users\/11"}],"wp:featuredmedia":[{"embeddable":true,"href":"https:\/\/fundacion-biodiversidad.es\/en\/wp-json\/wp\/v2\/media\/35706"}],"wp:attachment":[{"href":"https:\/\/fundacion-biodiversidad.es\/en\/wp-json\/wp\/v2\/media?parent=97858177"}],"wp:term":[{"taxonomy":"palabras_clave","embeddable":true,"href":"https:\/\/fundacion-biodiversidad.es\/en\/wp-json\/wp\/v2\/palabras_clave?post=97858177"}],"curies":[{"name":"wp","href":"https:\/\/api.w.org\/{rel}","templated":true}]}}